{"id":10153,"date":"2017-05-04T16:43:30","date_gmt":"2017-05-04T19:43:30","guid":{"rendered":"http:\/\/www.institutosantosdumont.org.br\/?p=10153"},"modified":"2017-05-04T16:43:30","modified_gmt":"2017-05-04T19:43:30","slug":"iv-simposio-neuroengenharia","status":"publish","type":"post","link":"https:\/\/institutosantosdumont.org.br\/en\/iv-simposio-neuroengenharia\/","title":{"rendered":"IIN-ELS promotes the IV Neuroengineering Symposium"},"content":{"rendered":"<h3>IIN-ELS promotes the IV Neuroengineering Symposium<\/h3>\n<p><em>04\/05\/2017<\/em><\/p>\n<p><em>Text: Luiz Paulo Juttel \/ Ascom \u2013 ISD<\/em><\/p>\n<p><\/br><\/p>\n<p>O <strong>Edmond and Lily Safra International Institute of Neuroscience (IIN-ELS)<\/strong>, of <strong>Santos Dumont Institute (ISD)<\/strong>, will perform the <strong>IV Neuroengineering Symposium<\/strong> in the days <b>July 27th and 28th, 2017,<\/b> in Maca\u00edba-RN. The event will feature lectures, discussions and practical sessions that aim to complement the training of future researchers and teachers in the area, with the ability to generate new knowledge through the execution of independent research.<\/p>\n<p>In 2016, more than 100 people participated in the event, which, in its fourth edition, features renowned speakers, such as:<\/p>\n<ul>\n<li><strong>Prof. Dr. Jo\u00e3o Carlos Machado (UFRJ)<\/strong> (<a href=\"http:\/\/lattes.cnpq.br\/3469210787166763\" target=\"_blank\" rel=\"noopener noreferrer nofollow\">Curriculum lattes<\/a>)<\/li>\n<li><strong>Prof. Dr. Adriano de Oliveira Andrade (UFU)<\/strong> (<a href=\"http:\/\/lattes.cnpq.br\/1229329519982110\" target=\"_blank\" rel=\"noopener noreferrer nofollow\">Curriculum lattes<\/a>)<\/li>\n<li><b>Prof. Dr. Antonio Marcus Nogueira Lima (UFCG)<\/b> (<a href=\"http:\/\/lattes.cnpq.br\/2237395961717699\" target=\"_blank\" rel=\"noopener noreferrer nofollow\">Curriculum lattes<\/a>)<\/li>\n<li><b>Prof. Dr. Alexandre Okano (UFRN)<\/b> (<a href=\"http:\/\/lattes.cnpq.br\/9586370984131426\" target=\"_blank\" rel=\"noopener noreferrer nofollow\">Curriculum lattes<\/a>)<\/li>\n<li><b>Prof. Dr. Beatriz Stransky Ferreira (UFRN)<\/b> (<a href=\"http:\/\/lattes.cnpq.br\/3142264445097872\" target=\"_blank\" rel=\"noopener noreferrer nofollow\">Curriculum lattes<\/a>)<\/li>\n<li><b>Prof. Dr. Hougelle Simpl\u00edcio (ISD, UERN)<\/b> (<a href=\"http:\/\/lattes.cnpq.br\/8106489023372032\" target=\"_blank\" rel=\"noopener noreferrer nofollow\">Curriculum lattes<\/a>)<\/li>\n<li><b>Prof. Dr. Mariana Ara\u00fajo (ISD)<\/b> (<a href=\"http:\/\/lattes.cnpq.br\/8680061079519776\" target=\"_blank\" rel=\"noopener noreferrer nofollow\">Curriculum lattes<\/a>)<\/li>\n<\/ul>\n<p>&nbsp;<\/p>\n<p>This year, we celebrate the <strong>200th anniversary of the publication of the article \u201cShaking Palsy\u201d <\/strong>by James Parkinson. IIN-ELS will honor this date by inviting experts to compose the <strong>round table entitled \u201cParkinson\u2019s Disease \u2013 Advances and Challenges\u201d<\/strong>. The program continues with other topics relevant to Neuroengineering, such as <strong>brain-machine interfaces<\/strong> It is <strong>neuromodulation<\/strong>, addressed in the format of lectures, oral presentations of papers, poster sessions, mini-courses \u2013 hands on and guided tours.<\/p>\n<p>The target audience of the IV Neuroengineering Symposium includes students (high school, undergraduate and graduate) and professionals in the areas of health, biological, engineering or technological sciences. The event will be held at <strong>Paulo Freire Auditorium \u2013 Anita Garibaldi Center for Education and Research in Health (CEPS\/ISD)<\/strong>, in Maca\u00edba-RN.<\/p>\n<p>Registrations can be made at <strong>event website (<a href=\"https:\/\/institutosantosdumont.org.br\/en\/simposio-neuroengenharia\/\" target=\"_blank\">https:\/\/institutosantosdumont.org.br\/simposio-neuroengenharia<\/a>)<\/strong>, at the cost of<strong> R$ 30.00<\/strong> per participant, until the day<strong> July 18, 2017<\/strong>. Interested parties may submit <strong>scientific works<\/strong> for the <strong>poster session<\/strong> until June 18, 2017.<\/p>\n<p>The IV Neuroengineering Symposium of IIN-ELS \/ ISD is supported by <strong>Brazilian Society of Biomedical Engineering (SBEB)<\/strong>, from the <strong>Higher Education Personnel Improvement Coordination (CAPES)<\/strong> It&#039;s from <strong>Ministry of Education (MEC)<\/strong>.<\/p>\n<p><\/br><\/p>\n<p>[column width=\u201d1\/1\u2033 last=\u201dtrue\u201d title=\u201d\u201d title_type=\u201dsingle\u201d divider=\u201dfalse\u201d implicit=\u201dtrue\u201d]<\/p>\n<h4>SUPPORT:<\/h4>\n<p>[\/column]<\/p>\n<p>[column width=\u201d1\/3\u2033 title=\u201d\u201d title_type=\u201dsingle\u201d divider=\u201dfalse\u201d implicit=\u201dtrue\u201d]<\/p>\n<p><a href=\"https:\/\/www.facebook.com\/sbeb.org.br\/\" target=\"_blank\" rel=\"noopener noreferrer nofollow\"><img decoding=\"async\" class=\"aligncenter wp-image-10130 size-medium\" src=\"https:\/\/institutosantosdumont.org.br\/wp-content\/uploads\/logo-sbeb-300x161.png\" alt=\"logo-sbeb\" width=\"300\" height=\"161\" \/><\/a><\/p>\n<p>[\/column]<\/p>\n<p>[column width=\u201d1\/3\u2033 title=\u201d\u201d title_type=\u201dsingle\u201d divider=\u201dfalse\u201d implicit=\u201dtrue\u201d]<\/p>\n<p><a href=\"http:\/\/www.capes.gov.br\/\" target=\"_blank\" rel=\"noopener noreferrer nofollow\"><img decoding=\"async\" class=\"aligncenter wp-image-10139 size-medium\" src=\"https:\/\/institutosantosdumont.org.br\/wp-content\/uploads\/logo-capes-300x161.png\" alt=\"logo-capes\" width=\"300\" height=\"161\" \/><\/a><\/p>\n<p>[\/column]<\/p>\n<p>[column width=\u201d1\/3\u2033 last=\u201dtrue\u201d title=\u201d\u201d title_type=\u201dsingle\u201d divider=\u201dfalse\u201d implicit=\u201dtrue\u201d]<\/p>\n<p><a href=\"http:\/\/portal.mec.gov.br\/\" target=\"_blank\" rel=\"noopener noreferrer nofollow\"><img decoding=\"async\" class=\"aligncenter wp-image-10133 size-medium\" src=\"https:\/\/institutosantosdumont.org.br\/wp-content\/uploads\/logo-mec-300x161.png\" width=\"300\" height=\"161\" \/><\/a><\/p>\n<p>[\/column]<\/p>\n<p>[column width=\u201d1\/1\u2033 last=\u201dtrue\u201d title=\u201d\u201d title_type=\u201dsingle\u201d divider=\u201dfalse\u201d implicit=\u201dtrue\u201d]<\/p>\n<h4>SPONSORSHIP:<\/h4>\n<p>[\/column]<\/p>\n<p>[column width=\u201d1\/3\u2033 title=\u201d\u201d title_type=\u201dsingle\u201d divider=\u201dfalse\u201d implicit=\u201dtrue\u201d]<\/p>\n<p><a href=\"https:\/\/www.alescobrasil.com.br\/\" target=\"_blank\" rel=\"noopener noreferrer nofollow\"><img loading=\"lazy\" decoding=\"async\" class=\"aligncenter wp-image-10224 size-medium\" src=\"https:\/\/institutosantosdumont.org.br\/wp-content\/uploads\/logo-alesco-300x161.png\" width=\"300\" height=\"161\" \/><\/a><\/p>\n<p>[\/column]<\/p>\n<p>[column width=\u201d1\/3\u2033 title=\u201d\u201d title_type=\u201dsingle\u201d divider=\u201dfalse\u201d implicit=\u201dtrue\u201d]<\/p>\n<p><a href=\"https:\/\/www.brainsupport.com.br\/\" target=\"_blank\" rel=\"noopener noreferrer nofollow\"><img loading=\"lazy\" decoding=\"async\" class=\"aligncenter wp-image-10225 size-medium\" src=\"https:\/\/institutosantosdumont.org.br\/wp-content\/uploads\/logo-brain-support-300x161.png\" width=\"300\" height=\"161\" \/><\/a><\/p>\n<p>[\/column]<\/p>\n<p>[column width=\u201d1\/3\u2033 last=\u201dtrue\u201d title=\u201d\u201d title_type=\u201dsingle\u201d divider=\u201dfalse\u201d implicit=\u201dtrue\u201d]<\/p>\n<p style=\"text-align: center;\"><a href=\"https:\/\/www.analiticaweb.com.br\/\" target=\"_blank\" rel=\"noopener noreferrer nofollow\"><img loading=\"lazy\" decoding=\"async\" class=\"aligncenter wp-image-10362 size-full\" src=\"https:\/\/institutosantosdumont.org.br\/wp-content\/uploads\/logo-analitica.png\" alt=\"logo-analitica\" width=\"908\" height=\"486\" \/><\/a><\/p>\n<p>[\/column]<\/p>","protected":false},"excerpt":{"rendered":"<p>IIN-ELS promove o IV Simp\u00f3sio de Neuroengenharia 04\/05\/2017 Texto: Luiz Paulo Juttel \/ Ascom &#8211; ISD O Instituto Internacional de Neuroci\u00eancias Edmond e Lily Safra (IIN-ELS), do Instituto Santos Dumont (ISD), vai realizar\u00a0o IV Simp\u00f3sio de Neuroengenharia nos dias 27 e 28 de julho de 2017, em Maca\u00edba-RN. O evento trar\u00e1 palestras, discuss\u00f5es e sess\u00f5es [&hellip;]<\/p>","protected":false},"author":1,"featured_media":10154,"comment_status":"closed","ping_status":"closed","sticky":false,"template":"","format":"standard","meta":{"_acf_changed":false,"footnotes":""},"categories":[1],"tags":[],"class_list":["post-10153","post","type-post","status-publish","format-standard","has-post-thumbnail","hentry","category-destaque_noticia"],"acf":[],"_links":{"self":[{"href":"https:\/\/institutosantosdumont.org.br\/en\/wp-json\/wp\/v2\/posts\/10153","targetHints":{"allow":["GET"]}}],"collection":[{"href":"https:\/\/institutosantosdumont.org.br\/en\/wp-json\/wp\/v2\/posts"}],"about":[{"href":"https:\/\/institutosantosdumont.org.br\/en\/wp-json\/wp\/v2\/types\/post"}],"author":[{"embeddable":true,"href":"https:\/\/institutosantosdumont.org.br\/en\/wp-json\/wp\/v2\/users\/1"}],"replies":[{"embeddable":true,"href":"https:\/\/institutosantosdumont.org.br\/en\/wp-json\/wp\/v2\/comments?post=10153"}],"version-history":[{"count":0,"href":"https:\/\/institutosantosdumont.org.br\/en\/wp-json\/wp\/v2\/posts\/10153\/revisions"}],"wp:featuredmedia":[{"embeddable":true,"href":"https:\/\/institutosantosdumont.org.br\/en\/wp-json\/"}],"wp:attachment":[{"href":"https:\/\/institutosantosdumont.org.br\/en\/wp-json\/wp\/v2\/media?parent=10153"}],"wp:term":[{"taxonomy":"category","embeddable":true,"href":"https:\/\/institutosantosdumont.org.br\/en\/wp-json\/wp\/v2\/categories?post=10153"},{"taxonomy":"post_tag","embeddable":true,"href":"https:\/\/institutosantosdumont.org.br\/en\/wp-json\/wp\/v2\/tags?post=10153"}],"curies":[{"name":"wp","href":"https:\/\/api.w.org\/{rel}","templated":true}]}}