{"id":11668,"date":"2017-09-14T10:37:34","date_gmt":"2017-09-14T13:37:34","guid":{"rendered":"http:\/\/www.institutosantosdumont.org.br\/?p=11668"},"modified":"2017-09-22T14:43:33","modified_gmt":"2017-09-22T17:43:33","slug":"nota-pesar-antonio-hare","status":"publish","type":"post","link":"https:\/\/institutosantosdumont.org.br\/en\/nota-pesar-antonio-hare\/","title":{"rendered":"Note of regret \u2013 Ant\u00f4nio Hare"},"content":{"rendered":"<div data-elementor-type=\"wp-post\" data-elementor-id=\"11668\" class=\"elementor elementor-11668 elementor-bc-flex-widget\" data-elementor-post-type=\"post\">\n\t\t\t\t\t\t<section class=\"elementor-section elementor-top-section elementor-element elementor-element-badrksz elementor-section-boxed elementor-section-height-default elementor-section-height-default\" data-id=\"badrksz\" data-element_type=\"section\">\n\t\t\t\t\t\t<div class=\"elementor-container elementor-column-gap-default\">\n\t\t\t\t\t<div class=\"elementor-column elementor-col-100 elementor-top-column elementor-element elementor-element-xyrtumi\" data-id=\"xyrtumi\" data-element_type=\"column\">\n\t\t\t<div class=\"elementor-widget-wrap elementor-element-populated\">\n\t\t\t\t\t\t<div class=\"elementor-element elementor-element-9p3c51k elementor-widget elementor-widget-text-editor\" data-id=\"9p3c51k\" data-element_type=\"widget\" data-widget_type=\"text-editor.default\">\n\t\t\t\t<div class=\"elementor-widget-container\">\n\t\t\t\t\t\t\t\t\t<div class=\"gmail_default\">The team of <strong>Science Education Centers (CECs)<\/strong> deeply regrets the death, on September 11, 2017, of the artist <strong>Antonio Alves de Souza<\/strong>, known as <strong>Antonio Hare<\/strong>. He was an assistant at the Science and Art workshop at the CEC of Maca\u00edba-RN in 2008 and over time he collaborated numerous times with the CECs, participating in conversations with students about his work and also about artistic practice. His last interaction with CEC Maca\u00edba was last July, during an activity at the Science and History Workshop, which promoted dialogue between students and artists from Rio Grande do Norte from the most varied areas (Check out the article <a href=\"https:\/\/institutosantosdumont.org.br\/en\/2017\/07\/28\/interacao-alunos-artistas-rn\/\" target=\"_blank\" rel=\"noopener noreferrer\"><strong>HERE<\/strong><\/a>).\u00a0<\/div>\t\t\t\t\t\t\t\t<\/div>\n\t\t\t\t<\/div>\n\t\t\t\t<section class=\"elementor-section elementor-inner-section elementor-element elementor-element-3epgq98 elementor-section-boxed elementor-section-height-default elementor-section-height-default\" data-id=\"3epgq98\" data-element_type=\"section\">\n\t\t\t\t\t\t<div class=\"elementor-container elementor-column-gap-default\">\n\t\t\t\t\t<div class=\"elementor-column elementor-col-100 elementor-inner-column elementor-element elementor-element-efge813\" data-id=\"efge813\" data-element_type=\"column\">\n\t\t\t<div class=\"elementor-widget-wrap elementor-element-populated\">\n\t\t\t\t\t\t<div class=\"elementor-element elementor-element-cv9j1bf elementor-widget elementor-widget-image\" data-id=\"cv9j1bf\" data-element_type=\"widget\" data-widget_type=\"image.default\">\n\t\t\t\t<div class=\"elementor-widget-container\">\n\t\t\t\t\t\t\t\t\t\t\t\t<figure class=\"wp-caption\">\n\t\t\t\t\t\t\t\t\t\t<img fetchpriority=\"high\" decoding=\"async\" width=\"768\" height=\"576\" src=\"https:\/\/institutosantosdumont.org.br\/wp-content\/uploads\/2017\/09\/Antonio_menor-768x576.jpg\" class=\"attachment-medium_large size-medium_large wp-image-11670\" alt=\"\" srcset=\"https:\/\/institutosantosdumont.org.br\/wp-content\/uploads\/2017\/09\/Antonio_menor-768x576.jpg 768w, https:\/\/institutosantosdumont.org.br\/wp-content\/uploads\/2017\/09\/Antonio_menor-300x225.jpg 300w, https:\/\/institutosantosdumont.org.br\/wp-content\/uploads\/2017\/09\/Antonio_menor-1024x768.jpg 1024w, https:\/\/institutosantosdumont.org.br\/wp-content\/uploads\/2017\/09\/Antonio_menor.jpg 1300w\" sizes=\"(max-width: 768px) 100vw, 768px\" \/>\t\t\t\t\t\t\t\t\t\t\t<figcaption class=\"widget-image-caption wp-caption-text\">Ant\u00f4nio Hare among some students at CEC Maca\u00edba in 2008.<\/figcaption>\n\t\t\t\t\t\t\t\t\t\t<\/figure>\n\t\t\t\t\t\t\t\t\t<\/div>\n\t\t\t\t<\/div>\n\t\t\t\t\t<\/div>\n\t\t<\/div>\n\t\t\t\t\t<\/div>\n\t\t<\/section>\n\t\t\t\t<div class=\"elementor-element elementor-element-v60k29e elementor-widget elementor-widget-text-editor\" data-id=\"v60k29e\" data-element_type=\"widget\" data-widget_type=\"text-editor.default\">\n\t\t\t\t<div class=\"elementor-widget-container\">\n\t\t\t\t\t\t\t\t\t<h3 class=\"gmail_default\"><strong>About Antonio Hare<\/strong><\/h3><div class=\"gmail_default\">\u00a0<\/div><div class=\"gmail_default\">The artist was born in Natal-RN and was 51 years old. He had a degree in aquaculture from the Federal University of Rio Grande do Norte (UFRN) and also had training in fine arts and as an art educator, with a qualification in music. In recent times, Hare has produced his works showing the diversity of possibilities for reusing trash objects, composing works within a concept he calls \u201c<strong>SUSTAIN<\/strong>\u201d. By transforming trash into art, Ant\u00f4nio Hare provoked reflections on exaggerated consumption and the throwaway culture. The Santos Dumont Institute pays tribute to the artist with images of some of his moments at the Institution and expresses solidarity with his family and friends, especially his wife <strong>Rachel Dantas<\/strong>, pedagogical advisor to the CECs.<\/div>\t\t\t\t\t\t\t\t<\/div>\n\t\t\t\t<\/div>\n\t\t\t\t<section class=\"elementor-section elementor-inner-section elementor-element elementor-element-3cq2p1l elementor-section-boxed elementor-section-height-default elementor-section-height-default\" data-id=\"3cq2p1l\" data-element_type=\"section\">\n\t\t\t\t\t\t<div class=\"elementor-container elementor-column-gap-default\">\n\t\t\t\t\t<div class=\"elementor-column elementor-col-100 elementor-inner-column elementor-element elementor-element-2avuvch\" data-id=\"2avuvch\" data-element_type=\"column\">\n\t\t\t<div class=\"elementor-widget-wrap elementor-element-populated\">\n\t\t\t\t\t\t<div class=\"elementor-element elementor-element-357uwtr elementor-widget elementor-widget-image\" data-id=\"357uwtr\" data-element_type=\"widget\" data-widget_type=\"image.default\">\n\t\t\t\t<div class=\"elementor-widget-container\">\n\t\t\t\t\t\t\t\t\t\t\t\t<figure class=\"wp-caption\">\n\t\t\t\t\t\t\t\t\t\t<img decoding=\"async\" width=\"800\" height=\"532\" src=\"https:\/\/institutosantosdumont.org.br\/wp-content\/uploads\/2017\/08\/artista-antonio-hare-1024x681.jpg\" class=\"attachment-large size-large wp-image-11236\" alt=\"\" srcset=\"https:\/\/institutosantosdumont.org.br\/wp-content\/uploads\/2017\/08\/artista-antonio-hare-1024x681.jpg 1024w, https:\/\/institutosantosdumont.org.br\/wp-content\/uploads\/2017\/08\/artista-antonio-hare-300x200.jpg 300w, https:\/\/institutosantosdumont.org.br\/wp-content\/uploads\/2017\/08\/artista-antonio-hare-768x511.jpg 768w, https:\/\/institutosantosdumont.org.br\/wp-content\/uploads\/2017\/08\/artista-antonio-hare.jpg 1300w\" sizes=\"(max-width: 800px) 100vw, 800px\" \/>\t\t\t\t\t\t\t\t\t\t\t<figcaption class=\"widget-image-caption wp-caption-text\">The artist in conversation with students from the Science and History workshop at CEC Maca\u00edba, in July 2017.<\/figcaption>\n\t\t\t\t\t\t\t\t\t\t<\/figure>\n\t\t\t\t\t\t\t\t\t<\/div>\n\t\t\t\t<\/div>\n\t\t\t\t\t<\/div>\n\t\t<\/div>\n\t\t\t\t\t<\/div>\n\t\t<\/section>\n\t\t\t\t<div class=\"elementor-element elementor-element-akxntsc elementor-widget-divider--view-line elementor-widget elementor-widget-divider\" data-id=\"akxntsc\" data-element_type=\"widget\" data-widget_type=\"divider.default\">\n\t\t\t\t<div class=\"elementor-widget-container\">\n\t\t\t\t\t\t\t<div class=\"elementor-divider\">\n\t\t\t<span class=\"elementor-divider-separator\">\n\t\t\t\t\t\t<\/span>\n\t\t<\/div>\n\t\t\t\t\t\t<\/div>\n\t\t\t\t<\/div>\n\t\t\t\t<div class=\"elementor-element elementor-element-cbegmth elementor-widget elementor-widget-spacer\" data-id=\"cbegmth\" data-element_type=\"widget\" data-widget_type=\"spacer.default\">\n\t\t\t\t<div class=\"elementor-widget-container\">\n\t\t\t\t\t\t\t<div class=\"elementor-spacer\">\n\t\t\t<div class=\"elementor-spacer-inner\"><\/div>\n\t\t<\/div>\n\t\t\t\t\t\t<\/div>\n\t\t\t\t<\/div>\n\t\t\t\t<section class=\"elementor-section elementor-inner-section elementor-element elementor-element-fqjcjpy elementor-section-boxed elementor-section-height-default elementor-section-height-default\" data-id=\"fqjcjpy\" data-element_type=\"section\">\n\t\t\t\t\t\t<div class=\"elementor-container elementor-column-gap-default\">\n\t\t\t\t\t<div class=\"elementor-column elementor-col-50 elementor-inner-column elementor-element elementor-element-igkixcb\" data-id=\"igkixcb\" data-element_type=\"column\">\n\t\t\t<div class=\"elementor-widget-wrap elementor-element-populated\">\n\t\t\t\t\t\t<div class=\"elementor-element elementor-element-nuosfzy elementor-view-default elementor-widget elementor-widget-icon\" data-id=\"nuosfzy\" data-element_type=\"widget\" data-widget_type=\"icon.default\">\n\t\t\t\t<div class=\"elementor-widget-container\">\n\t\t\t\t\t\t\t<div class=\"elementor-icon-wrapper\">\n\t\t\t<div class=\"elementor-icon\">\n\t\t\t\t\t\t\t<i class=\"fa fa-pencil-square-o\" aria-hidden=\"true\"><\/i>\n\t\t\t\t\t\t<\/div>\n\t\t<\/div>\n\t\t\t\t\t\t<\/div>\n\t\t\t\t<\/div>\n\t\t\t\t<div class=\"elementor-element elementor-element-siczxod elementor-widget elementor-widget-text-editor\" data-id=\"siczxod\" data-element_type=\"widget\" data-widget_type=\"text-editor.default\">\n\t\t\t\t<div class=\"elementor-widget-container\">\n\t\t\t\t\t\t\t\t\t<p><strong>Text:<\/strong>\u00a0Ariane Mondo \/ Ascom \u2013 ISD<\/p><p><strong>Photos:<\/strong>\u00a0CECs Disclosure<\/p>\t\t\t\t\t\t\t\t<\/div>\n\t\t\t\t<\/div>\n\t\t\t\t<div class=\"elementor-element elementor-element-rclpumt elementor-widget elementor-widget-text-editor\" data-id=\"rclpumt\" data-element_type=\"widget\" data-widget_type=\"text-editor.default\">\n\t\t\t\t<div class=\"elementor-widget-container\">\n\t\t\t\t\t\t\t\t\t<p><strong>Communication Office<\/strong><br \/>comunicacao@isd.org.br<br \/>(84) 99416-1880<\/p>\t\t\t\t\t\t\t\t<\/div>\n\t\t\t\t<\/div>\n\t\t\t\t\t<\/div>\n\t\t<\/div>\n\t\t\t\t<div class=\"elementor-column elementor-col-50 elementor-inner-column elementor-element elementor-element-tsqybao\" data-id=\"tsqybao\" data-element_type=\"column\" data-settings=\"{&quot;background_background&quot;:&quot;classic&quot;}\">\n\t\t\t<div class=\"elementor-widget-wrap elementor-element-populated\">\n\t\t\t\t\t\t<div class=\"elementor-element elementor-element-azvhqzr elementor-widget elementor-widget-text-editor\" data-id=\"azvhqzr\" data-element_type=\"widget\" data-widget_type=\"text-editor.default\">\n\t\t\t\t<div class=\"elementor-widget-container\">\n\t\t\t\t\t\t\t\t\t<h3><span style=\"color: #ffffff;\">Santos Dumont Institute (ISD)<\/span><\/h3><p><span style=\"color: #ffffff;\">Social organization that maintains ties with the Ministry of Education (MEC) and whose mission is to promote education for life, forming citizens through integrated teaching, research and extension actions and to contribute to a fairer and more humane transformation of the Brazilian social reality.<\/span><\/p>\t\t\t\t\t\t\t\t<\/div>\n\t\t\t\t<\/div>\n\t\t\t\t\t<\/div>\n\t\t<\/div>\n\t\t\t\t\t<\/div>\n\t\t<\/section>\n\t\t\t\t\t<\/div>\n\t\t<\/div>\n\t\t\t\t\t<\/div>\n\t\t<\/section>\n\t\t\t\t<\/div>","protected":false},"excerpt":{"rendered":"<p>A equipe dos Centros de Educa\u00e7\u00e3o Cient\u00edfica (CECs) lamenta profundamente o falecimento, em 11 de setembro de 2017, do artista pl\u00e1stico Ant\u00f4nio Alves de Souza, conhecido como Ant\u00f4nio Hare. Ele foi assistente da oficina de Ci\u00eancia e Arte do CEC de Maca\u00edba-RN no ano de 2008 e ao longo do tempo colaborou in\u00fameras vezes com [&hellip;]<\/p>","protected":false},"author":6,"featured_media":11672,"comment_status":"open","ping_status":"open","sticky":false,"template":"","format":"standard","meta":{"_acf_changed":false,"footnotes":""},"categories":[1],"tags":[278,102,108,54,60],"class_list":["post-11668","post","type-post","status-publish","format-standard","has-post-thumbnail","hentry","category-destaque_noticia","tag-antonio-hare","tag-centro-de-educacao-cientifica","tag-educacao-cientifica","tag-instituto-santos-dumont","tag-macaiba"],"acf":[],"_links":{"self":[{"href":"https:\/\/institutosantosdumont.org.br\/en\/wp-json\/wp\/v2\/posts\/11668","targetHints":{"allow":["GET"]}}],"collection":[{"href":"https:\/\/institutosantosdumont.org.br\/en\/wp-json\/wp\/v2\/posts"}],"about":[{"href":"https:\/\/institutosantosdumont.org.br\/en\/wp-json\/wp\/v2\/types\/post"}],"author":[{"embeddable":true,"href":"https:\/\/institutosantosdumont.org.br\/en\/wp-json\/wp\/v2\/users\/6"}],"replies":[{"embeddable":true,"href":"https:\/\/institutosantosdumont.org.br\/en\/wp-json\/wp\/v2\/comments?post=11668"}],"version-history":[{"count":0,"href":"https:\/\/institutosantosdumont.org.br\/en\/wp-json\/wp\/v2\/posts\/11668\/revisions"}],"wp:featuredmedia":[{"embeddable":true,"href":"https:\/\/institutosantosdumont.org.br\/en\/wp-json\/wp\/v2\/media\/11672"}],"wp:attachment":[{"href":"https:\/\/institutosantosdumont.org.br\/en\/wp-json\/wp\/v2\/media?parent=11668"}],"wp:term":[{"taxonomy":"category","embeddable":true,"href":"https:\/\/institutosantosdumont.org.br\/en\/wp-json\/wp\/v2\/categories?post=11668"},{"taxonomy":"post_tag","embeddable":true,"href":"https:\/\/institutosantosdumont.org.br\/en\/wp-json\/wp\/v2\/tags?post=11668"}],"curies":[{"name":"wp","href":"https:\/\/api.w.org\/{rel}","templated":true}]}}