{"id":11904,"date":"2017-09-10T10:12:28","date_gmt":"2017-09-10T13:12:28","guid":{"rendered":"http:\/\/www.institutosantosdumont.org.br\/?p=11904"},"modified":"2017-09-27T11:56:45","modified_gmt":"2017-09-27T14:56:45","slug":"cec-macaiba-participa-seminario-internacional-educacao","status":"publish","type":"post","link":"https:\/\/institutosantosdumont.org.br\/en\/cec-macaiba-participa-seminario-internacional-educacao\/","title":{"rendered":"CEC Maca\u00edba educator participates in International Education Seminar"},"content":{"rendered":"<div data-elementor-type=\"wp-post\" data-elementor-id=\"11904\" class=\"elementor elementor-11904 elementor-bc-flex-widget\" data-elementor-post-type=\"post\">\n\t\t\t\t\t\t<section class=\"elementor-section elementor-top-section elementor-element elementor-element-qrbielx elementor-section-boxed elementor-section-height-default elementor-section-height-default\" data-id=\"qrbielx\" data-element_type=\"section\">\n\t\t\t\t\t\t<div class=\"elementor-container elementor-column-gap-default\">\n\t\t\t\t\t<div class=\"elementor-column elementor-col-100 elementor-top-column elementor-element elementor-element-ujvefsr\" data-id=\"ujvefsr\" data-element_type=\"column\">\n\t\t\t<div class=\"elementor-widget-wrap elementor-element-populated\">\n\t\t\t\t\t\t<div class=\"elementor-element elementor-element-a92q58c elementor-widget elementor-widget-text-editor\" data-id=\"a92q58c\" data-element_type=\"widget\" data-widget_type=\"text-editor.default\">\n\t\t\t\t<div class=\"elementor-widget-container\">\n\t\t\t\t\t\t\t\t\t<p>On August 30th, the educator of <strong>Science Education Center (CEC)<\/strong> from Maca\u00edba-RN, <strong>Sidinei Jose Schneider<\/strong>, participated in the <strong>IV International Seminar: Dialogues with Paulo Freire<\/strong>, which took place at the Central Campus of the Federal Institute of Rio Grande do Norte (IFRN), in Natal-RN.<\/p><p>Sidinei, who is a historian by training, presented a paper in a discussion group with education professionals from several Brazilian states. Under the theme \u201c<strong>Classroom experiences: observing practice to reformulate myself as an educator<\/strong>&quot;, he explained about his experience as an educator at the Science and History Workshop at CEC Maca\u00edba, and how Freire&#039;s pedagogy has supported and improved his practice in education. He commented on the structure of the workshops, presenting examples of content covered in each one, and also presented and discussed with the group the scientific approach taken in the workshops, where educators seek to relate the content to the social context of the students. \u00a0<\/p>\t\t\t\t\t\t\t\t<\/div>\n\t\t\t\t<\/div>\n\t\t\t\t<div class=\"elementor-element elementor-element-fijbsbh elementor-widget elementor-widget-spacer\" data-id=\"fijbsbh\" data-element_type=\"widget\" data-widget_type=\"spacer.default\">\n\t\t\t\t<div class=\"elementor-widget-container\">\n\t\t\t\t\t\t\t<div class=\"elementor-spacer\">\n\t\t\t<div class=\"elementor-spacer-inner\"><\/div>\n\t\t<\/div>\n\t\t\t\t\t\t<\/div>\n\t\t\t\t<\/div>\n\t\t\t\t<div class=\"elementor-element elementor-element-ugenlbt elementor-widget elementor-widget-testimonial\" data-id=\"ugenlbt\" data-element_type=\"widget\" data-widget_type=\"testimonial.default\">\n\t\t\t\t<div class=\"elementor-widget-container\">\n\t\t\t\t\t\t\t<div class=\"elementor-testimonial-wrapper\">\n\t\t\t\t\t\t\t<div class=\"elementor-testimonial-content\">CEC Maca\u00edba is a space where education is used as a tool for humanization, democratization of science and citizenship formation.<\/div>\n\t\t\t\n\t\t\t\t\t\t<div class=\"elementor-testimonial-meta\">\n\t\t\t\t<div class=\"elementor-testimonial-meta-inner\">\n\t\t\t\t\t\n\t\t\t\t\t\t\t\t\t\t<div class=\"elementor-testimonial-details\">\n\t\t\t\t\t\t\t\t\t\t\t\t\t\t<div class=\"elementor-testimonial-name\">Sidney Schneider<\/div>\n\t\t\t\t\t\t\t\t\t\t\t\t\t\t\t\t\t\t\t\t\t\t<div class=\"elementor-testimonial-job\">Educator CEC Maca\u00edba<\/div>\n\t\t\t\t\t\t\t\t\t\t\t\t\t<\/div>\n\t\t\t\t\t\t\t\t\t<\/div>\n\t\t\t<\/div>\n\t\t\t\t\t<\/div>\n\t\t\t\t\t\t<\/div>\n\t\t\t\t<\/div>\n\t\t\t\t<div class=\"elementor-element elementor-element-vr9xcc0 elementor-widget elementor-widget-spacer\" data-id=\"vr9xcc0\" data-element_type=\"widget\" data-widget_type=\"spacer.default\">\n\t\t\t\t<div class=\"elementor-widget-container\">\n\t\t\t\t\t\t\t<div class=\"elementor-spacer\">\n\t\t\t<div class=\"elementor-spacer-inner\"><\/div>\n\t\t<\/div>\n\t\t\t\t\t\t<\/div>\n\t\t\t\t<\/div>\n\t\t\t\t<div class=\"elementor-element elementor-element-1so74z8 elementor-widget elementor-widget-text-editor\" data-id=\"1so74z8\" data-element_type=\"widget\" data-widget_type=\"text-editor.default\">\n\t\t\t\t<div class=\"elementor-widget-container\">\n\t\t\t\t\t\t\t\t\t<p>Sidinei also said that the CECs, along with other units in Natal-RN and Serrinha-BA, aim to promote scientific education for elementary school students in the public school system, with the aim of contributing to the process of social inclusion: \u201cCEC Maca\u00edba is a space where education is used as a tool for humanization, democratization of science and citizenship formation. In order to achieve this educational purpose, students are encouraged to interact with different realities, expressing their opinions, exchanging knowledge with their peers and educators and, at the same time, learning to interact in the most diverse groups\u201d, explained the educator.<\/p><p>In addition to this activity, Sidinei also participated as a listener in the event&#039;s dialogue panel, which featured reports on educational experiences from professionals from other Latin American countries.<\/p>\t\t\t\t\t\t\t\t<\/div>\n\t\t\t\t<\/div>\n\t\t\t\t<section class=\"elementor-section elementor-inner-section elementor-element elementor-element-gnknwjr elementor-section-boxed elementor-section-height-default elementor-section-height-default\" data-id=\"gnknwjr\" data-element_type=\"section\">\n\t\t\t\t\t\t<div class=\"elementor-container elementor-column-gap-default\">\n\t\t\t\t\t<div class=\"elementor-column elementor-col-50 elementor-inner-column elementor-element elementor-element-avixmcs\" data-id=\"avixmcs\" data-element_type=\"column\">\n\t\t\t<div class=\"elementor-widget-wrap elementor-element-populated\">\n\t\t\t\t\t\t<div class=\"elementor-element elementor-element-plnfucc elementor-view-default elementor-widget elementor-widget-icon\" data-id=\"plnfucc\" data-element_type=\"widget\" data-widget_type=\"icon.default\">\n\t\t\t\t<div class=\"elementor-widget-container\">\n\t\t\t\t\t\t\t<div class=\"elementor-icon-wrapper\">\n\t\t\t<div class=\"elementor-icon\">\n\t\t\t\t\t\t\t<i class=\"fa fa-pencil-square-o\" aria-hidden=\"true\"><\/i>\n\t\t\t\t\t\t<\/div>\n\t\t<\/div>\n\t\t\t\t\t\t<\/div>\n\t\t\t\t<\/div>\n\t\t\t\t<div class=\"elementor-element elementor-element-cbaqjtg elementor-widget elementor-widget-text-editor\" data-id=\"cbaqjtg\" data-element_type=\"widget\" data-widget_type=\"text-editor.default\">\n\t\t\t\t<div class=\"elementor-widget-container\">\n\t\t\t\t\t\t\t\t\t<p><strong>Text:<\/strong>\u00a0Ariane Mondo \/ Ascom \u2013 ISD<\/p><p><strong>Photos: <\/strong>CEC Maca\u00edba Collection<\/p>\t\t\t\t\t\t\t\t<\/div>\n\t\t\t\t<\/div>\n\t\t\t\t<div class=\"elementor-element elementor-element-qfxeuka elementor-widget elementor-widget-text-editor\" data-id=\"qfxeuka\" data-element_type=\"widget\" data-widget_type=\"text-editor.default\">\n\t\t\t\t<div class=\"elementor-widget-container\">\n\t\t\t\t\t\t\t\t\t<p><strong>Communication Office<\/strong><br \/>comunicacao@isd.org.br<br \/>(84) 99416-1880<\/p>\t\t\t\t\t\t\t\t<\/div>\n\t\t\t\t<\/div>\n\t\t\t\t\t<\/div>\n\t\t<\/div>\n\t\t\t\t<div class=\"elementor-column elementor-col-50 elementor-inner-column elementor-element elementor-element-tmsvhpa\" data-id=\"tmsvhpa\" data-element_type=\"column\" data-settings=\"{&quot;background_background&quot;:&quot;classic&quot;}\">\n\t\t\t<div class=\"elementor-widget-wrap elementor-element-populated\">\n\t\t\t\t\t\t<div class=\"elementor-element elementor-element-phanjvu elementor-widget elementor-widget-text-editor\" data-id=\"phanjvu\" data-element_type=\"widget\" data-widget_type=\"text-editor.default\">\n\t\t\t\t<div class=\"elementor-widget-container\">\n\t\t\t\t\t\t\t\t\t<h3><span style=\"color: #ffffff;\">Santos Dumont Institute (ISD)<\/span><\/h3><p><span style=\"color: #ffffff;\">Social organization that maintains ties with the Ministry of Education (MEC) and whose mission is to promote education for life, forming citizens through integrated teaching, research and extension actions and to contribute to a fairer and more humane transformation of the Brazilian social reality.<\/span><\/p>\t\t\t\t\t\t\t\t<\/div>\n\t\t\t\t<\/div>\n\t\t\t\t\t<\/div>\n\t\t<\/div>\n\t\t\t\t\t<\/div>\n\t\t<\/section>\n\t\t\t\t\t<\/div>\n\t\t<\/div>\n\t\t\t\t\t<\/div>\n\t\t<\/section>\n\t\t\t\t<\/div>","protected":false},"excerpt":{"rendered":"<p>No dia 30 de agosto, o educador do Centro de Educa\u00e7\u00e3o Cient\u00edfica (CEC) de Maca\u00edba-RN, Sidinei Jos\u00e9 Schneider, participou do IV Semin\u00e1rio Internacional: Di\u00e1logos com Paulo Freire, que aconteceu no Campus Central do Instituto Federal do Rio Grande do Norte (IFRN), em Natal-RN. Sidinei, que \u00e9 historiador de forma\u00e7\u00e3o, apresentou um trabalho em roda de [&hellip;]<\/p>","protected":false},"author":6,"featured_media":11908,"comment_status":"open","ping_status":"open","sticky":false,"template":"","format":"standard","meta":{"_acf_changed":false,"footnotes":""},"categories":[1],"tags":[],"class_list":["post-11904","post","type-post","status-publish","format-standard","has-post-thumbnail","hentry","category-destaque_noticia"],"acf":[],"_links":{"self":[{"href":"https:\/\/institutosantosdumont.org.br\/en\/wp-json\/wp\/v2\/posts\/11904","targetHints":{"allow":["GET"]}}],"collection":[{"href":"https:\/\/institutosantosdumont.org.br\/en\/wp-json\/wp\/v2\/posts"}],"about":[{"href":"https:\/\/institutosantosdumont.org.br\/en\/wp-json\/wp\/v2\/types\/post"}],"author":[{"embeddable":true,"href":"https:\/\/institutosantosdumont.org.br\/en\/wp-json\/wp\/v2\/users\/6"}],"replies":[{"embeddable":true,"href":"https:\/\/institutosantosdumont.org.br\/en\/wp-json\/wp\/v2\/comments?post=11904"}],"version-history":[{"count":0,"href":"https:\/\/institutosantosdumont.org.br\/en\/wp-json\/wp\/v2\/posts\/11904\/revisions"}],"wp:featuredmedia":[{"embeddable":true,"href":"https:\/\/institutosantosdumont.org.br\/en\/wp-json\/wp\/v2\/media\/11908"}],"wp:attachment":[{"href":"https:\/\/institutosantosdumont.org.br\/en\/wp-json\/wp\/v2\/media?parent=11904"}],"wp:term":[{"taxonomy":"category","embeddable":true,"href":"https:\/\/institutosantosdumont.org.br\/en\/wp-json\/wp\/v2\/categories?post=11904"},{"taxonomy":"post_tag","embeddable":true,"href":"https:\/\/institutosantosdumont.org.br\/en\/wp-json\/wp\/v2\/tags?post=11904"}],"curies":[{"name":"wp","href":"https:\/\/api.w.org\/{rel}","templated":true}]}}