{"id":14689,"date":"2018-10-08T15:37:13","date_gmt":"2018-10-08T18:37:13","guid":{"rendered":"http:\/\/www.institutosantosdumont.org.br\/?p=14689"},"modified":"2018-10-11T16:25:31","modified_gmt":"2018-10-11T19:25:31","slug":"programacao-isd-snct-2018","status":"publish","type":"post","link":"https:\/\/institutosantosdumont.org.br\/en\/programacao-isd-snct-2018\/","title":{"rendered":"Programming \u2013 Instituto Santos Dumont at SNCT 2018"},"content":{"rendered":"<div data-elementor-type=\"wp-post\" data-elementor-id=\"14689\" class=\"elementor elementor-14689 elementor-bc-flex-widget\" data-elementor-post-type=\"post\">\n\t\t\t\t\t\t<section class=\"elementor-section elementor-top-section elementor-element elementor-element-zozpkwh elementor-section-boxed elementor-section-height-default elementor-section-height-default\" data-id=\"zozpkwh\" data-element_type=\"section\">\n\t\t\t\t\t\t<div class=\"elementor-container elementor-column-gap-default\">\n\t\t\t\t\t<div class=\"elementor-column elementor-col-100 elementor-top-column elementor-element elementor-element-anmqinx\" data-id=\"anmqinx\" data-element_type=\"column\">\n\t\t\t<div class=\"elementor-widget-wrap elementor-element-populated\">\n\t\t\t\t\t\t<div class=\"elementor-element elementor-element-obnk3iz elementor-widget elementor-widget-text-editor\" data-id=\"obnk3iz\" data-element_type=\"widget\" data-widget_type=\"text-editor.default\">\n\t\t\t\t<div class=\"elementor-widget-container\">\n\t\t\t\t\t\t\t\t\t<p>A <strong><a href=\"http:\/\/snct.mctic.gov.br\/semanact\/opencms\/index.html\" target=\"_blank\" rel=\"noopener noreferrer\">National Science and Technology Week (SNCT)<\/a><\/strong> It&#039;s a time of year when the <strong>Santos Dumont Institute (ISD)<\/strong> promotes various activities for the dissemination and popularization of science with the main objective of showing society the actions that are developed in its lines of action: research in neurosciences and neuroengineering and health education.<\/p><p>Look <a href=\"https:\/\/institutosantosdumont.org.br\/en\/2017\/11\/29\/isd-acoes-snct-2017\/\" target=\"_blank\" rel=\"noopener noreferrer\"><strong>HERE<\/strong> <\/a>the article about ISD&#039;s actions at SNCT 2017 and check out the making-of video below:\u00a0<\/p>\t\t\t\t\t\t\t\t<\/div>\n\t\t\t\t<\/div>\n\t\t\t\t<div class=\"elementor-element elementor-element-nkzvkqa elementor-widget elementor-widget-video\" data-id=\"nkzvkqa\" data-element_type=\"widget\" data-settings=\"{&quot;youtube_url&quot;:&quot;https:\\\/\\\/youtu.be\\\/64N0sQ4KrZo&quot;,&quot;video_type&quot;:&quot;youtube&quot;,&quot;controls&quot;:&quot;yes&quot;}\" data-widget_type=\"video.default\">\n\t\t\t\t<div class=\"elementor-widget-container\">\n\t\t\t\t\t\t\t<div class=\"elementor-wrapper elementor-open-inline\">\n\t\t\t<div class=\"elementor-video\"><\/div>\t\t<\/div>\n\t\t\t\t\t\t<\/div>\n\t\t\t\t<\/div>\n\t\t\t\t<div class=\"elementor-element elementor-element-5clebyi elementor-widget elementor-widget-spacer\" data-id=\"5clebyi\" data-element_type=\"widget\" data-widget_type=\"spacer.default\">\n\t\t\t\t<div class=\"elementor-widget-container\">\n\t\t\t\t\t\t\t<div class=\"elementor-spacer\">\n\t\t\t<div class=\"elementor-spacer-inner\"><\/div>\n\t\t<\/div>\n\t\t\t\t\t\t<\/div>\n\t\t\t\t<\/div>\n\t\t\t\t<div class=\"elementor-element elementor-element-otocmfv elementor-widget elementor-widget-text-editor\" data-id=\"otocmfv\" data-element_type=\"widget\" data-widget_type=\"text-editor.default\">\n\t\t\t\t<div class=\"elementor-widget-container\">\n\t\t\t\t\t\t\t\t\t<p>This year, with the theme \u201c<strong>Science to reduce inequalities<\/strong>\u201c, ISD sees a great opportunity to highlight the various projects that are developed seeking social transformation, especially in the region where it operates. Moments of interaction such as those at SNCT serve to bring scientific work closer to people and lead them to know and get involved with the work carried out in Maca\u00edba (RN) by the <strong>Edmond and Lily Safra International Institute of Neuroscience (IIN-ELS)<\/strong> and by <strong>Anita Garibaldi Health Education and Research Center (CEPS)<\/strong>, which in 2018 completes 10 years of existence.<\/p><p>For the third consecutive year, the ISD carries out its actions during the SNCT through the public notice to support actions for the dissemination and popularization of science of the\u00a0<a href=\"http:\/\/www.cnpq.br\/\" target=\"_blank\" rel=\"noopener noreferrer\"><strong>National Council for Scientific and Technological Development (CNPq)<\/strong><\/a>.<\/p><p>Below is the schedule of activities to be carried out by ISD between October 15th and 19th, in Rio Grande do Norte, in the cities of Maca\u00edba, Natal, Cear\u00e1-Mirim and Macau. All interested people are invited to participate in the actions, which are free. Follow via social networks:<\/p><p><strong><a href=\"https:\/\/www.facebook.com\/ISDnarede\/\" target=\"_blank\" rel=\"noopener noreferrer\">Facebook<\/a> \/ <a href=\"https:\/\/www.instagram.com\/isdnarede\/\" target=\"_blank\" rel=\"noopener noreferrer\">Instagram<\/a> \/ <a href=\"https:\/\/www.twitter.com\/isdnarede\/\" target=\"_blank\" rel=\"noopener noreferrer\">twitter<\/a><\/strong><\/p><p><strong>Questions and visit scheduling: contato@isd.org.br<\/strong><\/p>\t\t\t\t\t\t\t\t<\/div>\n\t\t\t\t<\/div>\n\t\t\t\t<div class=\"elementor-element elementor-element-dgiescj elementor-tabs-view-horizontal elementor-widget elementor-widget-tabs\" data-id=\"dgiescj\" data-element_type=\"widget\" data-widget_type=\"tabs.default\">\n\t\t\t\t<div class=\"elementor-widget-container\">\n\t\t\t\t\t\t\t<div class=\"elementor-tabs\">\n\t\t\t<div class=\"elementor-tabs-wrapper\" role=\"tablist\" >\n\t\t\t\t\t\t\t\t\t<div id=\"elementor-tab-title-3561\" class=\"elementor-tab-title elementor-tab-desktop-title\" aria-selected=\"true\" data-tab=\"1\" role=\"tab\" tabindex=\"0\" aria-controls=\"elementor-tab-content-3561\" aria-expanded=\"false\">10\/15\/18 MONDAY<\/div>\n\t\t\t\t\t\t\t\t\t<div id=\"elementor-tab-title-3562\" class=\"elementor-tab-title elementor-tab-desktop-title\" aria-selected=\"false\" data-tab=\"2\" role=\"tab\" tabindex=\"-1\" aria-controls=\"elementor-tab-content-3562\" aria-expanded=\"false\">10\/16\/18 TUESDAY<\/div>\n\t\t\t\t\t\t\t\t\t<div id=\"elementor-tab-title-3563\" class=\"elementor-tab-title elementor-tab-desktop-title\" aria-selected=\"false\" data-tab=\"3\" role=\"tab\" tabindex=\"-1\" aria-controls=\"elementor-tab-content-3563\" aria-expanded=\"false\">10\/17\/18 WEDNESDAY<\/div>\n\t\t\t\t\t\t\t\t\t<div id=\"elementor-tab-title-3564\" class=\"elementor-tab-title elementor-tab-desktop-title\" aria-selected=\"false\" data-tab=\"4\" role=\"tab\" tabindex=\"-1\" aria-controls=\"elementor-tab-content-3564\" aria-expanded=\"false\">10\/18\/18 THURSDAY<\/div>\n\t\t\t\t\t\t\t\t\t<div id=\"elementor-tab-title-3565\" class=\"elementor-tab-title elementor-tab-desktop-title\" aria-selected=\"false\" data-tab=\"5\" role=\"tab\" tabindex=\"-1\" aria-controls=\"elementor-tab-content-3565\" aria-expanded=\"false\">FRIDAY 10\/19\/10<\/div>\n\t\t\t\t\t\t\t<\/div>\n\t\t\t<div class=\"elementor-tabs-content-wrapper\" role=\"tablist\" aria-orientation=\"vertical\">\n\t\t\t\t\t\t\t\t\t<div class=\"elementor-tab-title elementor-tab-mobile-title\" aria-selected=\"true\" data-tab=\"1\" role=\"tab\" tabindex=\"0\" aria-controls=\"elementor-tab-content-3561\" aria-expanded=\"false\">10\/15\/18 MONDAY<\/div>\n\t\t\t\t\t<div id=\"elementor-tab-content-3561\" class=\"elementor-tab-content elementor-clearfix\" data-tab=\"1\" role=\"tabpanel\" aria-labelledby=\"elementor-tab-title-3561\" tabindex=\"0\" hidden=\"false\"><h3><strong><span style=\"color: #008080;\">IFRN Cear\u00e1-Mirim, (RN)<\/span><\/strong><\/h3><p><b><\/b><b>***IIN-ELS Traveling Exhibition<\/b><\/p><p>Hours: 9:30 am to 11:30 am<\/p><p><b>***<\/b><strong>Lecture \u201cScience for the reduction of inequalities: the experience of the Santos Dumont Institute in education for life\u201d<\/strong><\/p><p>Time: 1 pm<\/p><p>Information: contato@isd.org.br or (84) 99127-6085\u00a0<\/p><\/div>\n\t\t\t\t\t\t\t\t\t<div class=\"elementor-tab-title elementor-tab-mobile-title\" aria-selected=\"false\" data-tab=\"2\" role=\"tab\" tabindex=\"-1\" aria-controls=\"elementor-tab-content-3562\" aria-expanded=\"false\">10\/16\/18 TUESDAY<\/div>\n\t\t\t\t\t<div id=\"elementor-tab-content-3562\" class=\"elementor-tab-content elementor-clearfix\" data-tab=\"2\" role=\"tabpanel\" aria-labelledby=\"elementor-tab-title-3562\" tabindex=\"0\" hidden=\"hidden\"><h3><strong><span style=\"color: #008080;\">IIN-ELS, Maca\u00edba (RN)<\/span><\/strong><\/h3><p><b>*** Science and Technology Day<\/b><\/p><p><b> Open Doors: From basic to applied research<\/b><\/p><p>Hours: 8am to 5pm<\/p><p>Schedule visits: contato@isd.org.br or (84) 99127-6085<\/p><h3>\u00a0<\/h3><h3><span style=\"color: #008080;\"><strong>CEPS Anita Garibaldi, Maca\u00edba (RN)<\/strong><\/span><\/h3><p><strong>*** CEPS 10 years tribute ceremony: Recognize and Thank \u2013 Users and partners in the Community<\/strong><\/p><p>Hours: 8 am to 9 am<\/p><p>\u00a0<\/p><p><b>*** Arte de Nascer Project \u2013 Educational action using graffiti with Coletivo Aboio (Natal\/RN)<\/b><\/p><p>Hours: 9am to 12pm<\/p><p>\u00a0<\/p><p><strong>*** \u201cOpen Doors\u201d installation in the CEPS Garden<\/strong><\/p><p>Hours: 8am to 5pm<\/p><\/div>\n\t\t\t\t\t\t\t\t\t<div class=\"elementor-tab-title elementor-tab-mobile-title\" aria-selected=\"false\" data-tab=\"3\" role=\"tab\" tabindex=\"-1\" aria-controls=\"elementor-tab-content-3563\" aria-expanded=\"false\">10\/17\/18 WEDNESDAY<\/div>\n\t\t\t\t\t<div id=\"elementor-tab-content-3563\" class=\"elementor-tab-content elementor-clearfix\" data-tab=\"3\" role=\"tabpanel\" aria-labelledby=\"elementor-tab-title-3563\" tabindex=\"0\" hidden=\"hidden\"><h3><span style=\"color: #008080;\"><strong>CEPS Anita Garibaldi, Maca\u00edba (RN)<\/strong><\/span><\/h3><p><strong>*** CEPS 10 years honors ceremony: Recognize and Thank \u2013 Partners in Education and Employees<\/strong><\/p><p>Hours: 9am to 11am<\/p><p><strong>\u00a0<\/strong><\/p><p><strong>*** CEPS 10 years honors ceremony: Recognize and Thank \u2013 Maca\u00edba Partners and Suppliers<\/strong><\/p><p>Hours: 2pm to 3pm<\/p><p>\u00a0<\/p><p><strong>*** \u201cOpen Doors\u201d installation in the CEPS Garden<\/strong><\/p><p>Hours: 8am to 5pm<\/p><h3>\u00a0<\/h3><h3><span style=\"color: #008080;\"><strong>Quilombola Community Capoeiras, Maca\u00edba (RN)<\/strong><\/span><\/h3><p><strong>*** IIN-ELS Traveling Exhibition<\/strong><\/p><p>Hours: 8:30am to 12:00pm<\/p><p>Information: contato@isd.org.br or (84) 99127-6085\u00a0<\/p><p>\u00a0<\/p><h3><span style=\"color: #008080;\"><strong>IFRN Macao (RN)\u00a0<\/strong><\/span><\/h3><p><strong>*** Popular forum \u201cNeuroengineering for national development\u201d with IIN-ELS Team<\/strong><\/p><p>Time: 4pm<\/p><\/div>\n\t\t\t\t\t\t\t\t\t<div class=\"elementor-tab-title elementor-tab-mobile-title\" aria-selected=\"false\" data-tab=\"4\" role=\"tab\" tabindex=\"-1\" aria-controls=\"elementor-tab-content-3564\" aria-expanded=\"false\">10\/18\/18 THURSDAY<\/div>\n\t\t\t\t\t<div id=\"elementor-tab-content-3564\" class=\"elementor-tab-content elementor-clearfix\" data-tab=\"4\" role=\"tabpanel\" aria-labelledby=\"elementor-tab-title-3564\" tabindex=\"0\" hidden=\"hidden\"><h3><strong><span style=\"color: #008080;\">IIN-ELS, Maca\u00edba (RN)<\/span><\/strong><\/h3><p><b>*** Open Doors: From basic to applied research<\/b><\/p><p>Hours: 8am to 5pm<\/p><p>Schedule visits: contato@isd.org.br or (84) 99127-6085<\/p><h3>\u00a0<\/h3><h3><span style=\"color: #008080;\"><strong>CEPS Anita Garibaldi, Maca\u00edba (RN)<\/strong><\/span><\/h3><p><strong>*** Commemorative panel painting with community participation. Work developed by the plastic artist and Professor at UFRN, Marcos Andruchak.<\/strong><\/p><p>Hours: 8am to 5pm<\/p><p>\u00a0<\/p><p><strong>*** Open Doors \u2013 Getting to Know CEPS Anita Garibaldi<\/strong><\/p><p>Hours: 8 am to 10 am and 2 pm to 4 pm<\/p><p>Schedule visits: contato@isd.org.br<\/p><p>\u00a0<\/p><p><strong>*** \u201cOpen Doors\u201d installation in the CEPS Garden<\/strong><\/p><p>Hours: 8am to 5pm<\/p><\/div>\n\t\t\t\t\t\t\t\t\t<div class=\"elementor-tab-title elementor-tab-mobile-title\" aria-selected=\"false\" data-tab=\"5\" role=\"tab\" tabindex=\"-1\" aria-controls=\"elementor-tab-content-3565\" aria-expanded=\"false\">FRIDAY 10\/19\/10<\/div>\n\t\t\t\t\t<div id=\"elementor-tab-content-3565\" class=\"elementor-tab-content elementor-clearfix\" data-tab=\"5\" role=\"tabpanel\" aria-labelledby=\"elementor-tab-title-3565\" tabindex=\"0\" hidden=\"hidden\"><h3><span style=\"color: #008080;\"><strong>Virg\u00edlio Urbano de Ara\u00fajo Library, Rocas neighborhood, Natal (RN)<\/strong><\/span><\/h3><p><b>CT&amp;I Traveling Exhibition \u2013 IIN-ELS Team<\/b><\/p><p>Hours: 9am to 4pm<\/p><p>Morning: sixth to ninth grade \/ Afternoon: first to fifth grade.<\/p><p>Partnerships: Secretary of Education\/RN and Instituto do C\u00e9rebro\/UFRN<\/p><h3>\u00a0<\/h3><h3><span style=\"color: #008080;\"><strong>CEPS Anita Garibaldi, Maca\u00edba (RN)<\/strong><\/span><\/h3><p><b>*** Ceremony of delivery of Macaibense Citizenship Title to the General Director of ISD, Reginaldo Freitas J\u00fanior<\/b><\/p><p>Time: 2 pm<\/p><p>\u00a0<\/p><p><strong>*** \u201cOpen Doors\u201d installation in the CEPS Garden<\/strong><\/p><p>Hours: 8am to 5pm<\/p><\/div>\n\t\t\t\t\t\t\t<\/div>\n\t\t<\/div>\n\t\t\t\t\t\t<\/div>\n\t\t\t\t<\/div>\n\t\t\t\t<div class=\"elementor-element elementor-element-yidqdnw elementor-widget-divider--view-line elementor-widget elementor-widget-divider\" data-id=\"yidqdnw\" data-element_type=\"widget\" data-widget_type=\"divider.default\">\n\t\t\t\t<div class=\"elementor-widget-container\">\n\t\t\t\t\t\t\t<div class=\"elementor-divider\">\n\t\t\t<span class=\"elementor-divider-separator\">\n\t\t\t\t\t\t<\/span>\n\t\t<\/div>\n\t\t\t\t\t\t<\/div>\n\t\t\t\t<\/div>\n\t\t\t\t<div class=\"elementor-element elementor-element-ghrxkok elementor-widget elementor-widget-spacer\" data-id=\"ghrxkok\" data-element_type=\"widget\" data-widget_type=\"spacer.default\">\n\t\t\t\t<div class=\"elementor-widget-container\">\n\t\t\t\t\t\t\t<div class=\"elementor-spacer\">\n\t\t\t<div class=\"elementor-spacer-inner\"><\/div>\n\t\t<\/div>\n\t\t\t\t\t\t<\/div>\n\t\t\t\t<\/div>\n\t\t\t\t<section class=\"elementor-section elementor-inner-section elementor-element elementor-element-zjbiggn elementor-section-boxed elementor-section-height-default elementor-section-height-default\" data-id=\"zjbiggn\" data-element_type=\"section\">\n\t\t\t\t\t\t<div class=\"elementor-container elementor-column-gap-default\">\n\t\t\t\t\t<div class=\"elementor-column elementor-col-50 elementor-inner-column elementor-element elementor-element-fbhjgjg\" data-id=\"fbhjgjg\" data-element_type=\"column\">\n\t\t\t<div class=\"elementor-widget-wrap elementor-element-populated\">\n\t\t\t\t\t\t<div class=\"elementor-element elementor-element-iqbakqx elementor-view-default elementor-widget elementor-widget-icon\" data-id=\"iqbakqx\" data-element_type=\"widget\" data-widget_type=\"icon.default\">\n\t\t\t\t<div class=\"elementor-widget-container\">\n\t\t\t\t\t\t\t<div class=\"elementor-icon-wrapper\">\n\t\t\t<div class=\"elementor-icon\">\n\t\t\t\t\t\t\t<i class=\"fa fa-pencil-square-o\" aria-hidden=\"true\"><\/i>\n\t\t\t\t\t\t<\/div>\n\t\t<\/div>\n\t\t\t\t\t\t<\/div>\n\t\t\t\t<\/div>\n\t\t\t\t<div class=\"elementor-element elementor-element-ltnqdnm elementor-widget elementor-widget-text-editor\" data-id=\"ltnqdnm\" data-element_type=\"widget\" data-widget_type=\"text-editor.default\">\n\t\t\t\t<div class=\"elementor-widget-container\">\n\t\t\t\t\t\t\t\t\t<div data-id=\"rjpprlj\" data-element_type=\"text-editor.default\"><p><strong>Text:\u00a0<\/strong>\u00a0Ariane Mondo \/ Ascom \u2013 ISD<\/p><p><strong>Photograph:<\/strong>\u00a0SNCT 2018 Disclosure<\/p><\/div>\t\t\t\t\t\t\t\t<\/div>\n\t\t\t\t<\/div>\n\t\t\t\t<div class=\"elementor-element elementor-element-vwxubue elementor-widget elementor-widget-text-editor\" data-id=\"vwxubue\" data-element_type=\"widget\" data-widget_type=\"text-editor.default\">\n\t\t\t\t<div class=\"elementor-widget-container\">\n\t\t\t\t\t\t\t\t\t<p><strong>Communication Office<\/strong><br \/> comunicacao@isd.org.br<br \/> (84) 99416-1880<\/p>\t\t\t\t\t\t\t\t<\/div>\n\t\t\t\t<\/div>\n\t\t\t\t\t<\/div>\n\t\t<\/div>\n\t\t\t\t<div class=\"elementor-column elementor-col-50 elementor-inner-column elementor-element elementor-element-tkukfpq\" data-id=\"tkukfpq\" data-element_type=\"column\" data-settings=\"{&quot;background_background&quot;:&quot;classic&quot;}\">\n\t\t\t<div class=\"elementor-widget-wrap elementor-element-populated\">\n\t\t\t\t\t\t<div class=\"elementor-element elementor-element-bhwzmkd elementor-widget elementor-widget-text-editor\" data-id=\"bhwzmkd\" data-element_type=\"widget\" data-widget_type=\"text-editor.default\">\n\t\t\t\t<div class=\"elementor-widget-container\">\n\t\t\t\t\t\t\t\t\t<h3><strong><span style=\"color: #ffffff;\">Santos Dumont Institute (ISD)<\/span><\/strong><\/h3><p><span style=\"color: #ffffff;\">Social organization that maintains ties with the Ministry of Education (MEC) and whose mission is to promote education for life, forming citizens through integrated teaching, research and extension actions and to contribute to a fairer and more humane transformation of the Brazilian social reality.<\/span><\/p>\t\t\t\t\t\t\t\t<\/div>\n\t\t\t\t<\/div>\n\t\t\t\t\t<\/div>\n\t\t<\/div>\n\t\t\t\t\t<\/div>\n\t\t<\/section>\n\t\t\t\t\t<\/div>\n\t\t<\/div>\n\t\t\t\t\t<\/div>\n\t\t<\/section>\n\t\t\t\t<\/div>","protected":false},"excerpt":{"rendered":"<p>A\u00e7\u00f5es do ISD na Semana Nacional de Ci\u00eancia e Tecnologia ocorrer\u00e3o de 15 a 19\/10, no RN. Tema de 2018 \u00e9 &#8220;Ci\u00eancia para redu\u00e7\u00e3o das desigualdades&#8221;.<\/p>","protected":false},"author":6,"featured_media":14729,"comment_status":"open","ping_status":"open","sticky":false,"template":"","format":"standard","meta":{"_acf_changed":false,"footnotes":""},"categories":[1,11,16],"tags":[],"class_list":["post-14689","post","type-post","status-publish","format-standard","has-post-thumbnail","hentry","category-destaque_noticia","category-extensao","category-institucional"],"acf":[],"_links":{"self":[{"href":"https:\/\/institutosantosdumont.org.br\/en\/wp-json\/wp\/v2\/posts\/14689","targetHints":{"allow":["GET"]}}],"collection":[{"href":"https:\/\/institutosantosdumont.org.br\/en\/wp-json\/wp\/v2\/posts"}],"about":[{"href":"https:\/\/institutosantosdumont.org.br\/en\/wp-json\/wp\/v2\/types\/post"}],"author":[{"embeddable":true,"href":"https:\/\/institutosantosdumont.org.br\/en\/wp-json\/wp\/v2\/users\/6"}],"replies":[{"embeddable":true,"href":"https:\/\/institutosantosdumont.org.br\/en\/wp-json\/wp\/v2\/comments?post=14689"}],"version-history":[{"count":0,"href":"https:\/\/institutosantosdumont.org.br\/en\/wp-json\/wp\/v2\/posts\/14689\/revisions"}],"wp:featuredmedia":[{"embeddable":true,"href":"https:\/\/institutosantosdumont.org.br\/en\/wp-json\/wp\/v2\/media\/14729"}],"wp:attachment":[{"href":"https:\/\/institutosantosdumont.org.br\/en\/wp-json\/wp\/v2\/media?parent=14689"}],"wp:term":[{"taxonomy":"category","embeddable":true,"href":"https:\/\/institutosantosdumont.org.br\/en\/wp-json\/wp\/v2\/categories?post=14689"},{"taxonomy":"post_tag","embeddable":true,"href":"https:\/\/institutosantosdumont.org.br\/en\/wp-json\/wp\/v2\/tags?post=14689"}],"curies":[{"name":"wp","href":"https:\/\/api.w.org\/{rel}","templated":true}]}}