{"id":19876,"date":"2020-09-28T16:36:59","date_gmt":"2020-09-28T19:36:59","guid":{"rendered":"http:\/\/www.institutosantosdumont.org.br\/?p=19876"},"modified":"2020-09-29T19:16:05","modified_gmt":"2020-09-29T22:16:05","slug":"brasil-tem-145-mais-mortes-de-gravidas-por-covid-19-do-que-os-eua","status":"publish","type":"post","link":"https:\/\/institutosantosdumont.org.br\/en\/brasil-tem-145-mais-mortes-de-gravidas-por-covid-19-do-que-os-eua\/","title":{"rendered":"Brazil has 145% more pregnant deaths from Covid-19 than the US"},"content":{"rendered":"<div data-elementor-type=\"wp-post\" data-elementor-id=\"19876\" class=\"elementor elementor-19876\" data-elementor-post-type=\"post\">\n\t\t\t\t\t\t<section class=\"elementor-section elementor-top-section elementor-element elementor-element-6880d35 elementor-section-boxed elementor-section-height-default elementor-section-height-default\" data-id=\"6880d35\" data-element_type=\"section\">\n\t\t\t\t\t\t<div class=\"elementor-container elementor-column-gap-default\">\n\t\t\t\t\t<div class=\"elementor-column elementor-col-100 elementor-top-column elementor-element elementor-element-b2bdc2b\" data-id=\"b2bdc2b\" data-element_type=\"column\">\n\t\t\t<div class=\"elementor-widget-wrap elementor-element-populated\">\n\t\t\t\t\t\t<div class=\"elementor-element elementor-element-10e42f9 elementor-widget elementor-widget-text-editor\" data-id=\"10e42f9\" data-element_type=\"widget\" data-widget_type=\"text-editor.default\">\n\t\t\t\t<div class=\"elementor-widget-container\">\n\t\t\t\t\t\t\t\t\t<p><span style=\"font-weight: 400;\">Official data on deaths of pregnant women due to <a href=\"https:\/\/covid.saude.gov.br\/\" target=\"_blank\" rel=\"noopener noreferrer nofollow\">Covid-19<\/a> show 145% more cases in Brazil than in the United States.<\/span><\/p><p><span style=\"font-weight: 400;\">While on American territory the <a href=\"https:\/\/www.cdc.gov\/coronavirus\/2019-ncov\/cases-updates\/special-populations\/pregnancy-data-on-covid-19.html\" target=\"_blank\" rel=\"noopener noreferrer nofollow\">The Centers for Disease Control and Prevention (CDC) reported 55 deaths last week between January and September<\/a>, in Brazil, 135 were confirmed by the federal government until August 1st \u2013 more than half of them involving women in the third trimester of pregnancy.<\/span><\/p><p><span style=\"font-weight: 400;\">The overview of mortality among Brazilian women was presented by the Secretary of Primary Health Care of the Ministry of Health, Raphael Parente, <a href=\"https:\/\/edemocracia.camara.leg.br\/audiencias\/sala\/1602\" target=\"_blank\" rel=\"noopener noreferrer nofollow\">in a public hearing in early August<\/a>. Parente recalled at the hearing that maternal mortality is a chronic problem in Brazil, now exposed by the pandemic. And he assured that reducing the indicator is a policy of the current government.\u00a0<\/span><\/p><p><strong>Risks<\/strong><\/p><p><span style=\"font-weight: 400;\">An American study published in June \u2013 cited in a note by the CDC \u2013 suggests that pregnant women with Covid-19 are more likely than non-pregnant women to be hospitalized, to need an Intensive Care Unit (ICU) and to receive mechanical ventilation. The risk of death appears to be similar for both groups, but the topic is still the subject of studies.<\/span><\/p><p><span style=\"font-weight: 400;\">In Brazil, the deaths of pregnant and postpartum women have been gaining media coverage with cases multiplying, <\/span><span style=\"font-weight: 400;\">generally in hospitals that do not have an ICU, outside the hospital environment or when there was less than 12 hours of hospitalization, according to the government.\u00a0<\/span><\/p><p><span style=\"font-weight: 400;\">The Santos Dumont Institute has mapped at least 110 suspected or confirmed cases of deaths highlighted by the media between March 21 and September 18. Thirteen of these have been reported since the beginning of August, when the most recent official data was released. The stories became the subject of news portals and TV channels in the country between August 2 and September 18.<\/span><\/p><p><em><span style=\"font-weight: 400;\">Click on the links below to learn more about the victims:<\/span><\/em><\/p><p><a href=\"https:\/\/jornaldebrasilia.com.br\/nahorah\/gravida-morre-de-covid-19-apos-receber-a-noticia-que-a-mae-havia-falecido\/\" target=\"_blank\" rel=\"noopener noreferrer nofollow\"><span style=\"font-weight: 400;\">Jade Nascimento, from Piau\u00ed<\/span><\/a><\/p><p><span style=\"font-weight: 400;\"><a href=\"https:\/\/catracalivre.com.br\/cidadania\/estudante-de-16-anos-que-deu-a-luz-em-sorocaba-morre-de-covid-19\/\" target=\"_blank\" rel=\"noopener noreferrer nofollow\">Gilda Santos Costa<\/a>, <\/span><span style=\"font-weight: 400;\"><a href=\"https:\/\/g1.globo.com\/sp\/bauru-marilia\/noticia\/2020\/09\/10\/mulher-morre-com-covid-dez-dias-apos-dar-a-luz-em-parto-prematuro-parece-pesadelo-diz-irma.ghtml\" target=\"_blank\" rel=\"noopener noreferrer nofollow\">Natalia Cristina Ticianelli<\/a> It is\u00a0 <\/span><span style=\"font-weight: 400;\"><a href=\"https:\/\/thathi.com.br\/saude\/mulher-de-25-anos-que-contraiu-covid-na-gravidez-morre-em-ribeirao\/\" target=\"_blank\" rel=\"noopener noreferrer nofollow\">Samara Silva<\/a>, from Sao Paulo;<\/span><\/p><p><span style=\"font-weight: 400;\"><a href=\"http:\/\/www.giromt.com.br\/2020\/08\/13\/cuiaba-mulher-morre-com-covid-15-dias-apos-nascimento-do-filho\/\" target=\"_blank\" rel=\"noopener noreferrer nofollow\">Marieli Lysakowski Santin<\/a> It is <a href=\"https:\/\/www.olhardireto.com.br\/noticias\/exibir.asp?id=474806&amp;noticia=apos-perder-esposa-gravida-para-a-covid-19-cuiabano-fica-com-10-filhos-e-precisa-de-ajuda&amp;edicao=2\" target=\"_blank\" rel=\"noopener noreferrer nofollow\">Ariana Ferreira do Amaral<\/a>, from Mato Grosso;<\/span><\/p><p><span style=\"font-weight: 400;\"><a href=\"https:\/\/gmconline.com.br\/covid-19\/com-covid-19-mae-morre-apos-dar-a-luz-e-comove-o-parana\/\" target=\"_blank\" rel=\"noopener noreferrer nofollow\">Viviane Souza Nairne<\/a> and a <a href=\"https:\/\/www.folhadelondrina.com.br\/geral\/gravida-india-caingangue-morre-pela-covid-19-no-hu-3015493e.html\" target=\"_blank\" rel=\"noopener noreferrer nofollow\">indigenous person with undisclosed name<\/a> from Paran\u00e1;<\/span><\/p><p><span style=\"font-weight: 400;\"><a href=\"https:\/\/www.correiobraziliense.com.br\/brasil\/2020\/08\/4870758-professora-gravida-morre-de-covid-19-apos-cha-de-fraldas-surpresa.html\" target=\"_blank\" rel=\"noopener noreferrer nofollow\">Camila Graciano<\/a>, from Goi\u00e1s;<\/span><\/p><p><span style=\"font-weight: 400;\"><a href=\"https:\/\/noticias.uol.com.br\/cotidiano\/ultimas-noticias\/2020\/08\/28\/to-gravida-de-gemeos-psicologa-morre-por-complicacoes-da-covid-19.htm\" target=\"_blank\" rel=\"noopener noreferrer nofollow\">Juliane Ferreira Aguiar<\/a>, from Tocantins;\u00a0<\/span><\/p><p><span style=\"font-weight: 400;\"><a href=\"https:\/\/revistaquem.globo.com\/QUEM-News\/noticia\/2020\/09\/belle-silva-lamenta-morte-de-prima-que-estava-gravida-pela-covid-19.html\" target=\"_blank\" rel=\"noopener noreferrer nofollow\">Michele Paullino<\/a>, from Rio de Janeiro<\/span><\/p><p><span style=\"font-weight: 400;\"><a href=\"https:\/\/globoplay.globo.com\/v\/8827824\/\" target=\"_blank\" rel=\"noopener noreferrer nofollow\">Luciclea de Moraes<\/a> and a <a href=\"https:\/\/www.pocosja.com.br\/2020\/08\/06\/boletim-mulher-de-27-anos-morre-com-covid-19\/\" target=\"_blank\" rel=\"noopener noreferrer nofollow\">woman with undisclosed name<\/a> in Minas Gerais.<\/span><\/p><p><span style=\"font-weight: 400;\">A survey published in May by the Institute already drew attention to the situation of more deaths in Brazil than in other countries and to the need for special care for pregnant women and women who have recently given birth \u2013 women in the postpartum phase. <\/span><a href=\"https:\/\/institutosantosdumont.org.br\/en\/2020\/05\/28\/brasil-tem-mais-mortes-maternas-associadas-a-covid-19-do-que-8-paises-juntos\/\"><span style=\"font-weight: 400;\">Click here to read<\/span><\/a><span style=\"font-weight: 400;\">. <\/span><\/p><p><span style=\"font-weight: 400;\">Recommended precautions during the pandemic \u2013 such as maintaining prenatal appointments \u2013 were also the subject of an interview with the Institute&#039;s general director and specialist in fetal medicine, Reginaldo Freitas J\u00fanior. <\/span><a href=\"https:\/\/institutosantosdumont.org.br\/en\/2020\/06\/18\/covid-19-e-gravidez-a-gravida-e-a-puerpera-merecem-sim-cuidados-muito-especiais\/\"><span style=\"font-weight: 400;\">Click here to access the full interview.\u00a0<\/span><\/a><\/p>\t\t\t\t\t\t\t\t<\/div>\n\t\t\t\t<\/div>\n\t\t\t\t\t<\/div>\n\t\t<\/div>\n\t\t\t\t\t<\/div>\n\t\t<\/section>\n\t\t\t\t<section class=\"elementor-section elementor-top-section elementor-element elementor-element-37f57941 elementor-section-boxed elementor-section-height-default elementor-section-height-default\" data-id=\"37f57941\" data-element_type=\"section\">\n\t\t\t\t\t\t<div class=\"elementor-container elementor-column-gap-default\">\n\t\t\t\t\t<div class=\"elementor-column elementor-col-100 elementor-top-column elementor-element elementor-element-1b8e3c2\" data-id=\"1b8e3c2\" data-element_type=\"column\">\n\t\t\t<div class=\"elementor-widget-wrap elementor-element-populated\">\n\t\t\t\t\t\t<div class=\"elementor-element elementor-element-357ccf86 elementor-widget-divider--view-line elementor-widget elementor-widget-divider\" data-id=\"357ccf86\" data-element_type=\"widget\" data-widget_type=\"divider.default\">\n\t\t\t\t<div class=\"elementor-widget-container\">\n\t\t\t\t\t\t\t<div class=\"elementor-divider\">\n\t\t\t<span class=\"elementor-divider-separator\">\n\t\t\t\t\t\t<\/span>\n\t\t<\/div>\n\t\t\t\t\t\t<\/div>\n\t\t\t\t<\/div>\n\t\t\t\t<div class=\"elementor-element elementor-element-4307ff9e elementor-widget elementor-widget-spacer\" data-id=\"4307ff9e\" data-element_type=\"widget\" data-widget_type=\"spacer.default\">\n\t\t\t\t<div class=\"elementor-widget-container\">\n\t\t\t\t\t\t\t<div class=\"elementor-spacer\">\n\t\t\t<div class=\"elementor-spacer-inner\"><\/div>\n\t\t<\/div>\n\t\t\t\t\t\t<\/div>\n\t\t\t\t<\/div>\n\t\t\t\t<section class=\"elementor-section elementor-inner-section elementor-element elementor-element-6aa318c2 elementor-section-boxed elementor-section-height-default elementor-section-height-default\" data-id=\"6aa318c2\" data-element_type=\"section\">\n\t\t\t\t\t\t<div class=\"elementor-container elementor-column-gap-default\">\n\t\t\t\t\t<div class=\"elementor-column elementor-col-50 elementor-inner-column elementor-element elementor-element-5fac797d\" data-id=\"5fac797d\" data-element_type=\"column\">\n\t\t\t<div class=\"elementor-widget-wrap elementor-element-populated\">\n\t\t\t\t\t\t<div class=\"elementor-element elementor-element-4cfff7ac elementor-view-default elementor-widget elementor-widget-icon\" data-id=\"4cfff7ac\" data-element_type=\"widget\" data-widget_type=\"icon.default\">\n\t\t\t\t<div class=\"elementor-widget-container\">\n\t\t\t\t\t\t\t<div class=\"elementor-icon-wrapper\">\n\t\t\t<div class=\"elementor-icon\">\n\t\t\t\t\t\t\t<i class=\"fa fa-pencil-square-o\" aria-hidden=\"true\"><\/i>\n\t\t\t\t\t\t<\/div>\n\t\t<\/div>\n\t\t\t\t\t\t<\/div>\n\t\t\t\t<\/div>\n\t\t\t\t<div class=\"elementor-element elementor-element-2a87e5a4 elementor-widget elementor-widget-text-editor\" data-id=\"2a87e5a4\" data-element_type=\"widget\" data-widget_type=\"text-editor.default\">\n\t\t\t\t<div class=\"elementor-widget-container\">\n\t\t\t\t\t\t\t\t\t<div data-id=\"rjpprlj\" data-element_type=\"text-editor.default\"><p><strong>Text:\u00a0<\/strong>\u00a0Renata Moura \u2013 journalist \/ Ascom \u2013 ISD<\/p><\/div>\t\t\t\t\t\t\t\t<\/div>\n\t\t\t\t<\/div>\n\t\t\t\t<div class=\"elementor-element elementor-element-2d453740 elementor-widget elementor-widget-text-editor\" data-id=\"2d453740\" data-element_type=\"widget\" data-widget_type=\"text-editor.default\">\n\t\t\t\t<div class=\"elementor-widget-container\">\n\t\t\t\t\t\t\t\t\t<p><strong>Communication Office<\/strong><br \/> comunicacao@isd.org.br<br \/> (84) 99416-1880<\/p>\t\t\t\t\t\t\t\t<\/div>\n\t\t\t\t<\/div>\n\t\t\t\t\t<\/div>\n\t\t<\/div>\n\t\t\t\t<div class=\"elementor-column elementor-col-50 elementor-inner-column elementor-element elementor-element-44d47dbd\" data-id=\"44d47dbd\" data-element_type=\"column\" data-settings=\"{&quot;background_background&quot;:&quot;classic&quot;}\">\n\t\t\t<div class=\"elementor-widget-wrap elementor-element-populated\">\n\t\t\t\t\t\t<div class=\"elementor-element elementor-element-46787b31 elementor-widget elementor-widget-text-editor\" data-id=\"46787b31\" data-element_type=\"widget\" data-widget_type=\"text-editor.default\">\n\t\t\t\t<div class=\"elementor-widget-container\">\n\t\t\t\t\t\t\t\t\t<h3><strong><span style=\"color: #ffffff;\">Santos Dumont Institute (ISD)<\/span><\/strong><\/h3><p><span style=\"color: #ffffff;\">It is a Social Organization linked to the Ministry of Education (MEC) and includes the Edmond and Lily Safra International Institute of Neurosciences and the Anita Garibaldi Health Education and Research Center, both in Maca\u00edba. ISD&#039;s mission is to promote education for life, forming citizens through integrated teaching, research and extension actions, in addition to contributing to a fairer and more humane transformation of Brazilian social reality.<\/span><\/p>\t\t\t\t\t\t\t\t<\/div>\n\t\t\t\t<\/div>\n\t\t\t\t\t<\/div>\n\t\t<\/div>\n\t\t\t\t\t<\/div>\n\t\t<\/section>\n\t\t\t\t\t<\/div>\n\t\t<\/div>\n\t\t\t\t\t<\/div>\n\t\t<\/section>\n\t\t\t\t<\/div>","protected":false},"excerpt":{"rendered":"<p>Dados oficiais sobre mortes de mulheres gr\u00e1vidas por Covid-19 mostram 145% mais casos no Brasil do que nos Estados Unidos. Enquanto em territ\u00f3rio americano o Centro de Controle e Preven\u00e7\u00e3o de Doen\u00e7as (CDC) apontou na semana passada 55 \u00f3bitos entre janeiro e setembro, no Brasil, 135 foram confirmados pelo governo federal at\u00e9 1\u00ba de agosto [&hellip;]<\/p>","protected":false},"author":10,"featured_media":0,"comment_status":"open","ping_status":"open","sticky":false,"template":"","format":"standard","meta":{"_acf_changed":false,"footnotes":""},"categories":[1],"tags":[],"class_list":["post-19876","post","type-post","status-publish","format-standard","hentry","category-destaque_noticia"],"acf":[],"_links":{"self":[{"href":"https:\/\/institutosantosdumont.org.br\/en\/wp-json\/wp\/v2\/posts\/19876","targetHints":{"allow":["GET"]}}],"collection":[{"href":"https:\/\/institutosantosdumont.org.br\/en\/wp-json\/wp\/v2\/posts"}],"about":[{"href":"https:\/\/institutosantosdumont.org.br\/en\/wp-json\/wp\/v2\/types\/post"}],"author":[{"embeddable":true,"href":"https:\/\/institutosantosdumont.org.br\/en\/wp-json\/wp\/v2\/users\/10"}],"replies":[{"embeddable":true,"href":"https:\/\/institutosantosdumont.org.br\/en\/wp-json\/wp\/v2\/comments?post=19876"}],"version-history":[{"count":0,"href":"https:\/\/institutosantosdumont.org.br\/en\/wp-json\/wp\/v2\/posts\/19876\/revisions"}],"wp:attachment":[{"href":"https:\/\/institutosantosdumont.org.br\/en\/wp-json\/wp\/v2\/media?parent=19876"}],"wp:term":[{"taxonomy":"category","embeddable":true,"href":"https:\/\/institutosantosdumont.org.br\/en\/wp-json\/wp\/v2\/categories?post=19876"},{"taxonomy":"post_tag","embeddable":true,"href":"https:\/\/institutosantosdumont.org.br\/en\/wp-json\/wp\/v2\/tags?post=19876"}],"curies":[{"name":"wp","href":"https:\/\/api.w.org\/{rel}","templated":true}]}}