{"id":19890,"date":"2020-10-05T14:31:07","date_gmt":"2020-10-05T17:31:07","guid":{"rendered":"http:\/\/www.institutosantosdumont.org.br\/?p=19890"},"modified":"2020-10-05T16:42:12","modified_gmt":"2020-10-05T19:42:12","slug":"qualificacao-isd-recebe-residente-do-para-e-amplia-atuacao-como-centro-de-formacao-referencia-no-brasil","status":"publish","type":"post","link":"https:\/\/institutosantosdumont.org.br\/en\/qualificacao-isd-recebe-residente-do-para-e-amplia-atuacao-como-centro-de-formacao-referencia-no-brasil\/","title":{"rendered":"Health qualification: ISD receives a resident from Par\u00e1 and expands its role as a reference training center in Brazil"},"content":{"rendered":"<div data-elementor-type=\"wp-post\" data-elementor-id=\"19890\" class=\"elementor elementor-19890\" data-elementor-post-type=\"post\">\n\t\t\t\t\t\t<section class=\"elementor-section elementor-top-section elementor-element elementor-element-7778bed elementor-section-boxed elementor-section-height-default elementor-section-height-default\" data-id=\"7778bed\" data-element_type=\"section\">\n\t\t\t\t\t\t<div class=\"elementor-container elementor-column-gap-default\">\n\t\t\t\t\t<div class=\"elementor-column elementor-col-100 elementor-top-column elementor-element elementor-element-c55b9aa\" data-id=\"c55b9aa\" data-element_type=\"column\">\n\t\t\t<div class=\"elementor-widget-wrap elementor-element-populated\">\n\t\t\t\t\t\t<div class=\"elementor-element elementor-element-44ec8cb elementor-widget elementor-widget-image\" data-id=\"44ec8cb\" data-element_type=\"widget\" data-widget_type=\"image.default\">\n\t\t\t\t<div class=\"elementor-widget-container\">\n\t\t\t\t\t\t\t\t\t\t\t\t<figure class=\"wp-caption\">\n\t\t\t\t\t\t\t\t\t\t<img fetchpriority=\"high\" decoding=\"async\" width=\"800\" height=\"450\" src=\"https:\/\/institutosantosdumont.org.br\/wp-content\/uploads\/2020\/10\/Est\u00e1gio-no-ISD-Gradua\u00e7\u00e3o-e-Resid\u00eancia-capa-1024x576.jpg\" class=\"attachment-large size-large wp-image-19907\" alt=\"\" srcset=\"https:\/\/institutosantosdumont.org.br\/wp-content\/uploads\/2020\/10\/Est\u00e1gio-no-ISD-Gradua\u00e7\u00e3o-e-Resid\u00eancia-capa-1024x576.jpg 1024w, https:\/\/institutosantosdumont.org.br\/wp-content\/uploads\/2020\/10\/Est\u00e1gio-no-ISD-Gradua\u00e7\u00e3o-e-Resid\u00eancia-capa-300x169.jpg 300w, https:\/\/institutosantosdumont.org.br\/wp-content\/uploads\/2020\/10\/Est\u00e1gio-no-ISD-Gradua\u00e7\u00e3o-e-Resid\u00eancia-capa-768x432.jpg 768w, https:\/\/institutosantosdumont.org.br\/wp-content\/uploads\/2020\/10\/Est\u00e1gio-no-ISD-Gradua\u00e7\u00e3o-e-Resid\u00eancia-capa.jpg 1200w\" sizes=\"(max-width: 800px) 100vw, 800px\" \/>\t\t\t\t\t\t\t\t\t\t\t<figcaption class=\"widget-image-caption wp-caption-text\">Institutional presentation held on Monday morning (05) to Ana Paula, a resident of Par\u00e1, and to undergraduate physiotherapy students from UFRN who will be doing an internship at Anita. In the image, social worker and preceptor Alexandra Lima talks about the work of the ISD<\/figcaption>\n\t\t\t\t\t\t\t\t\t\t<\/figure>\n\t\t\t\t\t\t\t\t\t<\/div>\n\t\t\t\t<\/div>\n\t\t\t\t<div class=\"elementor-element elementor-element-6870c9b elementor-widget elementor-widget-text-editor\" data-id=\"6870c9b\" data-element_type=\"widget\" data-widget_type=\"text-editor.default\">\n\t\t\t\t<div class=\"elementor-widget-container\">\n\t\t\t\t\t\t\t\t\t<p>The Santos Dumont Institute (ISD), a reference in teaching, research and extension in maternal and child health, people with disabilities, neuroscience and neuroengineering, will be an internship site for the first time for the Neurology Residency Program at the Par\u00e1 State University Center (CESUPA).<\/p><p>The \u201cexchange\u201d begins this Monday (05) with physiotherapist Ana Paula Monteiro de Ara\u00fajo, in her second year of residency in the Par\u00e1 program. For a month, she will develop activities at the Anita Garibaldi Center for Education and Research in Health and at the Edmond and Lily Safra International Institute of Neuroscience (IIN-ELS), at the ISD, in Maca\u00edba (RN), expanding the movement of students from different parts of Brazil and the world who see the Institute as a reference training center for health professions.\u00a0<\/p><figure id=\"attachment_19906\" aria-describedby=\"caption-attachment-19906\" style=\"width: 1024px\" class=\"wp-caption alignnone\"><a href=\"https:\/\/institutosantosdumont.org.br\/wp-content\/uploads\/2020\/10\/Ana-Paula-Monteiro-de-Ara\u00fajo-residente-do-Par\u00e1-far\u00e1-est\u00e1gio-no-Anita-do-ISD-e1601923194675.jpg\"><img decoding=\"async\" class=\"wp-image-19906 size-large\" src=\"https:\/\/institutosantosdumont.org.br\/wp-content\/uploads\/2020\/10\/Ana-Paula-Monteiro-de-Ara\u00fajo-residente-do-Par\u00e1-far\u00e1-est\u00e1gio-no-Anita-do-ISD-e1601923194675-1024x1024.jpg\" alt=\"\" width=\"1024\" height=\"1024\" srcset=\"https:\/\/institutosantosdumont.org.br\/wp-content\/uploads\/2020\/10\/Ana-Paula-Monteiro-de-Ara\u00fajo-residente-do-Par\u00e1-far\u00e1-est\u00e1gio-no-Anita-do-ISD-e1601923194675-1024x1024.jpg 1024w, https:\/\/institutosantosdumont.org.br\/wp-content\/uploads\/2020\/10\/Ana-Paula-Monteiro-de-Ara\u00fajo-residente-do-Par\u00e1-far\u00e1-est\u00e1gio-no-Anita-do-ISD-e1601923194675-150x150.jpg 150w, https:\/\/institutosantosdumont.org.br\/wp-content\/uploads\/2020\/10\/Ana-Paula-Monteiro-de-Ara\u00fajo-residente-do-Par\u00e1-far\u00e1-est\u00e1gio-no-Anita-do-ISD-e1601923194675-300x300.jpg 300w, https:\/\/institutosantosdumont.org.br\/wp-content\/uploads\/2020\/10\/Ana-Paula-Monteiro-de-Ara\u00fajo-residente-do-Par\u00e1-far\u00e1-est\u00e1gio-no-Anita-do-ISD-e1601923194675-768x768.jpg 768w\" sizes=\"(max-width: 1024px) 100vw, 1024px\" \/><\/a><figcaption id=\"caption-attachment-19906\" class=\"wp-caption-text\">Ana Paula Monteiro de Ara\u00fajo is a student of the Neurology Residency Program at the Par\u00e1 State University Center (CESUPA): Exchange<\/figcaption><\/figure><p>\u201cThis is a movement that has been intensifying and that tends to expand even further in the coming years at the Institute\u201d, says Lilian Lisboa, Anita\u2019s manager.<\/p><p>The ISD has its own Multiprofessional Residency program in Health Care for People with Disabilities and, in Rio Grande do Norte, it maintains agreements with five Medical Residency Programs (Gynecology and Obstetrics MEJC, Gynecology and Obstetrics HUAB, Neuropediatrics HUOL, Pediatrics HUOL, and Pediatrics HUAB) and four Multiprofessional Residency Programs (Maternal and Child EMCM, Maternal and Child HUAB, Child Health HUOL and Neonatology MEJC) linked to UFRN.<\/p><p>In the first half of 2020, the Institute also signed an agreement with the Varela Santiago Children&#039;s Hospital (HIVS), with which it now works with 100% of the pediatric medical residency programs existing in the state.\u00a0<\/p><p>\u201cWe welcome undergraduate students from UFRN for internships and, in postgraduate studies, medical residencies and the Multiprofessional program have already attracted professionals from states such as S\u00e3o Paulo, Para\u00edba and, in 2021, from Bahia for the first time\u201d, says Lilian.\u00a0<\/p><p>\u201cBeing seen as a reference center for the practical training of these students, as a service of excellence that will add to them an exchange of experiences and knowledge that can be applied and added to other services within and outside the Unified Health System is extremely healthy for everyone\u201d, he adds.<\/p><p>At the Edmond and Lily Safra International Institute of Neuroscience, this reality is also visible in the Master&#039;s in Neuroengineering, with students from institutions in different regions of Brazil and abroad.<\/p><p><strong>Teaching-learning<\/strong><br \/>During her internship at ISD, Ana Paula Monteiro de Ara\u00fajo will have to complete a total workload of 300 hours, during which she will observe clinical care, participate in technical supervision and offer training to ISD students, as a means of fostering the exchange of knowledge.<\/p><p>The resident will carry out activities in the clinics for autism, neurogenic bladder, Parkinson&#039;s, epilepsy, children and adult spinal cord injury. She will have as practice scenarios both Anita and IIN-ELS, in projects linked to the Specialized Rehabilitation Center.<\/p><p>In the Neurology Residency Program in Par\u00e1, aimed at physiotherapy, nursing and nutrition professionals, she gained experience in the ICU and ward with neurological patients at the trauma referral hospital, as well as in the oncology area \u2013 with patients with neurological involvement \u2013 from where she will move on to the neonatal ICU and pediatric care.<\/p><p>\u201cThroughout my undergraduate studies, my line of research was focused on Parkinson&#039;s Disease, but I always wanted to delve deeper into neuropediatrics, which I began to pursue during my residency, and I think the experience I will have at Anita will add to my experience in every way,\u201d notes Ana Paula.<\/p><p>\u201cOne of the advantages I see is that the exchange with the multidisciplinary team will be different, because here the program brings together different professions from ours (in addition to physiotherapy, the ISD program includes speech therapy, social work and psychology). In addition, I will gain more time in the outpatient area, with which I identify more, and experience with autism, an area in which I still cannot work directly in Par\u00e1 and in which there is still a lot to discover\u201d.<\/p><p>On the first day of her internship, this Monday, Ana Paula was initially welcomed with an institutional presentation of ISD&#039;s work.<\/p><p>The presentation was given by social worker and tutor Alexandra Lima and also included the participation of Raquel Praxedes, a resident at Onofre Lopes University Hospital who is starting a month of internship in pediatrics residency at Anita, and Pricila Rezende, Ikaro Patr\u00edcio, Lidiane Delgado, Fernanda Elizabeth, Liziane Mafra and Rachel Souza, from the 9th and 10th periods of undergraduate physiotherapy at UFRN, who will be doing internship activities in the areas of gynecology and obstetrics. In the photo below, they appear in a supervised practical activity.<\/p><figure id=\"attachment_19904\" aria-describedby=\"caption-attachment-19904\" style=\"width: 1024px\" class=\"wp-caption alignnone\"><a href=\"https:\/\/institutosantosdumont.org.br\/wp-content\/uploads\/2020\/10\/Alunos-de-fisioterapia-em-est\u00e1gio-no-Anita-do-ISD-1.jpg\"><img decoding=\"async\" class=\"wp-image-19904 size-large\" src=\"https:\/\/institutosantosdumont.org.br\/wp-content\/uploads\/2020\/10\/Alunos-de-fisioterapia-em-est\u00e1gio-no-Anita-do-ISD-1-1024x576.jpg\" alt=\"\" width=\"1024\" height=\"576\" srcset=\"https:\/\/institutosantosdumont.org.br\/wp-content\/uploads\/2020\/10\/Alunos-de-fisioterapia-em-est\u00e1gio-no-Anita-do-ISD-1-1024x576.jpg 1024w, https:\/\/institutosantosdumont.org.br\/wp-content\/uploads\/2020\/10\/Alunos-de-fisioterapia-em-est\u00e1gio-no-Anita-do-ISD-1-300x169.jpg 300w, https:\/\/institutosantosdumont.org.br\/wp-content\/uploads\/2020\/10\/Alunos-de-fisioterapia-em-est\u00e1gio-no-Anita-do-ISD-1-768x432.jpg 768w\" sizes=\"(max-width: 1024px) 100vw, 1024px\" \/><\/a><figcaption id=\"caption-attachment-19904\" class=\"wp-caption-text\">Physiotherapy students from UFRN in a practical class at Anita, ISD. In the image, they appear with physiotherapist and master in neuroengineering from IIN-ELS\/ISD Valeria Azevedo<\/figcaption><\/figure>\t\t\t\t\t\t\t\t<\/div>\n\t\t\t\t<\/div>\n\t\t\t\t\t<\/div>\n\t\t<\/div>\n\t\t\t\t\t<\/div>\n\t\t<\/section>\n\t\t\t\t<section class=\"elementor-section elementor-top-section elementor-element elementor-element-201f704b elementor-section-boxed elementor-section-height-default elementor-section-height-default\" data-id=\"201f704b\" data-element_type=\"section\">\n\t\t\t\t\t\t<div class=\"elementor-container elementor-column-gap-default\">\n\t\t\t\t\t<div class=\"elementor-column elementor-col-100 elementor-top-column elementor-element elementor-element-610fb4b\" data-id=\"610fb4b\" data-element_type=\"column\">\n\t\t\t<div class=\"elementor-widget-wrap elementor-element-populated\">\n\t\t\t\t\t\t<div class=\"elementor-element elementor-element-aeb8cfb elementor-widget-divider--view-line elementor-widget elementor-widget-divider\" data-id=\"aeb8cfb\" data-element_type=\"widget\" data-widget_type=\"divider.default\">\n\t\t\t\t<div class=\"elementor-widget-container\">\n\t\t\t\t\t\t\t<div class=\"elementor-divider\">\n\t\t\t<span class=\"elementor-divider-separator\">\n\t\t\t\t\t\t<\/span>\n\t\t<\/div>\n\t\t\t\t\t\t<\/div>\n\t\t\t\t<\/div>\n\t\t\t\t<div class=\"elementor-element elementor-element-3b9bbc25 elementor-widget elementor-widget-spacer\" data-id=\"3b9bbc25\" data-element_type=\"widget\" data-widget_type=\"spacer.default\">\n\t\t\t\t<div class=\"elementor-widget-container\">\n\t\t\t\t\t\t\t<div class=\"elementor-spacer\">\n\t\t\t<div class=\"elementor-spacer-inner\"><\/div>\n\t\t<\/div>\n\t\t\t\t\t\t<\/div>\n\t\t\t\t<\/div>\n\t\t\t\t<section class=\"elementor-section elementor-inner-section elementor-element elementor-element-782b8c9e elementor-section-boxed elementor-section-height-default elementor-section-height-default\" data-id=\"782b8c9e\" data-element_type=\"section\">\n\t\t\t\t\t\t<div class=\"elementor-container elementor-column-gap-default\">\n\t\t\t\t\t<div class=\"elementor-column elementor-col-50 elementor-inner-column elementor-element elementor-element-64391df3\" data-id=\"64391df3\" data-element_type=\"column\">\n\t\t\t<div class=\"elementor-widget-wrap elementor-element-populated\">\n\t\t\t\t\t\t<div class=\"elementor-element elementor-element-5f5a5862 elementor-view-default elementor-widget elementor-widget-icon\" data-id=\"5f5a5862\" data-element_type=\"widget\" data-widget_type=\"icon.default\">\n\t\t\t\t<div class=\"elementor-widget-container\">\n\t\t\t\t\t\t\t<div class=\"elementor-icon-wrapper\">\n\t\t\t<div class=\"elementor-icon\">\n\t\t\t\t\t\t\t<i class=\"fa fa-pencil-square-o\" aria-hidden=\"true\"><\/i>\n\t\t\t\t\t\t<\/div>\n\t\t<\/div>\n\t\t\t\t\t\t<\/div>\n\t\t\t\t<\/div>\n\t\t\t\t<div class=\"elementor-element elementor-element-1c58db40 elementor-widget elementor-widget-text-editor\" data-id=\"1c58db40\" data-element_type=\"widget\" data-widget_type=\"text-editor.default\">\n\t\t\t\t<div class=\"elementor-widget-container\">\n\t\t\t\t\t\t\t\t\t<div data-id=\"rjpprlj\" data-element_type=\"text-editor.default\"><p><strong>Text and photos:\u00a0<\/strong>\u00a0Renata Moura \u2013 Journalist \/ Ascom ISD<\/p><\/div>\t\t\t\t\t\t\t\t<\/div>\n\t\t\t\t<\/div>\n\t\t\t\t<div class=\"elementor-element elementor-element-30152da9 elementor-widget elementor-widget-text-editor\" data-id=\"30152da9\" data-element_type=\"widget\" data-widget_type=\"text-editor.default\">\n\t\t\t\t<div class=\"elementor-widget-container\">\n\t\t\t\t\t\t\t\t\t<p><strong>Communication Office<\/strong><br \/> comunicacao@isd.org.br<br \/> (84) 99416-1880<\/p>\t\t\t\t\t\t\t\t<\/div>\n\t\t\t\t<\/div>\n\t\t\t\t\t<\/div>\n\t\t<\/div>\n\t\t\t\t<div class=\"elementor-column elementor-col-50 elementor-inner-column elementor-element elementor-element-673e9b13\" data-id=\"673e9b13\" data-element_type=\"column\" data-settings=\"{&quot;background_background&quot;:&quot;classic&quot;}\">\n\t\t\t<div class=\"elementor-widget-wrap elementor-element-populated\">\n\t\t\t\t\t\t<div class=\"elementor-element elementor-element-269fef98 elementor-widget elementor-widget-text-editor\" data-id=\"269fef98\" data-element_type=\"widget\" data-widget_type=\"text-editor.default\">\n\t\t\t\t<div class=\"elementor-widget-container\">\n\t\t\t\t\t\t\t\t\t<h3><strong><span style=\"color: #ffffff;\">Santos Dumont Institute (ISD)<\/span><\/strong><\/h3><p><span style=\"color: #ffffff;\">It is a Social Organization linked to the Ministry of Education (MEC) and includes the Edmond and Lily Safra International Institute of Neurosciences and the Anita Garibaldi Health Education and Research Center, both in Maca\u00edba. ISD&#039;s mission is to promote education for life, forming citizens through integrated teaching, research and extension actions, in addition to contributing to a fairer and more humane transformation of Brazilian social reality.<\/span><\/p>\t\t\t\t\t\t\t\t<\/div>\n\t\t\t\t<\/div>\n\t\t\t\t\t<\/div>\n\t\t<\/div>\n\t\t\t\t\t<\/div>\n\t\t<\/section>\n\t\t\t\t\t<\/div>\n\t\t<\/div>\n\t\t\t\t\t<\/div>\n\t\t<\/section>\n\t\t\t\t<\/div>","protected":false},"excerpt":{"rendered":"<p>A student from the Neurology Residency Program at the State University Center of Par\u00e1 will complete a one-month internship at the Institute.<\/p>","protected":false},"author":10,"featured_media":19907,"comment_status":"open","ping_status":"open","sticky":false,"template":"","format":"standard","meta":{"_acf_changed":false,"footnotes":""},"categories":[1],"tags":[],"class_list":["post-19890","post","type-post","status-publish","format-standard","has-post-thumbnail","hentry","category-destaque_noticia"],"acf":[],"_links":{"self":[{"href":"https:\/\/institutosantosdumont.org.br\/en\/wp-json\/wp\/v2\/posts\/19890","targetHints":{"allow":["GET"]}}],"collection":[{"href":"https:\/\/institutosantosdumont.org.br\/en\/wp-json\/wp\/v2\/posts"}],"about":[{"href":"https:\/\/institutosantosdumont.org.br\/en\/wp-json\/wp\/v2\/types\/post"}],"author":[{"embeddable":true,"href":"https:\/\/institutosantosdumont.org.br\/en\/wp-json\/wp\/v2\/users\/10"}],"replies":[{"embeddable":true,"href":"https:\/\/institutosantosdumont.org.br\/en\/wp-json\/wp\/v2\/comments?post=19890"}],"version-history":[{"count":0,"href":"https:\/\/institutosantosdumont.org.br\/en\/wp-json\/wp\/v2\/posts\/19890\/revisions"}],"wp:featuredmedia":[{"embeddable":true,"href":"https:\/\/institutosantosdumont.org.br\/en\/wp-json\/wp\/v2\/media\/19907"}],"wp:attachment":[{"href":"https:\/\/institutosantosdumont.org.br\/en\/wp-json\/wp\/v2\/media?parent=19890"}],"wp:term":[{"taxonomy":"category","embeddable":true,"href":"https:\/\/institutosantosdumont.org.br\/en\/wp-json\/wp\/v2\/categories?post=19890"},{"taxonomy":"post_tag","embeddable":true,"href":"https:\/\/institutosantosdumont.org.br\/en\/wp-json\/wp\/v2\/tags?post=19890"}],"curies":[{"name":"wp","href":"https:\/\/api.w.org\/{rel}","templated":true}]}}