{"id":20200,"date":"2020-11-05T16:37:11","date_gmt":"2020-11-05T19:37:11","guid":{"rendered":"http:\/\/www.institutosantosdumont.org.br\/?p=20200"},"modified":"2020-11-06T12:20:47","modified_gmt":"2020-11-06T15:20:47","slug":"parque-cientifico-e-tecnologico-do-rn-recebe-visita-de-potenciais-investidores","status":"publish","type":"post","link":"https:\/\/institutosantosdumont.org.br\/en\/parque-cientifico-e-tecnologico-do-rn-recebe-visita-de-potenciais-investidores\/","title":{"rendered":"Scientific and Technological Park of RN receives visit from potential investors"},"content":{"rendered":"<div data-elementor-type=\"wp-post\" data-elementor-id=\"20200\" class=\"elementor elementor-20200\" data-elementor-post-type=\"post\">\n\t\t\t\t\t\t<section class=\"elementor-section elementor-top-section elementor-element elementor-element-e77970a elementor-section-boxed elementor-section-height-default elementor-section-height-default\" data-id=\"e77970a\" data-element_type=\"section\">\n\t\t\t\t\t\t<div class=\"elementor-container elementor-column-gap-default\">\n\t\t\t\t\t<div class=\"elementor-column elementor-col-100 elementor-top-column elementor-element elementor-element-2c91e21\" data-id=\"2c91e21\" data-element_type=\"column\">\n\t\t\t<div class=\"elementor-widget-wrap elementor-element-populated\">\n\t\t\t\t\t\t<div class=\"elementor-element elementor-element-547ed0d elementor-widget elementor-widget-image\" data-id=\"547ed0d\" data-element_type=\"widget\" data-widget_type=\"image.default\">\n\t\t\t\t<div class=\"elementor-widget-container\">\n\t\t\t\t\t\t\t\t\t\t\t\t<figure class=\"wp-caption\">\n\t\t\t\t\t\t\t\t\t\t<img fetchpriority=\"high\" decoding=\"async\" width=\"800\" height=\"389\" src=\"https:\/\/institutosantosdumont.org.br\/wp-content\/uploads\/2020\/11\/05-11-2020-Potenciais-investidores-visitam-Parque-Cient\u00edfico-e-Tecnol\u00f3gico-do-RN-e-Instituto-Internacional-de-Neuroci\u00eancias-Edmond-e-Lily-Safra_-Fotos-Renata-Mou-7-1024x498.jpg\" class=\"attachment-large size-large wp-image-20208\" alt=\"\" srcset=\"https:\/\/institutosantosdumont.org.br\/wp-content\/uploads\/2020\/11\/05-11-2020-Potenciais-investidores-visitam-Parque-Cient\u00edfico-e-Tecnol\u00f3gico-do-RN-e-Instituto-Internacional-de-Neuroci\u00eancias-Edmond-e-Lily-Safra_-Fotos-Renata-Mou-7-1024x498.jpg 1024w, https:\/\/institutosantosdumont.org.br\/wp-content\/uploads\/2020\/11\/05-11-2020-Potenciais-investidores-visitam-Parque-Cient\u00edfico-e-Tecnol\u00f3gico-do-RN-e-Instituto-Internacional-de-Neuroci\u00eancias-Edmond-e-Lily-Safra_-Fotos-Renata-Mou-7-300x146.jpg 300w, https:\/\/institutosantosdumont.org.br\/wp-content\/uploads\/2020\/11\/05-11-2020-Potenciais-investidores-visitam-Parque-Cient\u00edfico-e-Tecnol\u00f3gico-do-RN-e-Instituto-Internacional-de-Neuroci\u00eancias-Edmond-e-Lily-Safra_-Fotos-Renata-Mou-7-768x373.jpg 768w, https:\/\/institutosantosdumont.org.br\/wp-content\/uploads\/2020\/11\/05-11-2020-Potenciais-investidores-visitam-Parque-Cient\u00edfico-e-Tecnol\u00f3gico-do-RN-e-Instituto-Internacional-de-Neuroci\u00eancias-Edmond-e-Lily-Safra_-Fotos-Renata-Mou-7-e1604608505755.jpg 1200w\" sizes=\"(max-width: 800px) 100vw, 800px\" \/>\t\t\t\t\t\t\t\t\t\t\t<figcaption class=\"widget-image-caption wp-caption-text\">The general director of ISD, Reginaldo Freitas J\u00fanior (on the right), presented to representatives of companies and entities from the productive sector the building where the Augusto Severo Science and Technology Park (PAX) will operate<\/figcaption>\n\t\t\t\t\t\t\t\t\t\t<\/figure>\n\t\t\t\t\t\t\t\t\t<\/div>\n\t\t\t\t<\/div>\n\t\t\t\t<div class=\"elementor-element elementor-element-bc4a74e elementor-widget elementor-widget-text-editor\" data-id=\"bc4a74e\" data-element_type=\"widget\" data-widget_type=\"text-editor.default\">\n\t\t\t\t<div class=\"elementor-widget-container\">\n\t\t\t\t\t\t\t\t\t<p><strong>Renata Moura and Kamila Tuenia<\/strong><\/p><p>reporters<\/p><p>\u00a0<\/p><p><span style=\"font-weight: 400;\">The Santos Dumont Institute (ISD) received this Thursday (05) representatives of the state government, entities from the productive sector and companies from the energy and construction materials industry sectors in a visit that included the Edmond and Lily Safra International Institute of Neuroscience (IIN-ELS) and the future facilities of the Augusto Severo Science and Technology Park (PAX), a project neighboring the IIN-ELS that has the ISD among its founders.\u00a0<\/span><\/p><p><span style=\"font-weight: 400;\">The park will operate in the area known as the Brain Campus, in Maca\u00edba (RN), in a building of the Federal University of Rio Grande do Norte (UFRN) next to the Edmond and Lily Safra International Institute of Neurosciences. The expectation is that calls for proposals for the construction work required for the new project will be launched next year and that the first phase of operations will begin in 2022.<\/span><\/p><p><span style=\"font-weight: 400;\">\u201cA major strength of PAX is its ability to articulate and bring together different social actors from Rio Grande do Norte, aligned with the strategies for making the project viable, within the time required for a project of this magnitude. To achieve this, having the main structure ready is another important strength,\u201d said ISD general director Reginaldo Freitas J\u00fanior.<\/span><\/p><p><span style=\"font-weight: 400;\">According to him, the occupation of the Park strengthens the work already carried out by the ISD in technology and health and should bring the state&#039;s research institutions and the productive sector closer together.\u00a0<\/span><\/p><h4><em>See below a photo gallery of the visit to the building where the Science Park will operate and the Edmond and Lily Safra International Institute of Neuroscience.<\/em><\/h4><p><div id='gallery-1' class='gallery galleryid-20200 gallery-columns-3 gallery-size-medium'><figure class='gallery-item'>\n\t\t\t<div class='gallery-icon landscape'>\n\t\t\t\t<a href='https:\/\/institutosantosdumont.org.br\/wp-content\/uploads\/2020\/11\/05-11-2020-Potenciais-investidores-visitam-Parque-Cient\u00edfico-e-Tecnol\u00f3gico-do-RN-e-Instituto-Internacional-de-Neuroci\u00eancias-Edmond-e-Lily-Safra_-Fotos-Renata-Mou-4.jpg'><img decoding=\"async\" width=\"300\" height=\"146\" src=\"https:\/\/institutosantosdumont.org.br\/wp-content\/uploads\/2020\/11\/05-11-2020-Potenciais-investidores-visitam-Parque-Cient\u00edfico-e-Tecnol\u00f3gico-do-RN-e-Instituto-Internacional-de-Neuroci\u00eancias-Edmond-e-Lily-Safra_-Fotos-Renata-Mou-4-300x146.jpg\" class=\"attachment-medium size-medium\" alt=\"\" srcset=\"https:\/\/institutosantosdumont.org.br\/wp-content\/uploads\/2020\/11\/05-11-2020-Potenciais-investidores-visitam-Parque-Cient\u00edfico-e-Tecnol\u00f3gico-do-RN-e-Instituto-Internacional-de-Neuroci\u00eancias-Edmond-e-Lily-Safra_-Fotos-Renata-Mou-4-300x146.jpg 300w, https:\/\/institutosantosdumont.org.br\/wp-content\/uploads\/2020\/11\/05-11-2020-Potenciais-investidores-visitam-Parque-Cient\u00edfico-e-Tecnol\u00f3gico-do-RN-e-Instituto-Internacional-de-Neuroci\u00eancias-Edmond-e-Lily-Safra_-Fotos-Renata-Mou-4-768x373.jpg 768w, https:\/\/institutosantosdumont.org.br\/wp-content\/uploads\/2020\/11\/05-11-2020-Potenciais-investidores-visitam-Parque-Cient\u00edfico-e-Tecnol\u00f3gico-do-RN-e-Instituto-Internacional-de-Neuroci\u00eancias-Edmond-e-Lily-Safra_-Fotos-Renata-Mou-4-1024x498.jpg 1024w\" sizes=\"(max-width: 300px) 100vw, 300px\" \/><\/a>\n\t\t\t<\/div><\/figure><figure class='gallery-item'>\n\t\t\t<div class='gallery-icon landscape'>\n\t\t\t\t<a href='https:\/\/institutosantosdumont.org.br\/wp-content\/uploads\/2020\/11\/05-11-2020-Potenciais-investidores-visitam-Parque-Cient\u00edfico-e-Tecnol\u00f3gico-do-RN-e-Instituto-Internacional-de-Neuroci\u00eancias-Edmond-e-Lily-Safra_-Fotos-Renata-Mou-5.jpg'><img decoding=\"async\" width=\"300\" height=\"146\" src=\"https:\/\/institutosantosdumont.org.br\/wp-content\/uploads\/2020\/11\/05-11-2020-Potenciais-investidores-visitam-Parque-Cient\u00edfico-e-Tecnol\u00f3gico-do-RN-e-Instituto-Internacional-de-Neuroci\u00eancias-Edmond-e-Lily-Safra_-Fotos-Renata-Mou-5-300x146.jpg\" class=\"attachment-medium size-medium\" alt=\"\" srcset=\"https:\/\/institutosantosdumont.org.br\/wp-content\/uploads\/2020\/11\/05-11-2020-Potenciais-investidores-visitam-Parque-Cient\u00edfico-e-Tecnol\u00f3gico-do-RN-e-Instituto-Internacional-de-Neuroci\u00eancias-Edmond-e-Lily-Safra_-Fotos-Renata-Mou-5-300x146.jpg 300w, https:\/\/institutosantosdumont.org.br\/wp-content\/uploads\/2020\/11\/05-11-2020-Potenciais-investidores-visitam-Parque-Cient\u00edfico-e-Tecnol\u00f3gico-do-RN-e-Instituto-Internacional-de-Neuroci\u00eancias-Edmond-e-Lily-Safra_-Fotos-Renata-Mou-5-768x373.jpg 768w, https:\/\/institutosantosdumont.org.br\/wp-content\/uploads\/2020\/11\/05-11-2020-Potenciais-investidores-visitam-Parque-Cient\u00edfico-e-Tecnol\u00f3gico-do-RN-e-Instituto-Internacional-de-Neuroci\u00eancias-Edmond-e-Lily-Safra_-Fotos-Renata-Mou-5-1024x498.jpg 1024w\" sizes=\"(max-width: 300px) 100vw, 300px\" \/><\/a>\n\t\t\t<\/div><\/figure><figure class='gallery-item'>\n\t\t\t<div class='gallery-icon landscape'>\n\t\t\t\t<a href='https:\/\/institutosantosdumont.org.br\/wp-content\/uploads\/2020\/11\/05-11-2020-Potenciais-investidores-visitam-Parque-Cient\u00edfico-e-Tecnol\u00f3gico-do-RN-e-Instituto-Internacional-de-Neuroci\u00eancias-Edmond-e-Lily-Safra_-Fotos-Renata-Mou-6-e1604605732223.jpg'><img loading=\"lazy\" decoding=\"async\" width=\"300\" height=\"300\" src=\"https:\/\/institutosantosdumont.org.br\/wp-content\/uploads\/2020\/11\/05-11-2020-Potenciais-investidores-visitam-Parque-Cient\u00edfico-e-Tecnol\u00f3gico-do-RN-e-Instituto-Internacional-de-Neuroci\u00eancias-Edmond-e-Lily-Safra_-Fotos-Renata-Mou-6-e1604605732223-300x300.jpg\" class=\"attachment-medium size-medium\" alt=\"\" srcset=\"https:\/\/institutosantosdumont.org.br\/wp-content\/uploads\/2020\/11\/05-11-2020-Potenciais-investidores-visitam-Parque-Cient\u00edfico-e-Tecnol\u00f3gico-do-RN-e-Instituto-Internacional-de-Neuroci\u00eancias-Edmond-e-Lily-Safra_-Fotos-Renata-Mou-6-e1604605732223-300x300.jpg 300w, https:\/\/institutosantosdumont.org.br\/wp-content\/uploads\/2020\/11\/05-11-2020-Potenciais-investidores-visitam-Parque-Cient\u00edfico-e-Tecnol\u00f3gico-do-RN-e-Instituto-Internacional-de-Neuroci\u00eancias-Edmond-e-Lily-Safra_-Fotos-Renata-Mou-6-e1604605732223-150x150.jpg 150w, https:\/\/institutosantosdumont.org.br\/wp-content\/uploads\/2020\/11\/05-11-2020-Potenciais-investidores-visitam-Parque-Cient\u00edfico-e-Tecnol\u00f3gico-do-RN-e-Instituto-Internacional-de-Neuroci\u00eancias-Edmond-e-Lily-Safra_-Fotos-Renata-Mou-6-e1604605732223-768x768.jpg 768w, https:\/\/institutosantosdumont.org.br\/wp-content\/uploads\/2020\/11\/05-11-2020-Potenciais-investidores-visitam-Parque-Cient\u00edfico-e-Tecnol\u00f3gico-do-RN-e-Instituto-Internacional-de-Neuroci\u00eancias-Edmond-e-Lily-Safra_-Fotos-Renata-Mou-6-e1604605732223-1024x1024.jpg 1024w\" sizes=\"(max-width: 300px) 100vw, 300px\" \/><\/a>\n\t\t\t<\/div><\/figure><figure class='gallery-item'>\n\t\t\t<div class='gallery-icon landscape'>\n\t\t\t\t<a href='https:\/\/institutosantosdumont.org.br\/wp-content\/uploads\/2020\/11\/05-11-2020-Potenciais-investidores-visitam-Parque-Cient\u00edfico-e-Tecnol\u00f3gico-do-RN-e-Instituto-Internacional-de-Neuroci\u00eancias-Edmond-e-Lily-Safra_-Fotos-Renata-Mou-8.jpg'><img loading=\"lazy\" decoding=\"async\" width=\"300\" height=\"146\" src=\"https:\/\/institutosantosdumont.org.br\/wp-content\/uploads\/2020\/11\/05-11-2020-Potenciais-investidores-visitam-Parque-Cient\u00edfico-e-Tecnol\u00f3gico-do-RN-e-Instituto-Internacional-de-Neuroci\u00eancias-Edmond-e-Lily-Safra_-Fotos-Renata-Mou-8-300x146.jpg\" class=\"attachment-medium size-medium\" alt=\"\" srcset=\"https:\/\/institutosantosdumont.org.br\/wp-content\/uploads\/2020\/11\/05-11-2020-Potenciais-investidores-visitam-Parque-Cient\u00edfico-e-Tecnol\u00f3gico-do-RN-e-Instituto-Internacional-de-Neuroci\u00eancias-Edmond-e-Lily-Safra_-Fotos-Renata-Mou-8-300x146.jpg 300w, https:\/\/institutosantosdumont.org.br\/wp-content\/uploads\/2020\/11\/05-11-2020-Potenciais-investidores-visitam-Parque-Cient\u00edfico-e-Tecnol\u00f3gico-do-RN-e-Instituto-Internacional-de-Neuroci\u00eancias-Edmond-e-Lily-Safra_-Fotos-Renata-Mou-8-768x373.jpg 768w, https:\/\/institutosantosdumont.org.br\/wp-content\/uploads\/2020\/11\/05-11-2020-Potenciais-investidores-visitam-Parque-Cient\u00edfico-e-Tecnol\u00f3gico-do-RN-e-Instituto-Internacional-de-Neuroci\u00eancias-Edmond-e-Lily-Safra_-Fotos-Renata-Mou-8-1024x498.jpg 1024w\" sizes=\"(max-width: 300px) 100vw, 300px\" \/><\/a>\n\t\t\t<\/div><\/figure><figure class='gallery-item'>\n\t\t\t<div class='gallery-icon landscape'>\n\t\t\t\t<a href='https:\/\/institutosantosdumont.org.br\/wp-content\/uploads\/2020\/11\/05-11-2020-Potenciais-investidores-visitam-Parque-Cient\u00edfico-e-Tecnol\u00f3gico-do-RN-e-Instituto-Internacional-de-Neuroci\u00eancias-Edmond-e-Lily-Safra_-Fotos-Renata-Mou-9.jpg'><img loading=\"lazy\" decoding=\"async\" width=\"300\" height=\"146\" src=\"https:\/\/institutosantosdumont.org.br\/wp-content\/uploads\/2020\/11\/05-11-2020-Potenciais-investidores-visitam-Parque-Cient\u00edfico-e-Tecnol\u00f3gico-do-RN-e-Instituto-Internacional-de-Neuroci\u00eancias-Edmond-e-Lily-Safra_-Fotos-Renata-Mou-9-300x146.jpg\" class=\"attachment-medium size-medium\" alt=\"\" srcset=\"https:\/\/institutosantosdumont.org.br\/wp-content\/uploads\/2020\/11\/05-11-2020-Potenciais-investidores-visitam-Parque-Cient\u00edfico-e-Tecnol\u00f3gico-do-RN-e-Instituto-Internacional-de-Neuroci\u00eancias-Edmond-e-Lily-Safra_-Fotos-Renata-Mou-9-300x146.jpg 300w, https:\/\/institutosantosdumont.org.br\/wp-content\/uploads\/2020\/11\/05-11-2020-Potenciais-investidores-visitam-Parque-Cient\u00edfico-e-Tecnol\u00f3gico-do-RN-e-Instituto-Internacional-de-Neuroci\u00eancias-Edmond-e-Lily-Safra_-Fotos-Renata-Mou-9-768x373.jpg 768w, https:\/\/institutosantosdumont.org.br\/wp-content\/uploads\/2020\/11\/05-11-2020-Potenciais-investidores-visitam-Parque-Cient\u00edfico-e-Tecnol\u00f3gico-do-RN-e-Instituto-Internacional-de-Neuroci\u00eancias-Edmond-e-Lily-Safra_-Fotos-Renata-Mou-9-1024x498.jpg 1024w\" sizes=\"(max-width: 300px) 100vw, 300px\" \/><\/a>\n\t\t\t<\/div><\/figure><figure class='gallery-item'>\n\t\t\t<div class='gallery-icon landscape'>\n\t\t\t\t<a href='https:\/\/institutosantosdumont.org.br\/wp-content\/uploads\/2020\/11\/05-11-2020-Potenciais-investidores-visitam-Parque-Cient\u00edfico-e-Tecnol\u00f3gico-do-RN-e-Instituto-Internacional-de-Neuroci\u00eancias-Edmond-e-Lily-Safra_-Fotos-Renata-Mou-10.jpg'><img loading=\"lazy\" decoding=\"async\" width=\"300\" height=\"146\" src=\"https:\/\/institutosantosdumont.org.br\/wp-content\/uploads\/2020\/11\/05-11-2020-Potenciais-investidores-visitam-Parque-Cient\u00edfico-e-Tecnol\u00f3gico-do-RN-e-Instituto-Internacional-de-Neuroci\u00eancias-Edmond-e-Lily-Safra_-Fotos-Renata-Mou-10-300x146.jpg\" class=\"attachment-medium size-medium\" alt=\"\" srcset=\"https:\/\/institutosantosdumont.org.br\/wp-content\/uploads\/2020\/11\/05-11-2020-Potenciais-investidores-visitam-Parque-Cient\u00edfico-e-Tecnol\u00f3gico-do-RN-e-Instituto-Internacional-de-Neuroci\u00eancias-Edmond-e-Lily-Safra_-Fotos-Renata-Mou-10-300x146.jpg 300w, https:\/\/institutosantosdumont.org.br\/wp-content\/uploads\/2020\/11\/05-11-2020-Potenciais-investidores-visitam-Parque-Cient\u00edfico-e-Tecnol\u00f3gico-do-RN-e-Instituto-Internacional-de-Neuroci\u00eancias-Edmond-e-Lily-Safra_-Fotos-Renata-Mou-10-768x373.jpg 768w, https:\/\/institutosantosdumont.org.br\/wp-content\/uploads\/2020\/11\/05-11-2020-Potenciais-investidores-visitam-Parque-Cient\u00edfico-e-Tecnol\u00f3gico-do-RN-e-Instituto-Internacional-de-Neuroci\u00eancias-Edmond-e-Lily-Safra_-Fotos-Renata-Mou-10-1024x498.jpg 1024w\" sizes=\"(max-width: 300px) 100vw, 300px\" \/><\/a>\n\t\t\t<\/div><\/figure><figure class='gallery-item'>\n\t\t\t<div class='gallery-icon landscape'>\n\t\t\t\t<a href='https:\/\/institutosantosdumont.org.br\/wp-content\/uploads\/2020\/11\/05-11-2020-Potenciais-investidores-visitam-Parque-Cient\u00edfico-e-Tecnol\u00f3gico-do-RN-e-Instituto-Internacional-de-Neuroci\u00eancias-Edmond-e-Lily-Safra_-Fotos-Renata-Mou-11.jpg'><img loading=\"lazy\" decoding=\"async\" width=\"300\" height=\"146\" src=\"https:\/\/institutosantosdumont.org.br\/wp-content\/uploads\/2020\/11\/05-11-2020-Potenciais-investidores-visitam-Parque-Cient\u00edfico-e-Tecnol\u00f3gico-do-RN-e-Instituto-Internacional-de-Neuroci\u00eancias-Edmond-e-Lily-Safra_-Fotos-Renata-Mou-11-300x146.jpg\" class=\"attachment-medium size-medium\" alt=\"\" srcset=\"https:\/\/institutosantosdumont.org.br\/wp-content\/uploads\/2020\/11\/05-11-2020-Potenciais-investidores-visitam-Parque-Cient\u00edfico-e-Tecnol\u00f3gico-do-RN-e-Instituto-Internacional-de-Neuroci\u00eancias-Edmond-e-Lily-Safra_-Fotos-Renata-Mou-11-300x146.jpg 300w, https:\/\/institutosantosdumont.org.br\/wp-content\/uploads\/2020\/11\/05-11-2020-Potenciais-investidores-visitam-Parque-Cient\u00edfico-e-Tecnol\u00f3gico-do-RN-e-Instituto-Internacional-de-Neuroci\u00eancias-Edmond-e-Lily-Safra_-Fotos-Renata-Mou-11-768x373.jpg 768w, https:\/\/institutosantosdumont.org.br\/wp-content\/uploads\/2020\/11\/05-11-2020-Potenciais-investidores-visitam-Parque-Cient\u00edfico-e-Tecnol\u00f3gico-do-RN-e-Instituto-Internacional-de-Neuroci\u00eancias-Edmond-e-Lily-Safra_-Fotos-Renata-Mou-11-1024x498.jpg 1024w\" sizes=\"(max-width: 300px) 100vw, 300px\" \/><\/a>\n\t\t\t<\/div><\/figure><figure class='gallery-item'>\n\t\t\t<div class='gallery-icon landscape'>\n\t\t\t\t<a href='https:\/\/institutosantosdumont.org.br\/wp-content\/uploads\/2020\/11\/05-11-2020-Potenciais-investidores-visitam-Parque-Cient\u00edfico-e-Tecnol\u00f3gico-do-RN-e-Instituto-Internacional-de-Neuroci\u00eancias-Edmond-e-Lily-Safra_-Fotos-Renata-Mou-12.jpg'><img loading=\"lazy\" decoding=\"async\" width=\"300\" height=\"146\" src=\"https:\/\/institutosantosdumont.org.br\/wp-content\/uploads\/2020\/11\/05-11-2020-Potenciais-investidores-visitam-Parque-Cient\u00edfico-e-Tecnol\u00f3gico-do-RN-e-Instituto-Internacional-de-Neuroci\u00eancias-Edmond-e-Lily-Safra_-Fotos-Renata-Mou-12-300x146.jpg\" class=\"attachment-medium size-medium\" alt=\"\" srcset=\"https:\/\/institutosantosdumont.org.br\/wp-content\/uploads\/2020\/11\/05-11-2020-Potenciais-investidores-visitam-Parque-Cient\u00edfico-e-Tecnol\u00f3gico-do-RN-e-Instituto-Internacional-de-Neuroci\u00eancias-Edmond-e-Lily-Safra_-Fotos-Renata-Mou-12-300x146.jpg 300w, https:\/\/institutosantosdumont.org.br\/wp-content\/uploads\/2020\/11\/05-11-2020-Potenciais-investidores-visitam-Parque-Cient\u00edfico-e-Tecnol\u00f3gico-do-RN-e-Instituto-Internacional-de-Neuroci\u00eancias-Edmond-e-Lily-Safra_-Fotos-Renata-Mou-12-768x373.jpg 768w, https:\/\/institutosantosdumont.org.br\/wp-content\/uploads\/2020\/11\/05-11-2020-Potenciais-investidores-visitam-Parque-Cient\u00edfico-e-Tecnol\u00f3gico-do-RN-e-Instituto-Internacional-de-Neuroci\u00eancias-Edmond-e-Lily-Safra_-Fotos-Renata-Mou-12-1024x498.jpg 1024w\" sizes=\"(max-width: 300px) 100vw, 300px\" \/><\/a>\n\t\t\t<\/div><\/figure><figure class='gallery-item'>\n\t\t\t<div class='gallery-icon landscape'>\n\t\t\t\t<a href='https:\/\/institutosantosdumont.org.br\/wp-content\/uploads\/2020\/11\/05-11-2020-Potenciais-investidores-visitam-Parque-Cient\u00edfico-e-Tecnol\u00f3gico-do-RN-e-Instituto-Internacional-de-Neuroci\u00eancias-Edmond-e-Lily-Safra_-Fotos-Renata-Mou-13.jpg'><img loading=\"lazy\" decoding=\"async\" width=\"300\" height=\"146\" src=\"https:\/\/institutosantosdumont.org.br\/wp-content\/uploads\/2020\/11\/05-11-2020-Potenciais-investidores-visitam-Parque-Cient\u00edfico-e-Tecnol\u00f3gico-do-RN-e-Instituto-Internacional-de-Neuroci\u00eancias-Edmond-e-Lily-Safra_-Fotos-Renata-Mou-13-300x146.jpg\" class=\"attachment-medium size-medium\" alt=\"\" srcset=\"https:\/\/institutosantosdumont.org.br\/wp-content\/uploads\/2020\/11\/05-11-2020-Potenciais-investidores-visitam-Parque-Cient\u00edfico-e-Tecnol\u00f3gico-do-RN-e-Instituto-Internacional-de-Neuroci\u00eancias-Edmond-e-Lily-Safra_-Fotos-Renata-Mou-13-300x146.jpg 300w, https:\/\/institutosantosdumont.org.br\/wp-content\/uploads\/2020\/11\/05-11-2020-Potenciais-investidores-visitam-Parque-Cient\u00edfico-e-Tecnol\u00f3gico-do-RN-e-Instituto-Internacional-de-Neuroci\u00eancias-Edmond-e-Lily-Safra_-Fotos-Renata-Mou-13-768x373.jpg 768w, https:\/\/institutosantosdumont.org.br\/wp-content\/uploads\/2020\/11\/05-11-2020-Potenciais-investidores-visitam-Parque-Cient\u00edfico-e-Tecnol\u00f3gico-do-RN-e-Instituto-Internacional-de-Neuroci\u00eancias-Edmond-e-Lily-Safra_-Fotos-Renata-Mou-13-1024x498.jpg 1024w\" sizes=\"(max-width: 300px) 100vw, 300px\" \/><\/a>\n\t\t\t<\/div><\/figure><figure class='gallery-item'>\n\t\t\t<div class='gallery-icon landscape'>\n\t\t\t\t<a href='https:\/\/institutosantosdumont.org.br\/wp-content\/uploads\/2020\/11\/05-11-2020-Potenciais-investidores-visitam-Parque-Cient\u00edfico-e-Tecnol\u00f3gico-do-RN-e-Instituto-Internacional-de-Neuroci\u00eancias-Edmond-e-Lily-Safra_-Fotos-Renata-Mou-14.jpg'><img loading=\"lazy\" decoding=\"async\" width=\"300\" height=\"146\" src=\"https:\/\/institutosantosdumont.org.br\/wp-content\/uploads\/2020\/11\/05-11-2020-Potenciais-investidores-visitam-Parque-Cient\u00edfico-e-Tecnol\u00f3gico-do-RN-e-Instituto-Internacional-de-Neuroci\u00eancias-Edmond-e-Lily-Safra_-Fotos-Renata-Mou-14-300x146.jpg\" class=\"attachment-medium size-medium\" alt=\"\" srcset=\"https:\/\/institutosantosdumont.org.br\/wp-content\/uploads\/2020\/11\/05-11-2020-Potenciais-investidores-visitam-Parque-Cient\u00edfico-e-Tecnol\u00f3gico-do-RN-e-Instituto-Internacional-de-Neuroci\u00eancias-Edmond-e-Lily-Safra_-Fotos-Renata-Mou-14-300x146.jpg 300w, https:\/\/institutosantosdumont.org.br\/wp-content\/uploads\/2020\/11\/05-11-2020-Potenciais-investidores-visitam-Parque-Cient\u00edfico-e-Tecnol\u00f3gico-do-RN-e-Instituto-Internacional-de-Neuroci\u00eancias-Edmond-e-Lily-Safra_-Fotos-Renata-Mou-14-768x373.jpg 768w, https:\/\/institutosantosdumont.org.br\/wp-content\/uploads\/2020\/11\/05-11-2020-Potenciais-investidores-visitam-Parque-Cient\u00edfico-e-Tecnol\u00f3gico-do-RN-e-Instituto-Internacional-de-Neuroci\u00eancias-Edmond-e-Lily-Safra_-Fotos-Renata-Mou-14-1024x498.jpg 1024w\" sizes=\"(max-width: 300px) 100vw, 300px\" \/><\/a>\n\t\t\t<\/div><\/figure><figure class='gallery-item'>\n\t\t\t<div class='gallery-icon landscape'>\n\t\t\t\t<a href='https:\/\/institutosantosdumont.org.br\/wp-content\/uploads\/2020\/11\/05-11-2020-Potenciais-investidores-visitam-Parque-Cient\u00edfico-e-Tecnol\u00f3gico-do-RN-e-Instituto-Internacional-de-Neuroci\u00eancias-Edmond-e-Lily-Safra_-Fotos-Renata-Mou-15.jpg'><img loading=\"lazy\" decoding=\"async\" width=\"300\" height=\"146\" src=\"https:\/\/institutosantosdumont.org.br\/wp-content\/uploads\/2020\/11\/05-11-2020-Potenciais-investidores-visitam-Parque-Cient\u00edfico-e-Tecnol\u00f3gico-do-RN-e-Instituto-Internacional-de-Neuroci\u00eancias-Edmond-e-Lily-Safra_-Fotos-Renata-Mou-15-300x146.jpg\" class=\"attachment-medium size-medium\" alt=\"\" srcset=\"https:\/\/institutosantosdumont.org.br\/wp-content\/uploads\/2020\/11\/05-11-2020-Potenciais-investidores-visitam-Parque-Cient\u00edfico-e-Tecnol\u00f3gico-do-RN-e-Instituto-Internacional-de-Neuroci\u00eancias-Edmond-e-Lily-Safra_-Fotos-Renata-Mou-15-300x146.jpg 300w, https:\/\/institutosantosdumont.org.br\/wp-content\/uploads\/2020\/11\/05-11-2020-Potenciais-investidores-visitam-Parque-Cient\u00edfico-e-Tecnol\u00f3gico-do-RN-e-Instituto-Internacional-de-Neuroci\u00eancias-Edmond-e-Lily-Safra_-Fotos-Renata-Mou-15-768x373.jpg 768w, https:\/\/institutosantosdumont.org.br\/wp-content\/uploads\/2020\/11\/05-11-2020-Potenciais-investidores-visitam-Parque-Cient\u00edfico-e-Tecnol\u00f3gico-do-RN-e-Instituto-Internacional-de-Neuroci\u00eancias-Edmond-e-Lily-Safra_-Fotos-Renata-Mou-15-1024x498.jpg 1024w\" sizes=\"(max-width: 300px) 100vw, 300px\" \/><\/a>\n\t\t\t<\/div><\/figure><figure class='gallery-item'>\n\t\t\t<div class='gallery-icon landscape'>\n\t\t\t\t<a href='https:\/\/institutosantosdumont.org.br\/wp-content\/uploads\/2020\/11\/05-11-2020-Potenciais-investidores-visitam-Parque-Cient\u00edfico-e-Tecnol\u00f3gico-do-RN-e-Instituto-Internacional-de-Neuroci\u00eancias-Edmond-e-Lily-Safra_-Fotos-Renata-Mou-16.jpg'><img loading=\"lazy\" decoding=\"async\" width=\"300\" height=\"146\" src=\"https:\/\/institutosantosdumont.org.br\/wp-content\/uploads\/2020\/11\/05-11-2020-Potenciais-investidores-visitam-Parque-Cient\u00edfico-e-Tecnol\u00f3gico-do-RN-e-Instituto-Internacional-de-Neuroci\u00eancias-Edmond-e-Lily-Safra_-Fotos-Renata-Mou-16-300x146.jpg\" class=\"attachment-medium size-medium\" alt=\"\" srcset=\"https:\/\/institutosantosdumont.org.br\/wp-content\/uploads\/2020\/11\/05-11-2020-Potenciais-investidores-visitam-Parque-Cient\u00edfico-e-Tecnol\u00f3gico-do-RN-e-Instituto-Internacional-de-Neuroci\u00eancias-Edmond-e-Lily-Safra_-Fotos-Renata-Mou-16-300x146.jpg 300w, https:\/\/institutosantosdumont.org.br\/wp-content\/uploads\/2020\/11\/05-11-2020-Potenciais-investidores-visitam-Parque-Cient\u00edfico-e-Tecnol\u00f3gico-do-RN-e-Instituto-Internacional-de-Neuroci\u00eancias-Edmond-e-Lily-Safra_-Fotos-Renata-Mou-16-768x373.jpg 768w, https:\/\/institutosantosdumont.org.br\/wp-content\/uploads\/2020\/11\/05-11-2020-Potenciais-investidores-visitam-Parque-Cient\u00edfico-e-Tecnol\u00f3gico-do-RN-e-Instituto-Internacional-de-Neuroci\u00eancias-Edmond-e-Lily-Safra_-Fotos-Renata-Mou-16-1024x498.jpg 1024w\" sizes=\"(max-width: 300px) 100vw, 300px\" \/><\/a>\n\t\t\t<\/div><\/figure><figure class='gallery-item'>\n\t\t\t<div class='gallery-icon landscape'>\n\t\t\t\t<a href='https:\/\/institutosantosdumont.org.br\/wp-content\/uploads\/2020\/11\/05-11-2020-Potenciais-investidores-visitam-Parque-Cient\u00edfico-e-Tecnol\u00f3gico-do-RN-e-Instituto-Internacional-de-Neuroci\u00eancias-Edmond-e-Lily-Safra_-Fotos-Renata-Mou-17.jpg'><img loading=\"lazy\" decoding=\"async\" width=\"300\" height=\"146\" src=\"https:\/\/institutosantosdumont.org.br\/wp-content\/uploads\/2020\/11\/05-11-2020-Potenciais-investidores-visitam-Parque-Cient\u00edfico-e-Tecnol\u00f3gico-do-RN-e-Instituto-Internacional-de-Neuroci\u00eancias-Edmond-e-Lily-Safra_-Fotos-Renata-Mou-17-300x146.jpg\" class=\"attachment-medium size-medium\" alt=\"\" srcset=\"https:\/\/institutosantosdumont.org.br\/wp-content\/uploads\/2020\/11\/05-11-2020-Potenciais-investidores-visitam-Parque-Cient\u00edfico-e-Tecnol\u00f3gico-do-RN-e-Instituto-Internacional-de-Neuroci\u00eancias-Edmond-e-Lily-Safra_-Fotos-Renata-Mou-17-300x146.jpg 300w, https:\/\/institutosantosdumont.org.br\/wp-content\/uploads\/2020\/11\/05-11-2020-Potenciais-investidores-visitam-Parque-Cient\u00edfico-e-Tecnol\u00f3gico-do-RN-e-Instituto-Internacional-de-Neuroci\u00eancias-Edmond-e-Lily-Safra_-Fotos-Renata-Mou-17-768x373.jpg 768w, https:\/\/institutosantosdumont.org.br\/wp-content\/uploads\/2020\/11\/05-11-2020-Potenciais-investidores-visitam-Parque-Cient\u00edfico-e-Tecnol\u00f3gico-do-RN-e-Instituto-Internacional-de-Neuroci\u00eancias-Edmond-e-Lily-Safra_-Fotos-Renata-Mou-17-1024x498.jpg 1024w\" sizes=\"(max-width: 300px) 100vw, 300px\" \/><\/a>\n\t\t\t<\/div><\/figure><figure class='gallery-item'>\n\t\t\t<div class='gallery-icon landscape'>\n\t\t\t\t<a href='https:\/\/institutosantosdumont.org.br\/wp-content\/uploads\/2020\/11\/05-11-2020-Potenciais-investidores-visitam-Parque-Cient\u00edfico-e-Tecnol\u00f3gico-do-RN-e-Instituto-Internacional-de-Neuroci\u00eancias-Edmond-e-Lily-Safra_-Fotos-Renata-Mou.jpg'><img loading=\"lazy\" decoding=\"async\" width=\"300\" height=\"146\" src=\"https:\/\/institutosantosdumont.org.br\/wp-content\/uploads\/2020\/11\/05-11-2020-Potenciais-investidores-visitam-Parque-Cient\u00edfico-e-Tecnol\u00f3gico-do-RN-e-Instituto-Internacional-de-Neuroci\u00eancias-Edmond-e-Lily-Safra_-Fotos-Renata-Mou-300x146.jpg\" class=\"attachment-medium size-medium\" alt=\"\" srcset=\"https:\/\/institutosantosdumont.org.br\/wp-content\/uploads\/2020\/11\/05-11-2020-Potenciais-investidores-visitam-Parque-Cient\u00edfico-e-Tecnol\u00f3gico-do-RN-e-Instituto-Internacional-de-Neuroci\u00eancias-Edmond-e-Lily-Safra_-Fotos-Renata-Mou-300x146.jpg 300w, https:\/\/institutosantosdumont.org.br\/wp-content\/uploads\/2020\/11\/05-11-2020-Potenciais-investidores-visitam-Parque-Cient\u00edfico-e-Tecnol\u00f3gico-do-RN-e-Instituto-Internacional-de-Neuroci\u00eancias-Edmond-e-Lily-Safra_-Fotos-Renata-Mou-768x373.jpg 768w, https:\/\/institutosantosdumont.org.br\/wp-content\/uploads\/2020\/11\/05-11-2020-Potenciais-investidores-visitam-Parque-Cient\u00edfico-e-Tecnol\u00f3gico-do-RN-e-Instituto-Internacional-de-Neuroci\u00eancias-Edmond-e-Lily-Safra_-Fotos-Renata-Mou-1024x498.jpg 1024w\" sizes=\"(max-width: 300px) 100vw, 300px\" \/><\/a>\n\t\t\t<\/div><\/figure><figure class='gallery-item'>\n\t\t\t<div class='gallery-icon landscape'>\n\t\t\t\t<a href='https:\/\/institutosantosdumont.org.br\/wp-content\/uploads\/2020\/11\/05-11-2020-Potenciais-investidores-visitam-Parque-Cient\u00edfico-e-Tecnol\u00f3gico-do-RN-e-Instituto-Internacional-de-Neuroci\u00eancias-Edmond-e-Lily-Safra_-Fotos-Renata-Moura-1.jpg'><img loading=\"lazy\" decoding=\"async\" width=\"300\" height=\"146\" src=\"https:\/\/institutosantosdumont.org.br\/wp-content\/uploads\/2020\/11\/05-11-2020-Potenciais-investidores-visitam-Parque-Cient\u00edfico-e-Tecnol\u00f3gico-do-RN-e-Instituto-Internacional-de-Neuroci\u00eancias-Edmond-e-Lily-Safra_-Fotos-Renata-Moura-1-300x146.jpg\" class=\"attachment-medium size-medium\" alt=\"\" srcset=\"https:\/\/institutosantosdumont.org.br\/wp-content\/uploads\/2020\/11\/05-11-2020-Potenciais-investidores-visitam-Parque-Cient\u00edfico-e-Tecnol\u00f3gico-do-RN-e-Instituto-Internacional-de-Neuroci\u00eancias-Edmond-e-Lily-Safra_-Fotos-Renata-Moura-1-300x146.jpg 300w, https:\/\/institutosantosdumont.org.br\/wp-content\/uploads\/2020\/11\/05-11-2020-Potenciais-investidores-visitam-Parque-Cient\u00edfico-e-Tecnol\u00f3gico-do-RN-e-Instituto-Internacional-de-Neuroci\u00eancias-Edmond-e-Lily-Safra_-Fotos-Renata-Moura-1-768x373.jpg 768w, https:\/\/institutosantosdumont.org.br\/wp-content\/uploads\/2020\/11\/05-11-2020-Potenciais-investidores-visitam-Parque-Cient\u00edfico-e-Tecnol\u00f3gico-do-RN-e-Instituto-Internacional-de-Neuroci\u00eancias-Edmond-e-Lily-Safra_-Fotos-Renata-Moura-1-1024x498.jpg 1024w\" sizes=\"(max-width: 300px) 100vw, 300px\" \/><\/a>\n\t\t\t<\/div><\/figure>\n\t\t<\/div>\n<\/p><p><strong>Investments<\/strong><\/p><p><span style=\"font-weight: 400;\">During this Thursday&#039;s visit, PAX and IIN-ELS received potential investors from the companies SIMM Solu\u00e7\u00f5es, Texas Controls and <\/span><span style=\"font-weight: 400;\">Brazil Chemical and Industrial Mining (<\/span><span style=\"font-weight: 400;\">BQMIL). The possibility of operating and investing in the park is considered &#039;interesting&#039; and is under analysis, according to Jos\u00e9 Perales, president of SIMM Solu\u00e7\u00f5es, a company in the area of engineering and consulting for wind and solar energy.\u00a0<\/span><\/p><p><span style=\"font-weight: 400;\">\u201cWe have several segments within our company, we work with construction, engineering and development of new solutions and part of our activities &#039;match&#039; the project and the objective that we know here\u201d, he stated.\u00a0<\/span><\/p><p><strong>Implantation<\/strong><\/p><p><span style=\"font-weight: 400;\">The Augusto Severo Science and Technology Park (PAX) began to be designed in 2018 in Rio Grande do Norte, through the articulation of several partners, and will require R$75.26 million in investments. The resources are planned for five implementation stages, distributed between 2022 and 2040. However, according to Olavo Bueno, coordinator of Industrial Development at the State Secretariat for Economic Development, PAX should be ready in 2021.\u00a0<\/span><\/p><p><span style=\"font-weight: 400;\">\u201cThe first stage we are working on is for the park to be ready in 2021, when tenders will be issued for final works, so that it can begin operating in 2022. The companies are initially coming to study the possibility of operating here and gradually occupying all this space,\u201d said Bueno.\u00a0<\/span><\/p><p><span style=\"font-weight: 400;\">Bob Hodgson, the consultant responsible for the World Bank&#039;s technical assessment of the Park for possible financing, is expected to complete the report he is working on this month after a series of meetings with the institutions involved in the project. The expectation is that <\/span><span style=\"font-weight: 400;\">Of the total amount to be invested, approximately R$1.8 million, or R$10.621 million, will be released by the bank. The remainder is expected to come from public financing and private partnerships.<\/span><\/p><p><span style=\"font-weight: 400;\">\u201cThey are evaluating our proposal and will make suggestions for improving the project. They will provide an opinion on the innovation ecosystem that will validate the proposal as a very good opportunity to attract investment from the State Government through the World Bank. As soon as we have these resources, we will begin work to improve the infrastructure,\u201d said the director of the UFRN Innovation Agency (AGIR\/UFRN), Daniel Pontes, who represented UFRN advisor and Park coordinator \u00c2ngela Paiva during the visit.<\/span><\/p><p><span style=\"font-weight: 400;\">\u201cEven though we won\u2019t have the building fully operational in 2021, from 2020 onwards we started activities to bring the Park closer to businesspeople and we are already starting actions so that the external public is also aware of the existence of this project\u201d, he says.\u00a0<\/span><\/p><p><span style=\"font-weight: 400;\">Other businesspeople from Brazil and abroad have already seen the potential of PAX and, according to Pontes, the prospecting visits have signaled a promising future.\u00a0<\/span><\/p><p><span style=\"font-weight: 400;\">\u201cIn all these moments where we bring businesspeople, we bring opinion-makers to visit the park, we have received good impressions and positive opinions regarding the structure, in addition to future intentions of collaboration and participation in the project\u201d, reports Daniel Pontes.\u00a0<\/span><\/p><p><span style=\"font-weight: 400;\">Also participating in the visit this Thursday were the administrative director of ISD, Jovan Gadioli dos Santos, the manager of IIN-ELS and research coordinator of the Institute, Edgard Morya, in addition to representatives of the Support Service for Micro and Small Businesses of Rio Grande do Norte (Sebrae\/RN), the Foundation for Research Support of RN (Fapern) and the State Secretariat for Economic Development, founding institutions of the Science Park project, alongside UFRN, the Santos Dumont Institute, the Government of RN, Fecom\u00e9rcio, Fiern, UERN, IFRN and the municipal governments of Parnamirim, Maca\u00edba, S\u00e3o Gon\u00e7alo do Amarante and Natal.<\/span><\/p><p><span style=\"font-weight: 400;\">The main objective of PAX is to generate more social and economic development, accelerated by research and innovation.<\/span><\/p>\t\t\t\t\t\t\t\t<\/div>\n\t\t\t\t<\/div>\n\t\t\t\t\t<\/div>\n\t\t<\/div>\n\t\t\t\t\t<\/div>\n\t\t<\/section>\n\t\t\t\t<section class=\"elementor-section elementor-top-section elementor-element elementor-element-476dfd2f elementor-section-boxed elementor-section-height-default elementor-section-height-default\" data-id=\"476dfd2f\" data-element_type=\"section\">\n\t\t\t\t\t\t<div class=\"elementor-container elementor-column-gap-default\">\n\t\t\t\t\t<div class=\"elementor-column elementor-col-100 elementor-top-column elementor-element elementor-element-48ec9095\" data-id=\"48ec9095\" data-element_type=\"column\">\n\t\t\t<div class=\"elementor-widget-wrap elementor-element-populated\">\n\t\t\t\t\t\t<div class=\"elementor-element elementor-element-724fa109 elementor-widget-divider--view-line elementor-widget elementor-widget-divider\" data-id=\"724fa109\" data-element_type=\"widget\" data-widget_type=\"divider.default\">\n\t\t\t\t<div class=\"elementor-widget-container\">\n\t\t\t\t\t\t\t<div class=\"elementor-divider\">\n\t\t\t<span class=\"elementor-divider-separator\">\n\t\t\t\t\t\t<\/span>\n\t\t<\/div>\n\t\t\t\t\t\t<\/div>\n\t\t\t\t<\/div>\n\t\t\t\t<div class=\"elementor-element elementor-element-5f4523dc elementor-widget elementor-widget-spacer\" data-id=\"5f4523dc\" data-element_type=\"widget\" data-widget_type=\"spacer.default\">\n\t\t\t\t<div class=\"elementor-widget-container\">\n\t\t\t\t\t\t\t<div class=\"elementor-spacer\">\n\t\t\t<div class=\"elementor-spacer-inner\"><\/div>\n\t\t<\/div>\n\t\t\t\t\t\t<\/div>\n\t\t\t\t<\/div>\n\t\t\t\t<section class=\"elementor-section elementor-inner-section elementor-element elementor-element-4d8c9731 elementor-section-boxed elementor-section-height-default elementor-section-height-default\" data-id=\"4d8c9731\" data-element_type=\"section\">\n\t\t\t\t\t\t<div class=\"elementor-container elementor-column-gap-default\">\n\t\t\t\t\t<div class=\"elementor-column elementor-col-50 elementor-inner-column elementor-element elementor-element-43f50de1\" data-id=\"43f50de1\" data-element_type=\"column\">\n\t\t\t<div class=\"elementor-widget-wrap elementor-element-populated\">\n\t\t\t\t\t\t<div class=\"elementor-element elementor-element-932334d elementor-view-default elementor-widget elementor-widget-icon\" data-id=\"932334d\" data-element_type=\"widget\" data-widget_type=\"icon.default\">\n\t\t\t\t<div class=\"elementor-widget-container\">\n\t\t\t\t\t\t\t<div class=\"elementor-icon-wrapper\">\n\t\t\t<div class=\"elementor-icon\">\n\t\t\t\t\t\t\t<i class=\"fa fa-pencil-square-o\" aria-hidden=\"true\"><\/i>\n\t\t\t\t\t\t<\/div>\n\t\t<\/div>\n\t\t\t\t\t\t<\/div>\n\t\t\t\t<\/div>\n\t\t\t\t<div class=\"elementor-element elementor-element-408dc19 elementor-widget elementor-widget-text-editor\" data-id=\"408dc19\" data-element_type=\"widget\" data-widget_type=\"text-editor.default\">\n\t\t\t\t<div class=\"elementor-widget-container\">\n\t\t\t\t\t\t\t\t\t<div data-id=\"rjpprlj\" data-element_type=\"text-editor.default\"><p><strong>Text:\u00a0\u00a0<\/strong>\u00a0Renata Moura \u2013 Journalist \u2013 and Kamila Tuenia \u2013 Journalism intern\/ Ascom \u2013 ISD<\/p><p><strong>Photos:<\/strong>\u00a0Renata Moura \/ Ascom \u2013 ISD<\/p><\/div>\t\t\t\t\t\t\t\t<\/div>\n\t\t\t\t<\/div>\n\t\t\t\t<div class=\"elementor-element elementor-element-58a1fa0c elementor-widget elementor-widget-text-editor\" data-id=\"58a1fa0c\" data-element_type=\"widget\" data-widget_type=\"text-editor.default\">\n\t\t\t\t<div class=\"elementor-widget-container\">\n\t\t\t\t\t\t\t\t\t<p><strong>Communication Office<\/strong><br \/> comunicacao@isd.org.br<br \/> (84) 99416-1880<\/p>\t\t\t\t\t\t\t\t<\/div>\n\t\t\t\t<\/div>\n\t\t\t\t\t<\/div>\n\t\t<\/div>\n\t\t\t\t<div class=\"elementor-column elementor-col-50 elementor-inner-column elementor-element elementor-element-4a1e3c04\" data-id=\"4a1e3c04\" data-element_type=\"column\" data-settings=\"{&quot;background_background&quot;:&quot;classic&quot;}\">\n\t\t\t<div class=\"elementor-widget-wrap elementor-element-populated\">\n\t\t\t\t\t\t<div class=\"elementor-element elementor-element-7d25dc1a elementor-widget elementor-widget-text-editor\" data-id=\"7d25dc1a\" data-element_type=\"widget\" data-widget_type=\"text-editor.default\">\n\t\t\t\t<div class=\"elementor-widget-container\">\n\t\t\t\t\t\t\t\t\t<h3><strong><span style=\"color: #ffffff;\">Santos Dumont Institute (ISD)<\/span><\/strong><\/h3><p><span style=\"color: #ffffff;\">It is a Social Organization linked to the Ministry of Education (MEC) and includes the Edmond and Lily Safra International Institute of Neurosciences and the Anita Garibaldi Health Education and Research Center, both in Maca\u00edba. ISD&#039;s mission is to promote education for life, forming citizens through integrated teaching, research and extension actions, in addition to contributing to a fairer and more humane transformation of Brazilian social reality.<\/span><\/p>\t\t\t\t\t\t\t\t<\/div>\n\t\t\t\t<\/div>\n\t\t\t\t\t<\/div>\n\t\t<\/div>\n\t\t\t\t\t<\/div>\n\t\t<\/section>\n\t\t\t\t\t<\/div>\n\t\t<\/div>\n\t\t\t\t\t<\/div>\n\t\t<\/section>\n\t\t\t\t<\/div>","protected":false},"excerpt":{"rendered":"<p>Representantes de empresas dos setores de energia e ind\u00fastria conheceram as futuras instala\u00e7\u00f5es do projeto, que tem in\u00edcio de opera\u00e7\u00e3o previsto para 2022.<\/p>","protected":false},"author":10,"featured_media":20208,"comment_status":"open","ping_status":"open","sticky":false,"template":"","format":"standard","meta":{"_acf_changed":false,"footnotes":""},"categories":[1],"tags":[],"class_list":["post-20200","post","type-post","status-publish","format-standard","has-post-thumbnail","hentry","category-destaque_noticia"],"acf":[],"_links":{"self":[{"href":"https:\/\/institutosantosdumont.org.br\/en\/wp-json\/wp\/v2\/posts\/20200","targetHints":{"allow":["GET"]}}],"collection":[{"href":"https:\/\/institutosantosdumont.org.br\/en\/wp-json\/wp\/v2\/posts"}],"about":[{"href":"https:\/\/institutosantosdumont.org.br\/en\/wp-json\/wp\/v2\/types\/post"}],"author":[{"embeddable":true,"href":"https:\/\/institutosantosdumont.org.br\/en\/wp-json\/wp\/v2\/users\/10"}],"replies":[{"embeddable":true,"href":"https:\/\/institutosantosdumont.org.br\/en\/wp-json\/wp\/v2\/comments?post=20200"}],"version-history":[{"count":0,"href":"https:\/\/institutosantosdumont.org.br\/en\/wp-json\/wp\/v2\/posts\/20200\/revisions"}],"wp:featuredmedia":[{"embeddable":true,"href":"https:\/\/institutosantosdumont.org.br\/en\/wp-json\/wp\/v2\/media\/20208"}],"wp:attachment":[{"href":"https:\/\/institutosantosdumont.org.br\/en\/wp-json\/wp\/v2\/media?parent=20200"}],"wp:term":[{"taxonomy":"category","embeddable":true,"href":"https:\/\/institutosantosdumont.org.br\/en\/wp-json\/wp\/v2\/categories?post=20200"},{"taxonomy":"post_tag","embeddable":true,"href":"https:\/\/institutosantosdumont.org.br\/en\/wp-json\/wp\/v2\/tags?post=20200"}],"curies":[{"name":"wp","href":"https:\/\/api.w.org\/{rel}","templated":true}]}}