{"id":21354,"date":"2021-04-11T09:00:53","date_gmt":"2021-04-11T12:00:53","guid":{"rendered":"http:\/\/www.institutosantosdumont.org.br\/?p=21354"},"modified":"2021-04-11T11:35:06","modified_gmt":"2021-04-11T14:35:06","slug":"educa-parkinson-do-isd-e-relancado-em-versao-online-e-vai-discutir-desafios-com-a-doenca-e-solucoes-no-momento-de-pandemia","status":"publish","type":"post","link":"https:\/\/institutosantosdumont.org.br\/en\/educa-parkinson-do-isd-e-relancado-em-versao-online-e-vai-discutir-desafios-com-a-doenca-e-solucoes-no-momento-de-pandemia\/","title":{"rendered":"ISD Educa Parkinson is relaunched in an online version and will discuss challenges with the disease and solutions at the time of a pandemic"},"content":{"rendered":"<div data-elementor-type=\"wp-post\" data-elementor-id=\"21354\" class=\"elementor elementor-21354\" data-elementor-post-type=\"post\">\n\t\t\t\t\t\t<section class=\"elementor-section elementor-top-section elementor-element elementor-element-98570c7 elementor-section-boxed elementor-section-height-default elementor-section-height-default\" data-id=\"98570c7\" data-element_type=\"section\">\n\t\t\t\t\t\t<div class=\"elementor-container elementor-column-gap-default\">\n\t\t\t\t\t<div class=\"elementor-column elementor-col-100 elementor-top-column elementor-element elementor-element-f9b21ae\" data-id=\"f9b21ae\" data-element_type=\"column\">\n\t\t\t<div class=\"elementor-widget-wrap elementor-element-populated\">\n\t\t\t\t\t\t<div class=\"elementor-element elementor-element-33c1a6e elementor-widget elementor-widget-image\" data-id=\"33c1a6e\" data-element_type=\"widget\" data-widget_type=\"image.default\">\n\t\t\t\t<div class=\"elementor-widget-container\">\n\t\t\t\t\t\t\t\t\t\t\t\t<figure class=\"wp-caption\">\n\t\t\t\t\t\t\t\t\t\t<img fetchpriority=\"high\" decoding=\"async\" width=\"800\" height=\"311\" src=\"https:\/\/institutosantosdumont.org.br\/wp-content\/uploads\/2021\/04\/Encontro-Online-usu\u00e1rios-e-equipe-multiprofissional-da-cl\u00ednica-de-Parkinson-do-ISD-1024x398.jpeg\" class=\"attachment-large size-large wp-image-21358\" alt=\"\" srcset=\"https:\/\/institutosantosdumont.org.br\/wp-content\/uploads\/2021\/04\/Encontro-Online-usu\u00e1rios-e-equipe-multiprofissional-da-cl\u00ednica-de-Parkinson-do-ISD-1024x398.jpeg 1024w, https:\/\/institutosantosdumont.org.br\/wp-content\/uploads\/2021\/04\/Encontro-Online-usu\u00e1rios-e-equipe-multiprofissional-da-cl\u00ednica-de-Parkinson-do-ISD-300x117.jpeg 300w, https:\/\/institutosantosdumont.org.br\/wp-content\/uploads\/2021\/04\/Encontro-Online-usu\u00e1rios-e-equipe-multiprofissional-da-cl\u00ednica-de-Parkinson-do-ISD-768x299.jpeg 768w, https:\/\/institutosantosdumont.org.br\/wp-content\/uploads\/2021\/04\/Encontro-Online-usu\u00e1rios-e-equipe-multiprofissional-da-cl\u00ednica-de-Parkinson-do-ISD.jpeg 1280w\" sizes=\"(max-width: 800px) 100vw, 800px\" \/>\t\t\t\t\t\t\t\t\t\t\t<figcaption class=\"widget-image-caption wp-caption-text\">Image shows virtual meeting between users and the multidisciplinary team at the ISD Parkinson&#039;s clinic: Remote format will also be adopted at Educa Parkinson<\/figcaption>\n\t\t\t\t\t\t\t\t\t\t<\/figure>\n\t\t\t\t\t\t\t\t\t<\/div>\n\t\t\t\t<\/div>\n\t\t\t\t<div class=\"elementor-element elementor-element-3bda5cb elementor-widget elementor-widget-text-editor\" data-id=\"3bda5cb\" data-element_type=\"widget\" data-widget_type=\"text-editor.default\">\n\t\t\t\t<div class=\"elementor-widget-container\">\n\t\t\t\t\t\t\t\t\t<p><span style=\"font-weight: 400;\">The Santos Dumont Institute (ISD) will resume the Educa Parkinson project from April 19, a conversation circle created in 2018 to discuss the disease with the population.<\/span><\/p><p><span style=\"font-weight: 400;\">The meetings, at the Institute&#039;s Anita Garibaldi Health Education and Research Center (Anita), used to bring together around 25 to 40 participants, but were suspended at the beginning of 2020 due to the pandemic context.<\/span><\/p><p><span style=\"font-weight: 400;\">Now, as a way of preventing Covid-19, the 100% editions will take place online, through the Google Meet platform. Registration is now open.\u00a0<a href=\"https:\/\/forms.gle\/6wVk9u7aPrYqo2Lg7\" target=\"_blank\" rel=\"noopener noreferrer nofollow\"><em>Click here to access the form.<\/em><\/a><\/span><\/p><p><strong>AWARENESS<\/strong><\/p><p><span style=\"font-weight: 400;\">The return of the project was announced today in allusion to Parkinson&#039;s Disease Awareness Month, with two key dates in April: National Parkinson&#039;s Day, observed on the 4th, and, this Sunday, April 11th, <\/span><span style=\"font-weight: 400;\">World Parkinson&#039;s Disease Awareness Day. On ISD&#039;s social media channels \u2013 @isdnarede \u2013\u00a0<\/span><span style=\"font-weight: 400;\">A series of publications are scheduled for the period in reference to awareness month.\u00a0<\/span><\/p><p>ISD is a Social Organization linked to the Ministry of Education and a reference in teaching, research, extension and assistance to the population in maternal and child health, people with disabilities, in neurosciences and neuroengineering.<\/p><p><span style=\"font-weight: 400;\">Around 50 patients per month are treated at the Institute&#039;s Parkinson&#039;s clinic in Maca\u00edba (RN), exclusively through the SUS. The disease is also the focus of research carried out at the Institution&#039;s units, Anita and the Edmond and Lily Safra International Institute of Neurosciences.<\/span><\/p><p><strong>EDUCA PARKINSON<\/strong><\/p><p><span style=\"font-weight: 400;\">People diagnosed with Parkinson&#039;s, family members, caregivers, health professionals, researchers, students and anyone else interested in the topic, from anywhere in Brazil or the world, can participate in Educa Parkinson. <a href=\"https:\/\/forms.gle\/6wVk9u7aPrYqo2Lg7\" target=\"_blank\" rel=\"noopener noreferrer nofollow\"><em>Click here to access the registration form<\/em><\/a>. The access link to the meeting will be sent later to the registered email or WhatsApp number.<\/span><\/p><p><em>Click below to access a video on ISD&#039;s Instagram profile with images of the live version of the project.<\/em><\/p><blockquote class=\"instagram-media\" style=\"background: #FFF; border: 0; border-radius: 3px; box-shadow: 0 0 1px 0 rgba(0,0,0,0.5),0 1px 10px 0 rgba(0,0,0,0.15); margin: 1px; max-width: 540px; min-width: 326px; padding: 0; width: calc(100% - 2px);\" data-instgrm-permalink=\"https:\/\/www.instagram.com\/tv\/CNhpkhFloFP\/?utm_source=ig_embed&amp;utm_campaign=loading\" data-instgrm-version=\"13\"><div style=\"padding: 16px;\"><p>\u00a0<\/p><div style=\"display: flex; flex-direction: row; align-items: center;\"><div style=\"background-color: #f4f4f4; border-radius: 50%; flex-grow: 0; height: 40px; margin-right: 14px; width: 40px;\">\u00a0<\/div><div style=\"display: flex; flex-direction: column; flex-grow: 1; justify-content: center;\"><div style=\"background-color: #f4f4f4; border-radius: 4px; flex-grow: 0; height: 14px; margin-bottom: 6px; width: 100px;\">\u00a0<\/div><div style=\"background-color: #f4f4f4; border-radius: 4px; flex-grow: 0; height: 14px; width: 60px;\">\u00a0<\/div><\/div><\/div><div style=\"padding: 19% 0;\">\u00a0<\/div><div style=\"display: block; height: 50px; margin: 0 auto 12px; width: 50px;\">\u00a0<\/div><div style=\"padding-top: 8px;\"><div style=\"color: #3897f0; font-family: Arial,sans-serif; font-size: 14px; font-style: normal; font-weight: 550; line-height: 18px;\">View this photo on Instagram<\/div><\/div><div style=\"padding: 12.5% 0;\">\u00a0<\/div><div style=\"display: flex; flex-direction: row; margin-bottom: 14px; align-items: center;\"><div><div style=\"background-color: #f4f4f4; border-radius: 50%; height: 12.5px; width: 12.5px; transform: translateX(0px) translateY(7px);\">\u00a0<\/div><div style=\"background-color: #f4f4f4; height: 12.5px; transform: rotate(-45deg) translateX(3px) translateY(1px); width: 12.5px; flex-grow: 0; margin-right: 14px; margin-left: 2px;\">\u00a0<\/div><div style=\"background-color: #f4f4f4; border-radius: 50%; height: 12.5px; width: 12.5px; transform: translateX(9px) translateY(-18px);\">\u00a0<\/div><\/div><div style=\"margin-left: 8px;\"><div style=\"background-color: #f4f4f4; border-radius: 50%; flex-grow: 0; height: 20px; width: 20px;\">\u00a0<\/div><div style=\"width: 0; height: 0; border-top: 2px solid transparent; border-left: 6px solid #f4f4f4; border-bottom: 2px solid transparent; transform: translateX(16px) translateY(-4px) rotate(30deg);\">\u00a0<\/div><\/div><div style=\"margin-left: auto;\"><div style=\"width: 0px; border-top: 8px solid #F4F4F4; border-right: 8px solid transparent; transform: translateY(16px);\">\u00a0<\/div><div style=\"background-color: #f4f4f4; flex-grow: 0; height: 12px; width: 16px; transform: translateY(-4px);\">\u00a0<\/div><div style=\"width: 0; height: 0; border-top: 8px solid #F4F4F4; border-left: 8px solid transparent; transform: translateY(-4px) translateX(8px);\">\u00a0<\/div><\/div><\/div><div style=\"display: flex; flex-direction: column; flex-grow: 1; justify-content: center; margin-bottom: 24px;\"><div style=\"background-color: #f4f4f4; border-radius: 4px; flex-grow: 0; height: 14px; margin-bottom: 6px; width: 224px;\">\u00a0<\/div><div style=\"background-color: #f4f4f4; border-radius: 4px; flex-grow: 0; height: 14px; width: 144px;\">\u00a0<\/div><\/div><p>\u00a0<\/p><p style=\"color: #c9c8cd; font-family: Arial,sans-serif; font-size: 14px; line-height: 17px; margin-bottom: 0; margin-top: 8px; overflow: hidden; padding: 8px 0 7px; text-align: center; text-overflow: ellipsis; white-space: nowrap;\"><a style=\"color: #c9c8cd; font-family: Arial,sans-serif; font-size: 14px; font-style: normal; font-weight: normal; line-height: 17px; text-decoration: none;\" href=\"https:\/\/www.instagram.com\/tv\/CNhpkhFloFP\/?utm_source=ig_embed&amp;utm_campaign=loading\" target=\"_blank\" rel=\"noopener noreferrer nofollow\">A post shared by Instituto Santos Dumont (@isdnarede)<\/a><\/p><\/div><\/blockquote><p><script async src=\"\/\/www.instagram.com\/embed.js\"><\/script><\/p><p>\u00a0<\/p><p><strong>THEMES<\/strong><\/p><p><span style=\"font-weight: 400;\">The online version of the project will have as its central theme \u201cPeople with Parkinson\u2019s at home: making this time lighter and more functional\u201d. Safe exercises at home and changes in the organization and structure of the house to facilitate daily activities are among the topics already scheduled. Lorenna Santiago, a physiotherapist at the ISD Parkinson\u2019s clinic, explains that suggestions from participants about possible difficulties they face during the pandemic will be welcome and considered in the agenda. <\/span><\/p><p><span style=\"font-weight: 400;\">\u201cThe project was discontinued in 2020,\u201d she says, \u201cbut the need for exchange of information and experiences among people dealing with the disease continued and so the clinic\u2019s team of professionals reformulated the project with themes focused on current needs.\u201d<\/span><\/p><p><strong>PARKINSON&#039;S<\/strong><\/p><p><span style=\"font-weight: 400;\">Parkinson&#039;s disease is considered the second most common progressive neurodegenerative disease in the world, second only to Alzheimer&#039;s, according to the Ministry of Health.\u00a0<\/span><\/p><p><span style=\"font-weight: 400;\">It affects body movements and can include, for example, slow movements, tremors, muscle stiffness, imbalance and speech changes. The disease can also cause decreased sense of smell, constipation, neurogenic bladder, cognitive changes and depression. According to the World Health Organization, 11% of the population over 65 years of age has the disease and the onset of motor symptoms usually occurs around the age of 60.\u00a0\u00a0<\/span><\/p>\t\t\t\t\t\t\t\t<\/div>\n\t\t\t\t<\/div>\n\t\t\t\t\t<\/div>\n\t\t<\/div>\n\t\t\t\t\t<\/div>\n\t\t<\/section>\n\t\t\t\t<section class=\"elementor-section elementor-top-section elementor-element elementor-element-7d1b1061 elementor-section-boxed elementor-section-height-default elementor-section-height-default\" data-id=\"7d1b1061\" data-element_type=\"section\">\n\t\t\t\t\t\t<div class=\"elementor-container elementor-column-gap-default\">\n\t\t\t\t\t<div class=\"elementor-column elementor-col-100 elementor-top-column elementor-element elementor-element-631efe2c\" data-id=\"631efe2c\" data-element_type=\"column\">\n\t\t\t<div class=\"elementor-widget-wrap elementor-element-populated\">\n\t\t\t\t\t\t<div class=\"elementor-element elementor-element-7d8ccc63 elementor-widget-divider--view-line elementor-widget elementor-widget-divider\" data-id=\"7d8ccc63\" data-element_type=\"widget\" data-widget_type=\"divider.default\">\n\t\t\t\t<div class=\"elementor-widget-container\">\n\t\t\t\t\t\t\t<div class=\"elementor-divider\">\n\t\t\t<span class=\"elementor-divider-separator\">\n\t\t\t\t\t\t<\/span>\n\t\t<\/div>\n\t\t\t\t\t\t<\/div>\n\t\t\t\t<\/div>\n\t\t\t\t<div class=\"elementor-element elementor-element-50b5b5c8 elementor-widget elementor-widget-spacer\" data-id=\"50b5b5c8\" data-element_type=\"widget\" data-widget_type=\"spacer.default\">\n\t\t\t\t<div class=\"elementor-widget-container\">\n\t\t\t\t\t\t\t<div class=\"elementor-spacer\">\n\t\t\t<div class=\"elementor-spacer-inner\"><\/div>\n\t\t<\/div>\n\t\t\t\t\t\t<\/div>\n\t\t\t\t<\/div>\n\t\t\t\t<section class=\"elementor-section elementor-inner-section elementor-element elementor-element-1b9fc29d elementor-section-boxed elementor-section-height-default elementor-section-height-default\" data-id=\"1b9fc29d\" data-element_type=\"section\">\n\t\t\t\t\t\t<div class=\"elementor-container elementor-column-gap-default\">\n\t\t\t\t\t<div class=\"elementor-column elementor-col-50 elementor-inner-column elementor-element elementor-element-115b3dea\" data-id=\"115b3dea\" data-element_type=\"column\">\n\t\t\t<div class=\"elementor-widget-wrap elementor-element-populated\">\n\t\t\t\t\t\t<div class=\"elementor-element elementor-element-525717cf elementor-view-default elementor-widget elementor-widget-icon\" data-id=\"525717cf\" data-element_type=\"widget\" data-widget_type=\"icon.default\">\n\t\t\t\t<div class=\"elementor-widget-container\">\n\t\t\t\t\t\t\t<div class=\"elementor-icon-wrapper\">\n\t\t\t<div class=\"elementor-icon\">\n\t\t\t\t\t\t\t<i class=\"fa fa-pencil-square-o\" aria-hidden=\"true\"><\/i>\n\t\t\t\t\t\t<\/div>\n\t\t<\/div>\n\t\t\t\t\t\t<\/div>\n\t\t\t\t<\/div>\n\t\t\t\t<div class=\"elementor-element elementor-element-5e399db5 elementor-widget elementor-widget-text-editor\" data-id=\"5e399db5\" data-element_type=\"widget\" data-widget_type=\"text-editor.default\">\n\t\t\t\t<div class=\"elementor-widget-container\">\n\t\t\t\t\t\t\t\t\t<div data-id=\"rjpprlj\" data-element_type=\"text-editor.default\"><p><strong>Text:\u00a0<\/strong>Renata Moura \u2013 Journalist \/ Ascom \u2013 ISD<\/p><p><strong>Photograph:<\/strong>\u00a0Google Meet Reproduction\u00a0<\/p><\/div>\t\t\t\t\t\t\t\t<\/div>\n\t\t\t\t<\/div>\n\t\t\t\t<div class=\"elementor-element elementor-element-32b1cd2c elementor-widget elementor-widget-text-editor\" data-id=\"32b1cd2c\" data-element_type=\"widget\" data-widget_type=\"text-editor.default\">\n\t\t\t\t<div class=\"elementor-widget-container\">\n\t\t\t\t\t\t\t\t\t<p><strong>Communication Office<\/strong><br \/> comunicacao@isd.org.br<br \/> (84) 99416-1880<\/p>\t\t\t\t\t\t\t\t<\/div>\n\t\t\t\t<\/div>\n\t\t\t\t\t<\/div>\n\t\t<\/div>\n\t\t\t\t<div class=\"elementor-column elementor-col-50 elementor-inner-column elementor-element elementor-element-764921b1\" data-id=\"764921b1\" data-element_type=\"column\" data-settings=\"{&quot;background_background&quot;:&quot;classic&quot;}\">\n\t\t\t<div class=\"elementor-widget-wrap elementor-element-populated\">\n\t\t\t\t\t\t<div class=\"elementor-element elementor-element-6354290 elementor-widget elementor-widget-text-editor\" data-id=\"6354290\" data-element_type=\"widget\" data-widget_type=\"text-editor.default\">\n\t\t\t\t<div class=\"elementor-widget-container\">\n\t\t\t\t\t\t\t\t\t<h3><strong><span style=\"color: #ffffff;\">Santos Dumont Institute (ISD)<\/span><\/strong><\/h3><p><span style=\"color: #ffffff;\">It is a Social Organization linked to the Ministry of Education (MEC) and includes the Edmond and Lily Safra International Institute of Neurosciences and the Anita Garibaldi Health Education and Research Center, both in Maca\u00edba. ISD&#039;s mission is to promote education for life, forming citizens through integrated teaching, research and extension actions, in addition to contributing to a fairer and more humane transformation of Brazilian social reality.<\/span><\/p>\t\t\t\t\t\t\t\t<\/div>\n\t\t\t\t<\/div>\n\t\t\t\t\t<\/div>\n\t\t<\/div>\n\t\t\t\t\t<\/div>\n\t\t<\/section>\n\t\t\t\t\t<\/div>\n\t\t<\/div>\n\t\t\t\t\t<\/div>\n\t\t<\/section>\n\t\t\t\t<\/div>","protected":false},"excerpt":{"rendered":"<p>Projeto foi criado em 2018 com encontros presenciais, mas estava suspenso desde o in\u00edcio de 2020 em raz\u00e3o da pandemia. Inscri\u00e7\u00f5es est\u00e3o abertas.<\/p>","protected":false},"author":10,"featured_media":21362,"comment_status":"open","ping_status":"open","sticky":false,"template":"","format":"standard","meta":{"_acf_changed":false,"footnotes":""},"categories":[1],"tags":[],"class_list":["post-21354","post","type-post","status-publish","format-standard","has-post-thumbnail","hentry","category-destaque_noticia"],"acf":[],"_links":{"self":[{"href":"https:\/\/institutosantosdumont.org.br\/en\/wp-json\/wp\/v2\/posts\/21354","targetHints":{"allow":["GET"]}}],"collection":[{"href":"https:\/\/institutosantosdumont.org.br\/en\/wp-json\/wp\/v2\/posts"}],"about":[{"href":"https:\/\/institutosantosdumont.org.br\/en\/wp-json\/wp\/v2\/types\/post"}],"author":[{"embeddable":true,"href":"https:\/\/institutosantosdumont.org.br\/en\/wp-json\/wp\/v2\/users\/10"}],"replies":[{"embeddable":true,"href":"https:\/\/institutosantosdumont.org.br\/en\/wp-json\/wp\/v2\/comments?post=21354"}],"version-history":[{"count":0,"href":"https:\/\/institutosantosdumont.org.br\/en\/wp-json\/wp\/v2\/posts\/21354\/revisions"}],"wp:featuredmedia":[{"embeddable":true,"href":"https:\/\/institutosantosdumont.org.br\/en\/wp-json\/wp\/v2\/media\/21362"}],"wp:attachment":[{"href":"https:\/\/institutosantosdumont.org.br\/en\/wp-json\/wp\/v2\/media?parent=21354"}],"wp:term":[{"taxonomy":"category","embeddable":true,"href":"https:\/\/institutosantosdumont.org.br\/en\/wp-json\/wp\/v2\/categories?post=21354"},{"taxonomy":"post_tag","embeddable":true,"href":"https:\/\/institutosantosdumont.org.br\/en\/wp-json\/wp\/v2\/tags?post=21354"}],"curies":[{"name":"wp","href":"https:\/\/api.w.org\/{rel}","templated":true}]}}