{"id":34882,"date":"2026-04-28T10:20:06","date_gmt":"2026-04-28T13:20:06","guid":{"rendered":"https:\/\/institutosantosdumont.org.br\/?p=34882"},"modified":"2026-04-28T10:20:06","modified_gmt":"2026-04-28T13:20:06","slug":"isd-promove-acao-de-educacao-permanente-com-equipes-de-atencao-primaria-em-saude-de-macaiba","status":"publish","type":"post","link":"https:\/\/institutosantosdumont.org.br\/en\/isd-promove-acao-de-educacao-permanente-com-equipes-de-atencao-primaria-em-saude-de-macaiba\/","title":{"rendered":"ISD promotes continuing education program with Primary Health Care teams in Maca\u00edba."},"content":{"rendered":"<p><span style=\"font-weight: 400;\">Last Thursday (23), the Santos Dumont Institute (ISD) held the inaugural class of continuing education training with Primary Health Care professionals from Maca\u00edba. The meeting was attended by 46 professionals, including doctors, nurses and the Multiprofessional Team (eMulti) of the Family Health Strategies in the municipality.\u00a0<\/span><\/p>\n<p><span style=\"font-weight: 400;\">The activity, which will be carried out throughout the year, aims to identify and reshape the micro-processes of work within primary care teams, seeking to achieve better indicators and improve the quality of healthcare services for the population.\u00a0<\/span><\/p>\n<p><span style=\"font-weight: 400;\">ISD professionals will lead the training sessions, which in 2026 will address the themes of Prenatal and Postpartum Care, Child Development Care, and Care for People with Disabilities, through preventive care for Diabetes and Hypertension. For the first time in 2026, the initiative includes eMulti professionals, bringing the perspective of different health professionals to the discussions.<\/span><\/p>\n<p><span style=\"font-weight: 400;\">According to Samantha Maranh\u00e3o, a multidisciplinary preceptor, neuropsychologist, and coordinator of health education at ISD, continuing education is a strategy that strengthens the comprehensive care of pregnant women, children, and people with disabilities throughout the Maca\u00edba health territory. &quot;We understand that matrix support, the reorganization of work processes, and assistance in monitoring primary health care indicators can transform the reality of local health,&quot; she states.<\/span><\/p>\n<p><span style=\"font-weight: 400;\">One of the participants in the inaugural class was primary healthcare physician Rog\u00e9rio Veloso. According to him, the training is valuable for broadening the perspectives of healthcare professionals and for gaining a better understanding of the global challenges associated with healthcare.<\/span><\/p>\n<p><span style=\"font-weight: 400;\">\u201cThe way we are structured today still needs improvement. That&#039;s why it&#039;s important to have a benchmark for our work and to have meetings, preferably scientific ones, so that the micro level has an idea of how the macro level works,\u201d says Rog\u00e9rio.\u00a0<\/span><\/p>\n<p><b>About ISD<\/b><\/p>\n<p><span style=\"font-weight: 400;\">The Santos Dumont Institute (ISD) is a Social Organization of the Federal Executive Branch, supervised by the Ministry of Education, with the intervention of the Ministry of Sport. It encompasses the Edmond and Lily Safra International Institute of Neuroscience and the Anita Garibaldi Center for Education and Research in Health, both located in Maca\u00edba. The ISD&#039;s mission is to promote education for life, forming citizens through integrated teaching, research, and outreach activities, as well as contributing to a more just and humane transformation of Brazilian social reality.<\/span><\/p>","protected":false},"excerpt":{"rendered":"<p>O Instituto Santos Dumont (ISD) promoveu, na \u00faltima quinta-feira (23), a aula inaugural da forma\u00e7\u00e3o de educa\u00e7\u00e3o permanente com profissionais da Aten\u00e7\u00e3o Prim\u00e1ria em Sa\u00fade de Maca\u00edba. O encontro recebeu 46 profissionais, incluindo m\u00e9dicos, enfermeiros e a Equipe Multiprofissional (eMulti) das Estrat\u00e9gias de Sa\u00fade da Fam\u00edlia do munic\u00edpio.\u00a0 A atividade, que ser\u00e1 realizada durante todo [&hellip;]<\/p>","protected":false},"author":10,"featured_media":34884,"comment_status":"closed","ping_status":"closed","sticky":false,"template":"","format":"standard","meta":{"_acf_changed":false,"footnotes":""},"categories":[1,259,16],"tags":[],"class_list":["post-34882","post","type-post","status-publish","format-standard","has-post-thumbnail","hentry","category-destaque_noticia","category-educacao-saude","category-institucional"],"acf":[],"_links":{"self":[{"href":"https:\/\/institutosantosdumont.org.br\/en\/wp-json\/wp\/v2\/posts\/34882","targetHints":{"allow":["GET"]}}],"collection":[{"href":"https:\/\/institutosantosdumont.org.br\/en\/wp-json\/wp\/v2\/posts"}],"about":[{"href":"https:\/\/institutosantosdumont.org.br\/en\/wp-json\/wp\/v2\/types\/post"}],"author":[{"embeddable":true,"href":"https:\/\/institutosantosdumont.org.br\/en\/wp-json\/wp\/v2\/users\/10"}],"replies":[{"embeddable":true,"href":"https:\/\/institutosantosdumont.org.br\/en\/wp-json\/wp\/v2\/comments?post=34882"}],"version-history":[{"count":2,"href":"https:\/\/institutosantosdumont.org.br\/en\/wp-json\/wp\/v2\/posts\/34882\/revisions"}],"predecessor-version":[{"id":34886,"href":"https:\/\/institutosantosdumont.org.br\/en\/wp-json\/wp\/v2\/posts\/34882\/revisions\/34886"}],"wp:featuredmedia":[{"embeddable":true,"href":"https:\/\/institutosantosdumont.org.br\/en\/wp-json\/wp\/v2\/media\/34884"}],"wp:attachment":[{"href":"https:\/\/institutosantosdumont.org.br\/en\/wp-json\/wp\/v2\/media?parent=34882"}],"wp:term":[{"taxonomy":"category","embeddable":true,"href":"https:\/\/institutosantosdumont.org.br\/en\/wp-json\/wp\/v2\/categories?post=34882"},{"taxonomy":"post_tag","embeddable":true,"href":"https:\/\/institutosantosdumont.org.br\/en\/wp-json\/wp\/v2\/tags?post=34882"}],"curies":[{"name":"wp","href":"https:\/\/api.w.org\/{rel}","templated":true}]}}