{"id":34893,"date":"2026-04-29T18:50:31","date_gmt":"2026-04-29T21:50:31","guid":{"rendered":"https:\/\/institutosantosdumont.org.br\/?p=34893"},"modified":"2026-04-29T18:50:31","modified_gmt":"2026-04-29T21:50:31","slug":"em-brasilia-diretor-geral-do-isd-defende-protagonismo-das-organizacoes-sociais-federais-em-debate-sobre-novo-marco-legal-na-camara-dos-deputados","status":"publish","type":"post","link":"https:\/\/institutosantosdumont.org.br\/en\/em-brasilia-diretor-geral-do-isd-defende-protagonismo-das-organizacoes-sociais-federais-em-debate-sobre-novo-marco-legal-na-camara-dos-deputados\/","title":{"rendered":"In Brasilia, the Director General of ISD defends the leading role of Federal Social Organizations in the debate on the new legal framework in the Chamber of Deputies."},"content":{"rendered":"<p><span style=\"font-weight: 400;\">O Diretor Geral do Instituto Santos Dumont (ISD), Reginaldo Freitas J\u00fanior, participou nesta ter\u00e7a-feira (28) de uma Audi\u00eancia P\u00fablica promovida pela Comiss\u00e3o de Administra\u00e7\u00e3o e Servi\u00e7o P\u00fablico (CASP), na C\u00e2mara dos Deputados. O encontro teve como foco central os impactos do Projeto de Lei 10.720\/2018, que prop\u00f5e uma revis\u00e3o profunda no modelo das Organiza\u00e7\u00f5es Sociais (OS).<\/span><\/p>\n<p><span style=\"font-weight: 400;\">O PL em quest\u00e3o sugere altera\u00e7\u00f5es na Lei Federal 9.637\/1998, o marco legal que rege as OS no Brasil. Durante seu pronunciamento, o Diretor Geral do ISD reconheceu que o texto original, publicado h\u00e1 quase 30 anos, carece de atualiza\u00e7\u00f5es. No entanto, alertou que o relat\u00f3rio atual da CASP pode comprometer a sustentabilidade do modelo. Para o gestor, as entidades que operam na ponta da execu\u00e7\u00e3o de pol\u00edticas p\u00fablicas precisam ter voz ativa na constru\u00e7\u00e3o dessa nova legisla\u00e7\u00e3o.<\/span><\/p>\n<p><span style=\"font-weight: 400;\">\u201cEu n\u00e3o consigo conceber por que \u00e9 necess\u00e1rio, nesse momento do desenvolvimento do pa\u00eds, uma decis\u00e3o excludente entre a aplica\u00e7\u00e3o do modelo para essa ou aquela \u00e1rea. S\u00e3o 10 Organiza\u00e7\u00f5es Sociais de Ci\u00eancia, Tecnologia e Inova\u00e7\u00e3o que t\u00eam resultados de excel\u00eancia para provar que o modelo funciona. Temos protagonismo e legitimidade para qualificar esse debate e chegar a um entendimento que garanta um final feliz para todos os lados\u201d, afirmou Reginaldo.<\/span><\/p>\n<p><b>Resultados e Impacto Social<\/b><\/p>\n<p><span style=\"font-weight: 400;\">Representando o F\u00f3rum das Organiza\u00e7\u00f5es Sociais Federais, Reginaldo apontou como a agilidade do modelo de OSF \u00e9 determinante para o fomento da Ci\u00eancia e Tecnologia. Ele utilizou o exemplo do pr\u00f3prio ISD para ilustrar como o Instituto alinha sua atua\u00e7\u00e3o a pol\u00edticas estrat\u00e9gicas do Governo Federal, especialmente em \u00e1reas como neuroci\u00eancias, neuroengenharia, sa\u00fade materno-infantil e sa\u00fade das pessoas com defici\u00eancia.<\/span><\/p>\n<p><span style=\"font-weight: 400;\">A audi\u00eancia foi uma iniciativa da deputada federal Alice Portugal (PCdoB\/BA), que defendeu a necessidade de o relat\u00f3rio ser rediscutido e passar por outras comiss\u00f5es antes de ir \u00e0 vota\u00e7\u00e3o. \u201cNossa tarefa ser\u00e1 traduzir a diversidade das experi\u00eancias das OS Federais para o relator, para que o PL n\u00e3o quebre a continuidade dessa s\u00e9rie hist\u00f3rica de vit\u00f3rias, mantendo a efici\u00eancia da parceria p\u00fablico-privada em \u00e1reas estrat\u00e9gicas\u201d, observou a parlamentar.<\/span><\/p>\n<p><span style=\"font-weight: 400;\">O deputado federal In\u00e1cio Arruda (PCdoB\/CE) tamb\u00e9m refor\u00e7ou que as OSFs s\u00e3o bra\u00e7os fundamentais do Executivo. Arruda atuou como Secret\u00e1rio de Ci\u00eancia e Tecnologia para o Desenvolvimento Social do MCTI entre 2023 e 2026, conhecendo de perto a realidade das Organiza\u00e7\u00f5es Sociais de C&amp;T. \u201cN\u00e3o se resolve um problema criando outro, prejudicando institui\u00e7\u00f5es que funcionam corretamente e d\u00e3o certo no pa\u00eds. Essas mudan\u00e7as propostas causam impactos significativos que n\u00e3o podem ser aceitos sem ampla discuss\u00e3o\u201d, alertou.<\/span><\/p>\n<p><b>Entenda o Projeto de Lei n\u00ba 10.720\/2018<\/b><\/p>\n<p><b>O que prop\u00f5e?<\/b><\/p>\n<p><span style=\"font-weight: 400;\">O projeto revisa o marco legal das Organiza\u00e7\u00f5es Sociais (Lei 9.637\/1998). O objetivo \u00e9 atualizar normas de gest\u00e3o e transpar\u00eancia, mas o texto atual \u00e9 questionado por criar barreiras burocr\u00e1ticas que podem limitar a atua\u00e7\u00e3o dessas entidades.<\/span><\/p>\n<p><b>Por que gera preocupa\u00e7\u00e3o?<\/b><\/p>\n<p><span style=\"font-weight: 400;\">As Organiza\u00e7\u00f5es Sociais Federais de Ci\u00eancia, Tecnologia e Inova\u00e7\u00e3o (CT&amp;I) temem que as mudan\u00e7as afetem a flexibilidade e a agilidade administrativa \u2014 pilares que permitem ao Brasil promover a\u00e7\u00f5es em \u00e1reas estrat\u00e9gicas para a soberania e o desenvolvimento nacionais.<\/span><\/p>\n<p><b>Qual a posi\u00e7\u00e3o das entidades?<\/b><\/p>\n<p><span style=\"font-weight: 400;\">As institui\u00e7\u00f5es defendem um aprimoramento da Lei que seja constru\u00eddo sob di\u00e1logo e evid\u00eancias t\u00e9cnicas, preservando a autonomia de gest\u00e3o e reconhecendo as especificidades de cada \u00e1rea de atua\u00e7\u00e3o (Sa\u00fade, Educa\u00e7\u00e3o, Ci\u00eancia e Cultura).<\/span><\/p>\n<p><b>About ISD<\/b><\/p>\n<p><span style=\"font-weight: 400;\">The Santos Dumont Institute (ISD) is a Social Organization of the Federal Executive Branch, supervised by the Ministry of Education, with the intervention of the Ministry of Sport. It encompasses the Edmond and Lily Safra International Institute of Neuroscience and the Anita Garibaldi Center for Education and Research in Health, both located in Maca\u00edba. The ISD&#039;s mission is to promote education for life, forming citizens through integrated teaching, research, and outreach activities, as well as contributing to a more just and humane transformation of Brazilian social reality.<\/span><\/p>","protected":false},"excerpt":{"rendered":"<p>O Diretor Geral do Instituto Santos Dumont (ISD), Reginaldo Freitas J\u00fanior, participou nesta ter\u00e7a-feira (28) de uma Audi\u00eancia P\u00fablica promovida pela Comiss\u00e3o de Administra\u00e7\u00e3o e Servi\u00e7o P\u00fablico (CASP), na C\u00e2mara dos Deputados. O encontro teve como foco central os impactos do Projeto de Lei 10.720\/2018, que prop\u00f5e uma revis\u00e3o profunda no modelo das Organiza\u00e7\u00f5es Sociais [&hellip;]<\/p>","protected":false},"author":10,"featured_media":34894,"comment_status":"closed","ping_status":"closed","sticky":false,"template":"","format":"standard","meta":{"_acf_changed":false,"footnotes":""},"categories":[405,16],"tags":[],"class_list":["post-34893","post","type-post","status-publish","format-standard","has-post-thumbnail","hentry","category-destaque-en","category-institucional"],"acf":[],"_links":{"self":[{"href":"https:\/\/institutosantosdumont.org.br\/en\/wp-json\/wp\/v2\/posts\/34893","targetHints":{"allow":["GET"]}}],"collection":[{"href":"https:\/\/institutosantosdumont.org.br\/en\/wp-json\/wp\/v2\/posts"}],"about":[{"href":"https:\/\/institutosantosdumont.org.br\/en\/wp-json\/wp\/v2\/types\/post"}],"author":[{"embeddable":true,"href":"https:\/\/institutosantosdumont.org.br\/en\/wp-json\/wp\/v2\/users\/10"}],"replies":[{"embeddable":true,"href":"https:\/\/institutosantosdumont.org.br\/en\/wp-json\/wp\/v2\/comments?post=34893"}],"version-history":[{"count":2,"href":"https:\/\/institutosantosdumont.org.br\/en\/wp-json\/wp\/v2\/posts\/34893\/revisions"}],"predecessor-version":[{"id":34896,"href":"https:\/\/institutosantosdumont.org.br\/en\/wp-json\/wp\/v2\/posts\/34893\/revisions\/34896"}],"wp:featuredmedia":[{"embeddable":true,"href":"https:\/\/institutosantosdumont.org.br\/en\/wp-json\/wp\/v2\/media\/34894"}],"wp:attachment":[{"href":"https:\/\/institutosantosdumont.org.br\/en\/wp-json\/wp\/v2\/media?parent=34893"}],"wp:term":[{"taxonomy":"category","embeddable":true,"href":"https:\/\/institutosantosdumont.org.br\/en\/wp-json\/wp\/v2\/categories?post=34893"},{"taxonomy":"post_tag","embeddable":true,"href":"https:\/\/institutosantosdumont.org.br\/en\/wp-json\/wp\/v2\/tags?post=34893"}],"curies":[{"name":"wp","href":"https:\/\/api.w.org\/{rel}","templated":true}]}}