{"id":35858,"date":"2026-09-03T15:48:16","date_gmt":"2026-09-03T18:48:16","guid":{"rendered":"https:\/\/institutosantosdumont.org.br\/?p=35858"},"modified":"2026-09-03T16:42:12","modified_gmt":"2026-09-03T19:42:12","slug":"preceptoras-e-residente-do-isd-participam-da-jornada-academica-de-fonoaudiologia-na-ufrn","status":"publish","type":"post","link":"https:\/\/institutosantosdumont.org.br\/en\/preceptoras-e-residente-do-isd-participam-da-jornada-academica-de-fonoaudiologia-na-ufrn\/","title":{"rendered":"Preceptors and residents from ISD participate in the Academic Speech Therapy Conference at UFRN."},"content":{"rendered":"<p><span style=\"font-weight: 400;\">Profissionais e residente do Instituto Santos Dumont (ISD) participaram da X Jornada Acad\u00eamica de Fonoaudiologia (JAFON), promovida pela Universidade Federal do Rio Grande do Norte (UFRN). O evento reuniu estudantes e profissionais da \u00e1rea para discutir diferentes possibilidades de atua\u00e7\u00e3o da fonoaudiologia e compartilhar experi\u00eancias de assist\u00eancia e pesquisa.\u00a0<\/span><\/p>\n<p><span style=\"font-weight: 400;\">A participa\u00e7\u00e3o do ISD na Jornada evidenciou experi\u00eancias desenvolvidas em diferentes linhas de cuidado e refor\u00e7ou a integra\u00e7\u00e3o entre ensino e servi\u00e7o na forma\u00e7\u00e3o de profissionais para atua\u00e7\u00e3o no Sistema \u00danico de Sa\u00fade (SUS).\u00a0<\/span><\/p>\n<p><span style=\"font-weight: 400;\">Na ocasi\u00e3o, participaram do evento as preceptoras fonoaudi\u00f3logas Nyara Aguiar, Ana Carolina Dantas e Gizele Nascimento e a residente La\u00eds Alves, que apresentaram trabalhos desenvolvidos a partir das experi\u00eancias vivenciadas nos servi\u00e7os e projetos do Instituto.<\/span><\/p>\n<p><span style=\"font-weight: 400;\">Como parte da programa\u00e7\u00e3o do evento, a preceptora fonoaudi\u00f3loga Gizele Nascimento participou da mesa-redonda \u201cOs Desafios para o Trabalho em Rede no SUS\u201d. Ela compartilhou sua experi\u00eancia com a preceptoria em programas de resid\u00eancia como dispositivo de integra\u00e7\u00e3o entre ensino, servi\u00e7o e cuidado em sa\u00fade, bem como um espa\u00e7o de forma\u00e7\u00e3o de profissionais para o SUS.\u00a0<\/span><\/p>\n<p><span style=\"font-weight: 400;\">\u201cA preceptoria \u00e9 um espa\u00e7o de integra\u00e7\u00e3o entre ensino, servi\u00e7o e cuidado. A forma\u00e7\u00e3o do residente acontece no cotidiano do trabalho, por meio da viv\u00eancia, acompanhamento e constru\u00e7\u00e3o de autonomia. \u00c9 dentro desse processo que o residente aprende, assume responsabilidades e se prepara para a atua\u00e7\u00e3o colaborativa no Sistema \u00danico de Sa\u00fade\u201d, explica a preceptora.\u00a0<\/span><\/p>\n<p><span style=\"font-weight: 400;\">A discuss\u00e3o tamb\u00e9m abordou a import\u00e2ncia da articula\u00e7\u00e3o entre os diferentes pontos da rede de aten\u00e7\u00e3o \u00e0 sa\u00fade. A integra\u00e7\u00e3o entre os servi\u00e7os e os profissionais \u00e9 essencial para garantir a continuidade do cuidado e possibilitar que a fonoaudiologia contribua nos diferentes n\u00edveis de aten\u00e7\u00e3o do SUS.<\/span><\/p>\n<p><b>About ISD<\/b><\/p>\n<p><span style=\"font-weight: 400;\">The Santos Dumont Institute (ISD) is a Social Organization of the Federal Executive Branch, supervised by the Ministry of Education, with the intervention of the Ministry of Sport. It encompasses the Edmond and Lily Safra International Institute of Neuroscience and the Anita Garibaldi Center for Education and Research in Health, both located in Maca\u00edba. The ISD&#039;s mission is to promote education for life, forming citizens through integrated teaching, research, and outreach activities, as well as contributing to a more just and humane transformation of Brazilian social reality.\u00a0<\/span><\/p>","protected":false},"excerpt":{"rendered":"<p>Profissionais e residente do Instituto Santos Dumont (ISD) participaram da X Jornada Acad\u00eamica de Fonoaudiologia (JAFON), promovida pela Universidade Federal do Rio Grande do Norte (UFRN). O evento reuniu estudantes e profissionais da \u00e1rea para discutir diferentes possibilidades de atua\u00e7\u00e3o da fonoaudiologia e compartilhar experi\u00eancias de assist\u00eancia e pesquisa.\u00a0 A participa\u00e7\u00e3o do ISD na Jornada [&hellip;]<\/p>","protected":false},"author":20,"featured_media":35861,"comment_status":"closed","ping_status":"closed","sticky":false,"template":"","format":"standard","meta":{"_acf_changed":false,"footnotes":""},"categories":[407,1,259,8,10],"tags":[],"class_list":["post-35858","post","type-post","status-publish","format-standard","has-post-thumbnail","hentry","category-ceps-pt","category-destaque_noticia","category-educacao-saude","category-ensino","category-pesquisa"],"acf":[],"_links":{"self":[{"href":"https:\/\/institutosantosdumont.org.br\/en\/wp-json\/wp\/v2\/posts\/35858","targetHints":{"allow":["GET"]}}],"collection":[{"href":"https:\/\/institutosantosdumont.org.br\/en\/wp-json\/wp\/v2\/posts"}],"about":[{"href":"https:\/\/institutosantosdumont.org.br\/en\/wp-json\/wp\/v2\/types\/post"}],"author":[{"embeddable":true,"href":"https:\/\/institutosantosdumont.org.br\/en\/wp-json\/wp\/v2\/users\/20"}],"replies":[{"embeddable":true,"href":"https:\/\/institutosantosdumont.org.br\/en\/wp-json\/wp\/v2\/comments?post=35858"}],"version-history":[{"count":2,"href":"https:\/\/institutosantosdumont.org.br\/en\/wp-json\/wp\/v2\/posts\/35858\/revisions"}],"predecessor-version":[{"id":35862,"href":"https:\/\/institutosantosdumont.org.br\/en\/wp-json\/wp\/v2\/posts\/35858\/revisions\/35862"}],"wp:featuredmedia":[{"embeddable":true,"href":"https:\/\/institutosantosdumont.org.br\/en\/wp-json\/wp\/v2\/media\/35861"}],"wp:attachment":[{"href":"https:\/\/institutosantosdumont.org.br\/en\/wp-json\/wp\/v2\/media?parent=35858"}],"wp:term":[{"taxonomy":"category","embeddable":true,"href":"https:\/\/institutosantosdumont.org.br\/en\/wp-json\/wp\/v2\/categories?post=35858"},{"taxonomy":"post_tag","embeddable":true,"href":"https:\/\/institutosantosdumont.org.br\/en\/wp-json\/wp\/v2\/tags?post=35858"}],"curies":[{"name":"wp","href":"https:\/\/api.w.org\/{rel}","templated":true}]}}