{"id":10195,"date":"2017-05-15T14:59:28","date_gmt":"2017-05-15T17:59:28","guid":{"rendered":"http:\/\/www.institutosantosdumont.org.br\/?p=10195"},"modified":"2017-08-08T21:46:00","modified_gmt":"2017-08-09T00:46:00","slug":"cec-conferencia-nacional-nova-educacao","status":"publish","type":"post","link":"https:\/\/institutosantosdumont.org.br\/es\/cec-conferencia-nacional-nova-educacao\/","title":{"rendered":"CEC Natal participa en la etapa regional de la 1\u00aa Conferencia Nacional de Alternativas para una Nueva Educaci\u00f3n"},"content":{"rendered":"<div data-elementor-type=\"wp-post\" data-elementor-id=\"10195\" class=\"elementor elementor-10195 elementor-bc-flex-widget\" data-elementor-post-type=\"post\">\n\t\t\t\t\t\t<section class=\"elementor-section elementor-top-section elementor-element elementor-element-aeamkma elementor-section-boxed elementor-section-height-default elementor-section-height-default\" data-id=\"aeamkma\" data-element_type=\"section\">\n\t\t\t\t\t\t<div class=\"elementor-container elementor-column-gap-default\">\n\t\t\t\t\t<div class=\"elementor-column elementor-col-100 elementor-top-column elementor-element elementor-element-xapybie\" data-id=\"xapybie\" data-element_type=\"column\">\n\t\t\t<div class=\"elementor-widget-wrap elementor-element-populated\">\n\t\t\t\t\t\t<div class=\"elementor-element elementor-element-nunysif elementor-widget elementor-widget-text-editor\" data-id=\"nunysif\" data-element_type=\"widget\" data-widget_type=\"text-editor.default\">\n\t\t\t\t<div class=\"elementor-widget-container\">\n\t\t\t\t\t\t\t\t\t<p>EL <strong>Centro de Educaci\u00f3n Cient\u00edfica (CEC) Escuela Alfredo J. Monteverde<\/strong>, Unidad de Natal (RN), estuvo presente en el <strong>1.\u00aa Conferencia Nacional de Alternativas para una Nueva Educaci\u00f3n (CONANE) \u2013 Edici\u00f3n Noreste<\/strong>, que tuvo lugar el d\u00eda 12 de mayo, en el Centro de Educaci\u00f3n Infantil (NEI\/CAp) de la Universidad Federal de Rio Grande do Norte (UFRN).<\/p><p style=\"text-align: justify;\">El coordinador del CEC Natal, <strong>Walter Romero Jr.<\/strong>, y el asistente pedag\u00f3gico del CEC Natal, <strong>Mar\u00eda Alice Fernandes<\/strong>, participaron del c\u00edrculo de conversaci\u00f3n en uno de los momentos del evento, cuando compartieron con los presentes el proyecto pedag\u00f3gico y las pr\u00e1cticas educativas adoptadas en los Centros de Educaci\u00f3n Cient\u00edfica de <strong>Instituto Santos Dumont (ISD)<\/strong>.<\/p><figure id=\"attachment_10198\" aria-describedby=\"caption-attachment-10198\" style=\"width: 400px\" class=\"wp-caption alignright\"><a href=\"https:\/\/institutosantosdumont.org.br\/wp-content\/uploads\/Foto3_editada.jpg\"><img fetchpriority=\"high\" decoding=\"async\" class=\"wp-image-10198\" src=\"https:\/\/institutosantosdumont.org.br\/wp-content\/uploads\/Foto3_editada-300x200.jpg\" alt=\"Da esquerda para a direita: Professora S\u00f4nia Goulart, Coordenadora Nacional da CONANE; Walter Romero J\u00fanior, coordenador do CEC Natal; Vera Santana, coordenadora do projeto Conex\u00e3o Felipe Camar\u00e3o; Giovanna Ara\u00fajo, Assessora Pedag\u00f3gica do Setor de Educa\u00e7\u00e3o em Tempo Integral da Secretaria Municipal de Educa\u00e7\u00e3o de Natal\" width=\"400\" height=\"267\" \/><\/a><figcaption id=\"caption-attachment-10198\" class=\"wp-caption-text\">De izquierda a derecha: Profesora S\u00f4nia Goulart, Coordinadora Nacional del CONANE; Walter Romero J\u00fanior, coordinador del CEC Natal; Vera Santana, coordinadora del proyecto Conexi\u00f3n Felipe Camar\u00e3o; Giovanna Ara\u00fajo, Asesora Pedag\u00f3gica del Sector de Educaci\u00f3n Integral de la Secretar\u00eda Municipal de Educaci\u00f3n de Natal<\/figcaption><\/figure><p style=\"text-align: justify;\">En el proceso de ense\u00f1anza-aprendizaje adoptado en los CEC en sentido inverso al de las escuelas regulares, los estudiantes de las escuelas p\u00fablicas son capacitados por sus educadores en el uso de diversos equipos y materiales para apropiarse de los recursos de las artes y las tecnolog\u00edas, necesarios para el desarrollo de la producci\u00f3n de conocimiento cient\u00edfico. En los talleres que asisten a lo largo de dos a\u00f1os en los CEC, los estudiantes desarrollan sus conocimientos para recolectar, seleccionar, interpretar, cuestionar, producir y utilizar diferentes tipos de datos e informaci\u00f3n, utilizados en la pr\u00e1ctica cient\u00edfica para producir nuevos conocimientos, ampliando la conciencia cr\u00edtica de la realidad.<\/p><h4 style=\"text-align: justify;\"><strong>Acerca de CONANE<\/strong><\/h4><p style=\"text-align: justify;\">Esta Conferencia estuvo dirigida a docentes, directivos, coordinadores y otros profesionales invitados de instituciones gubernamentales y no gubernamentales, que trabajan con nuevas pr\u00e1cticas educativas innovadoras y que buscan desarrollar una formaci\u00f3n integral del sujeto, en contextos escolares y no escolares.<\/p><p style=\"text-align: justify;\">El siguiente paso despu\u00e9s del evento ser\u00e1 elaborar colectivamente un documento que contenga posiciones y orientaciones para una agenda a nivel local, regional y nacional en torno a la educaci\u00f3n integral. El documento ser\u00e1 presentado en el CONANE \u2013 Escenario Nacional, que tendr\u00e1 lugar en Brasilia, del 15 al 18 de junio de 2017.<\/p><p>::::::::::::::::::::::::<\/p><p style=\"text-align: justify;\"><strong>El Instituto Santos Dumont (ISD) es una Organizaci\u00f3n Social que mantiene v\u00ednculos con el Ministerio de Educaci\u00f3n (MEC), y tiene como misi\u00f3n promover la educaci\u00f3n para la vida, formando ciudadanos por medio de acciones integradas de ense\u00f1anza, investigaci\u00f3n y extensi\u00f3n y contribuyendo a la transformaci\u00f3n m\u00e1s justa y humana de la realidad social brasile\u00f1a.<\/strong><\/p>\t\t\t\t\t\t\t\t<\/div>\n\t\t\t\t<\/div>\n\t\t\t\t\t<\/div>\n\t\t<\/div>\n\t\t\t\t\t<\/div>\n\t\t<\/section>\n\t\t\t\t<\/div>","protected":false},"excerpt":{"rendered":"<p>O Centro de Educa\u00e7\u00e3o Cient\u00edfica (CEC), unidade Natal, foi convidado a participar de evento destinado a professores, gestores, coordenadores e outros profissionais que atuam com novas pr\u00e1ticas educativas inovadoras no Rio Grande do Norte. <\/p>","protected":false},"author":1,"featured_media":10196,"comment_status":"closed","ping_status":"closed","sticky":false,"template":"","format":"standard","meta":{"_acf_changed":false,"footnotes":""},"categories":[1],"tags":[102,106,108,188,130,54,140,82],"class_list":["post-10195","post","type-post","status-publish","format-standard","has-post-thumbnail","hentry","category-destaque_noticia","tag-centro-de-educacao-cientifica","tag-educacao","tag-educacao-cientifica","tag-i-conferencia-nacional-de-alternativas-para-uma-nova-educacao-conane","tag-inovacao","tag-instituto-santos-dumont","tag-natal","tag-rn"],"acf":[],"_links":{"self":[{"href":"https:\/\/institutosantosdumont.org.br\/es\/wp-json\/wp\/v2\/posts\/10195","targetHints":{"allow":["GET"]}}],"collection":[{"href":"https:\/\/institutosantosdumont.org.br\/es\/wp-json\/wp\/v2\/posts"}],"about":[{"href":"https:\/\/institutosantosdumont.org.br\/es\/wp-json\/wp\/v2\/types\/post"}],"author":[{"embeddable":true,"href":"https:\/\/institutosantosdumont.org.br\/es\/wp-json\/wp\/v2\/users\/1"}],"replies":[{"embeddable":true,"href":"https:\/\/institutosantosdumont.org.br\/es\/wp-json\/wp\/v2\/comments?post=10195"}],"version-history":[{"count":0,"href":"https:\/\/institutosantosdumont.org.br\/es\/wp-json\/wp\/v2\/posts\/10195\/revisions"}],"wp:featuredmedia":[{"embeddable":true,"href":"https:\/\/institutosantosdumont.org.br\/es\/wp-json\/"}],"wp:attachment":[{"href":"https:\/\/institutosantosdumont.org.br\/es\/wp-json\/wp\/v2\/media?parent=10195"}],"wp:term":[{"taxonomy":"category","embeddable":true,"href":"https:\/\/institutosantosdumont.org.br\/es\/wp-json\/wp\/v2\/categories?post=10195"},{"taxonomy":"post_tag","embeddable":true,"href":"https:\/\/institutosantosdumont.org.br\/es\/wp-json\/wp\/v2\/tags?post=10195"}],"curies":[{"name":"wp","href":"https:\/\/api.w.org\/{rel}","templated":true}]}}