{"id":10207,"date":"2017-05-16T12:08:37","date_gmt":"2017-05-16T15:08:37","guid":{"rendered":"http:\/\/www.institutosantosdumont.org.br\/?p=10207"},"modified":"2017-07-14T16:54:27","modified_gmt":"2017-07-14T19:54:27","slug":"projeto-arte-de-nascer-fala-importancia-amamentacao","status":"publish","type":"post","link":"https:\/\/institutosantosdumont.org.br\/es\/projeto-arte-de-nascer-fala-importancia-amamentacao\/","title":{"rendered":"El proyecto El Arte de Nacer habla sobre la importancia de la lactancia materna"},"content":{"rendered":"<p style=\"text-align: justify;\"><em>Texto y fotos: Ariane Mondo \u2013 Ascom ISD<\/em><\/p>\n<p style=\"text-align: justify;\">El 16 de mayo el <strong>Proyecto Arte del Nacimiento<\/strong>, ofrecido semanalmente a mujeres embarazadas atendidas en\u00a0<strong>Centro de Educaci\u00f3n e Investigaci\u00f3n en Salud Anita Garibaldi (CEPS)<\/strong>, en Maca\u00edba (RN), abord\u00f3 cuestiones relacionadas con la lactancia materna.<\/p>\n<p style=\"text-align: justify;\">Mitos, informaciones \u00fatiles, derechos garantizados para que las madres puedan amamantar despu\u00e9s de la maternidad y posiciones correctas para amamantar fueron algunos de los temas discutidos en la rueda de conversaci\u00f3n que cont\u00f3 con la participaci\u00f3n de m\u00e9dicos preceptores del CEPS, internos y residentes del curso de medicina de la Universidad Federal de Rio Grande do Norte (UFRN).<\/p>\n<p style=\"text-align: justify;\">El invitado <strong>Mar\u00eda Jos\u00e9 Ferreira<\/strong>, enfermera del Hospital de la Polic\u00eda Militar de RN, ayud\u00f3 a aclarar dudas de las embarazadas y habl\u00f3 sobre la importancia de donar leche a los bancos de leche materna disponibles en las ciudades brasile\u00f1as. Mar\u00eda Jos\u00e9 dijo que cualquier mujer que amamante puede ser donante, siempre y cuando est\u00e9 sana y no est\u00e9 tomando ning\u00fan medicamento. En Rio Grande do Norte, hay tres bancos de leche y uno de ellos es el PM, que, dependiendo de la demanda, puede recoger la leche donde est\u00e9 la embarazada. Informaci\u00f3n sobre c\u00f3mo donar al banco de leche del Hospital RN PM: (84) 3232-3669.<\/p>\n<p>[ancho de columna=\u201d1\/2\u2033 t\u00edtulo=\u201d\u201d tipo de t\u00edtulo=\u201dsimple\u201d divisor=\u201dfalso\u201d impl\u00edcito=\u201dverdadero\u201d]<\/p>\n<figure id=\"attachment_10214\" aria-describedby=\"caption-attachment-10214\" style=\"width: 1300px\" class=\"wp-caption aligncenter\"><a href=\"https:\/\/institutosantosdumont.org.br\/wp-content\/uploads\/2017-05-16-Arte-de-Nascer-amamenta\u00e7\u00e3o-Foto-Ariane-Mondo-Ascom-ISD_editada-1.jpg\"><img fetchpriority=\"high\" decoding=\"async\" class=\"size-full wp-image-10214\" src=\"https:\/\/institutosantosdumont.org.br\/wp-content\/uploads\/2017-05-16-Arte-de-Nascer-amamenta\u00e7\u00e3o-Foto-Ariane-Mondo-Ascom-ISD_editada-1.jpg\" alt=\"Roda de conversa sobre aleitamento materno\" width=\"1300\" height=\"976\" \/><\/a><figcaption id=\"caption-attachment-10214\" class=\"wp-caption-text\">Grupo de discusi\u00f3n sobre la lactancia materna<\/figcaption><\/figure>\n<p>[\/columna]<\/p>\n<p>[ancho de columna=\u201d1\/2\u2033 \u00faltimo=\u201dverdadero\u201d t\u00edtulo=\u201d\u201d tipo_t\u00edtulo=\u201dsencillo\u201d divisor=\u201dfalso\u201d impl\u00edcito=\u201dverdadero\u201d]<\/p>\n<figure id=\"attachment_10212\" aria-describedby=\"caption-attachment-10212\" style=\"width: 1300px\" class=\"wp-caption aligncenter\"><a href=\"https:\/\/institutosantosdumont.org.br\/wp-content\/uploads\/2017-05-16-Arte-de-Nascer-amamenta\u00e7\u00e3o-Foto-Ariane-Mondo-Ascom-ISD_editada-5.jpg\"><img decoding=\"async\" class=\"size-full wp-image-10212\" src=\"https:\/\/institutosantosdumont.org.br\/wp-content\/uploads\/2017-05-16-Arte-de-Nascer-amamenta\u00e7\u00e3o-Foto-Ariane-Mondo-Ascom-ISD_editada-5.jpg\" alt=\"A enfermeira Maria Jos\u00e9 mostra a maneira correta de apoiar o beb\u00ea durante amamenta\u00e7\u00e3o\" width=\"1300\" height=\"975\" \/><\/a><figcaption id=\"caption-attachment-10212\" class=\"wp-caption-text\">La enfermera Mar\u00eda Jos\u00e9 muestra la forma correcta de sostener al beb\u00e9 durante la lactancia.<\/figcaption><\/figure>\n<p>[\/columna]<\/p>\n<p>[ancho de columna =\u201d1\/1\u2033 \u00faltimo =\u201dverdadero\u201d t\u00edtulo =\u201d\u201d t\u00edtulo_tipo =\u201dsingle\u201d divisor =\u201dfalso\u201d impl\u00edcito =\u201dverdadero\u201d]<\/p>\n<p><strong>El arte de nacer<\/strong><\/p>\n<p>El Arte de Nacer es un proyecto premiado internacionalmente (art\u00edculo <a href=\"https:\/\/institutosantosdumont.org.br\/es\/o-projeto-a-arte-de-nascer-do-ceps-anita-garibaldi-foi-premiado-no-projects-that-work-competition-da-faimer\/\" target=\"_blank\" rel=\"noopener noreferrer\"><strong>AQU\u00cd<\/strong><\/a>) que realiza actividades recreativas involucrando el arte en diferentes formas e integrando acciones de atenci\u00f3n a mujeres embarazadas usuarias del CEPS. Este es un proyecto de <strong>Programa Institucional de Educaci\u00f3n y Trabajo Interprofesional en Salud Maternoinfantil (PISD3)<\/strong> de <strong>Instituto Santos Dumont (ISD).<\/strong><\/p>\n<p>::::::::::::::::::::::::<\/p>\n<p><strong>El Instituto Santos Dumont (ISD) es una Organizaci\u00f3n Social que mantiene v\u00ednculos con el Ministerio de Educaci\u00f3n (MEC), y tiene como misi\u00f3n promover la educaci\u00f3n para la vida, formando ciudadanos por medio de acciones integradas de ense\u00f1anza, investigaci\u00f3n y extensi\u00f3n y contribuyendo a la transformaci\u00f3n m\u00e1s justa y humana de la realidad social brasile\u00f1a.<\/strong><\/p>\n<p>[\/columna]<\/p>\n<p>[ancho de columna=\u201d1\/2\u2033 t\u00edtulo=\u201d\u201d tipo de t\u00edtulo=\u201dsimple\u201d divisor=\u201dfalso\u201d impl\u00edcito=\u201dverdadero\u201d]<\/p>\n<p><a href=\"https:\/\/institutosantosdumont.org.br\/wp-content\/uploads\/2017-05-16-Arte-de-Nascer-amamenta\u00e7\u00e3o-Foto-Ariane-Mondo-Ascom-ISD_editada-2.jpg\"><img decoding=\"async\" class=\"aligncenter size-full wp-image-10219\" src=\"https:\/\/institutosantosdumont.org.br\/wp-content\/uploads\/2017-05-16-Arte-de-Nascer-amamenta\u00e7\u00e3o-Foto-Ariane-Mondo-Ascom-ISD_editada-2.jpg\" alt=\"2017 05 16 - Arte de Nascer amamenta\u00e7\u00e3o Foto Ariane Mondo Ascom ISD_editada (2)\" width=\"1300\" height=\"975\" \/><\/a><\/p>\n<p>[\/columna]<\/p>\n<p>[ancho de columna=\u201d1\/2\u2033 \u00faltimo=\u201dverdadero\u201d t\u00edtulo=\u201d\u201d tipo_t\u00edtulo=\u201dsencillo\u201d divisor=\u201dfalso\u201d impl\u00edcito=\u201dverdadero\u201d]<\/p>\n<p><a href=\"https:\/\/institutosantosdumont.org.br\/wp-content\/uploads\/2017-05-16-Arte-de-Nascer-amamenta\u00e7\u00e3o-Foto-Ariane-Mondo-Ascom-ISD_editada-4.jpg\"><img loading=\"lazy\" decoding=\"async\" class=\"aligncenter size-full wp-image-10220\" src=\"https:\/\/institutosantosdumont.org.br\/wp-content\/uploads\/2017-05-16-Arte-de-Nascer-amamenta\u00e7\u00e3o-Foto-Ariane-Mondo-Ascom-ISD_editada-4.jpg\" alt=\"2017 05 16 - Arte de Nascer amamenta\u00e7\u00e3o Foto Ariane Mondo Ascom ISD_editada (4)\" width=\"1300\" height=\"975\" \/><\/a><\/p>\n<p>[\/columna]<\/p>","protected":false},"excerpt":{"rendered":"<p>Projeto semanal do Centro de Educa\u00e7\u00e3o e Pesquisa em Sa\u00fade Anita Garibaldi (CEPS), em Maca\u00edba\/RN, promoveu roda de conversas com gestantes sobre amamenta\u00e7\u00e3o.<\/p>","protected":false},"author":1,"featured_media":10879,"comment_status":"closed","ping_status":"closed","sticky":false,"template":"","format":"standard","meta":{"_acf_changed":false,"footnotes":""},"categories":[1],"tags":[192,194,70,112,54,60,82],"class_list":["post-10207","post","type-post","status-publish","format-standard","has-post-thumbnail","hentry","category-destaque_noticia","tag-amamentacao","tag-arte-de-nascer","tag-centro-de-educacao-e-pesquisa-em-saude-ceps","tag-educacao-em-saude","tag-instituto-santos-dumont","tag-macaiba","tag-rn"],"acf":[],"_links":{"self":[{"href":"https:\/\/institutosantosdumont.org.br\/es\/wp-json\/wp\/v2\/posts\/10207","targetHints":{"allow":["GET"]}}],"collection":[{"href":"https:\/\/institutosantosdumont.org.br\/es\/wp-json\/wp\/v2\/posts"}],"about":[{"href":"https:\/\/institutosantosdumont.org.br\/es\/wp-json\/wp\/v2\/types\/post"}],"author":[{"embeddable":true,"href":"https:\/\/institutosantosdumont.org.br\/es\/wp-json\/wp\/v2\/users\/1"}],"replies":[{"embeddable":true,"href":"https:\/\/institutosantosdumont.org.br\/es\/wp-json\/wp\/v2\/comments?post=10207"}],"version-history":[{"count":0,"href":"https:\/\/institutosantosdumont.org.br\/es\/wp-json\/wp\/v2\/posts\/10207\/revisions"}],"wp:featuredmedia":[{"embeddable":true,"href":"https:\/\/institutosantosdumont.org.br\/es\/wp-json\/wp\/v2\/media\/10879"}],"wp:attachment":[{"href":"https:\/\/institutosantosdumont.org.br\/es\/wp-json\/wp\/v2\/media?parent=10207"}],"wp:term":[{"taxonomy":"category","embeddable":true,"href":"https:\/\/institutosantosdumont.org.br\/es\/wp-json\/wp\/v2\/categories?post=10207"},{"taxonomy":"post_tag","embeddable":true,"href":"https:\/\/institutosantosdumont.org.br\/es\/wp-json\/wp\/v2\/tags?post=10207"}],"curies":[{"name":"wp","href":"https:\/\/api.w.org\/{rel}","templated":true}]}}