{"id":10401,"date":"2017-06-05T17:39:45","date_gmt":"2017-06-05T20:39:45","guid":{"rendered":"http:\/\/www.institutosantosdumont.org.br\/?p=10401"},"modified":"2017-08-08T21:39:01","modified_gmt":"2017-08-09T00:39:01","slug":"isd-participa-audiencia-publica-projeto-nascer-com-dignidade-mprn","status":"publish","type":"post","link":"https:\/\/institutosantosdumont.org.br\/es\/isd-participa-audiencia-publica-projeto-nascer-com-dignidade-mprn\/","title":{"rendered":"ISD participa en audiencia p\u00fablica del Proyecto Nacer con Dignidad del MPRN"},"content":{"rendered":"<div data-elementor-type=\"wp-post\" data-elementor-id=\"10401\" class=\"elementor elementor-10401 elementor-bc-flex-widget\" data-elementor-post-type=\"post\">\n\t\t\t\t\t\t<section class=\"elementor-section elementor-top-section elementor-element elementor-element-xinnshl elementor-section-boxed elementor-section-height-default elementor-section-height-default\" data-id=\"xinnshl\" data-element_type=\"section\">\n\t\t\t\t\t\t<div class=\"elementor-container elementor-column-gap-default\">\n\t\t\t\t\t<div class=\"elementor-column elementor-col-100 elementor-top-column elementor-element elementor-element-ugutxoq\" data-id=\"ugutxoq\" data-element_type=\"column\">\n\t\t\t<div class=\"elementor-widget-wrap elementor-element-populated\">\n\t\t\t\t\t\t<div class=\"elementor-element elementor-element-nqcxngl elementor-widget elementor-widget-text-editor\" data-id=\"nqcxngl\" data-element_type=\"widget\" data-widget_type=\"text-editor.default\">\n\t\t\t\t<div class=\"elementor-widget-container\">\n\t\t\t\t\t\t\t\t\t<p>El 29 de mayo el <a href=\"http:\/\/www.mprn.mp.br\/portal\/\" target=\"_blank\" rel=\"noopener noreferrer\"><strong>Ministerio P\u00fablico del Estado de Rio Grande do Norte (MPRN)<\/strong><\/a> celebrada en Natal (RN), la audiencia p\u00fablica de cierre del <strong>Proyecto Nacido con Dignidad<\/strong>, iniciado en 2011, desarrollado a trav\u00e9s del N\u00facleo de Apoyo Operacional a los Procuradores de Defensa de la Salud P\u00fablica (Caop Sa\u00fade) y que tuvo como objetivo promover la articulaci\u00f3n institucional para fortalecer las acciones de asistencia ofrecidas por la red estatal de atenci\u00f3n a la salud de la mujer y del ni\u00f1o y contribuir a la reducci\u00f3n de los indicadores de mortalidad materna y neonatal.<\/p><p style=\"text-align: justify;\">Varias autoridades, especialmente de las \u00e1reas de Derecho y Salud, estuvieron presentes en el evento para analizar y discutir el escenario encontrado al momento de su implementaci\u00f3n y los avances obtenidos con el proyecto desde entonces.<\/p><p style=\"text-align: justify;\">El Director de Docencia e Investigaci\u00f3n de la <strong>Instituto Santos Dumont (ISD)<\/strong>, <strong>Reginaldo Freitas J\u00fanior<\/strong>, fue uno de los invitados a la mesa de debate del evento y en la ocasi\u00f3n profundiz\u00f3 en uno de los temas trabajados en el proyecto institucional \u201c<strong>Mortalidad materna prevenible desde una perspectiva de derechos humanos<\/strong>\u201d, que desarrolla ISD en el marco de <strong>Programa de Educaci\u00f3n para la Acci\u00f3n Social y Comunitaria (PISD5)<\/strong>El Proyecto Nacer con Dignidad es un ejemplo concreto de c\u00f3mo la articulaci\u00f3n de diferentes sectores de la sociedad puede producir resultados m\u00e1s efectivos en menos tiempo. El proyecto tuvo mucho \u00e9xito al impulsar acciones conjuntas, involucrando desde universidades hasta departamentos de salud. Los promotores se apropiaron de la realidad de nuestro sistema de salud, lo cual fue fundamental para el proyecto. El ISD cree que esta articulaci\u00f3n entre los m\u00faltiples actores sociales involucrados en un mismo tema, aunque en aspectos muy diferentes, puede generar buenos resultados, observa Reginaldo.<\/p><p style=\"text-align: justify;\">Seg\u00fan \u00e9l, la fase actual del proyecto est\u00e1 terminando, pero no agotada, porque el desaf\u00edo de la mortalidad materna evitable a\u00fan persiste: \u201cHemos resuelto algunas cuestiones estructurales importantes, pero otras siguen absolutamente vigentes, como, por ejemplo, la falta de conexi\u00f3n entre la gestante, desde la atenci\u00f3n prenatal, y un servicio de referencia para el parto y la garant\u00eda de asistencia en ese servicio\u201d, analiza la obstetra y profesora de la UFRN.<\/p><p style=\"text-align: justify;\">El promotor <strong>Iara Maria Pinheiro de Albuquerque<\/strong>, coordinadora de Caop Sa\u00fade, coincide en que el proyecto est\u00e1 llegando a su fin, pero el trabajo del MPRN no se detendr\u00e1: \u00abTenemos varias acciones en marcha y CAOP Sa\u00fade brindar\u00e1 apoyo, pero dentro de un horario regular. Contamos con nuestro apoyo espec\u00edfico a trav\u00e9s de un gestor interno en nuestra intranet y podemos recibir solicitudes para realizar visitas al interior, pero para este proyecto la expectativa ahora es m\u00e1s bien aclarar dudas\u00bb, afirma.<\/p><p style=\"text-align: justify;\">\u00a0<\/p><h2 style=\"text-align: justify;\"><strong>Necesidad de articular m\u00e1s actores sociales<\/strong><\/h2><p>\u00a0<\/p><p style=\"text-align: justify;\">Reginaldo cree que el proyecto Nacer con Dignidad deja claro que es esencial que m\u00e1s miembros de la sociedad se involucren en este tema: \u00abEl ISD tiene un papel que desempe\u00f1ar para ayudar a transformar esta realidad. Es necesario movilizar a m\u00e1s actores sociales para reducir la mortalidad materna prevenible, por lo que es fundamental incluir acciones de educaci\u00f3n y formaci\u00f3n de profesionales de la salud. Este tipo de debate debe integrarse en los \u00e1mbitos en los que se debate la ciudadan\u00eda, comenzando por ejemplo en la educaci\u00f3n primaria II. Es necesario desarrollar estrategias de educaci\u00f3n continua que sean eficaces para transformar actitudes y promover buenas pr\u00e1cticas de atenci\u00f3n obst\u00e9trica basadas en la mejor evidencia cient\u00edfica disponible. Esto es muy importante. En el Instituto Santos Dumont podemos contribuir en ello\u00bb, concluye Freitas J\u00fanior.<\/p><p style=\"text-align: justify;\">\u00a0<\/p><h3 style=\"text-align: justify;\"><strong>Cifras del Proyecto Nacidos con Dignidad<\/strong><\/h3><p>\u00a0<\/p><p style=\"text-align: justify;\">El Proyecto Nascer com Dignidade se inici\u00f3 en febrero de 2011 y finaliz\u00f3 en mayo de 2017, habiendo conseguido el apoyo de 59 Ministerios P\u00fablicos, abarcando 143 municipios de Rio Grande do Norte.<\/p><p style=\"text-align: justify;\">M\u00e1s informaci\u00f3n y datos sobre el Proyecto Nacer con Dignidad <a href=\"https:\/\/drive.google.com\/drive\/folders\/0BwY6IodC_t2YeUh0bzF5UktsMHM\" target=\"_blank\" rel=\"noopener noreferrer\"><strong>AQU\u00cd<\/strong><\/a>.<\/p><p style=\"text-align: justify;\">\u00a0<\/p><p>::::::::::::::::::::::::<\/p><p>\u00a0<\/p><p><strong>El Instituto Santos Dumont (ISD) es una Organizaci\u00f3n Social que mantiene v\u00ednculos con el Ministerio de Educaci\u00f3n (MEC), y tiene como misi\u00f3n promover la educaci\u00f3n para la vida, formando ciudadanos por medio de acciones integradas de ense\u00f1anza, investigaci\u00f3n y extensi\u00f3n y contribuyendo a la transformaci\u00f3n m\u00e1s justa y humana de la realidad social brasile\u00f1a.<\/strong><\/p>\t\t\t\t\t\t\t\t<\/div>\n\t\t\t\t<\/div>\n\t\t\t\t\t<\/div>\n\t\t<\/div>\n\t\t\t\t\t<\/div>\n\t\t<\/section>\n\t\t\t\t<\/div>","protected":false},"excerpt":{"rendered":"<p>El proyecto &quot;Nacido con Dignidad&quot; comenz\u00f3 en febrero de 2011 y concluy\u00f3 en mayo de 2017. El Director de Docencia e Investigaci\u00f3n del Instituto Santos Dumont particip\u00f3 en el panel de discusi\u00f3n y habl\u00f3 sobre un proyecto institucional relacionado con la mortalidad materna prevenible.<\/p>","protected":false},"author":1,"featured_media":10402,"comment_status":"closed","ping_status":"closed","sticky":false,"template":"","format":"standard","meta":{"_acf_changed":false,"footnotes":""},"categories":[1,11],"tags":[238,106,112,54,240,170,242,172,116],"class_list":["post-10401","post","type-post","status-publish","format-standard","has-post-thumbnail","hentry","category-destaque_noticia","category-extensao","tag-direito","tag-educacao","tag-educacao-em-saude","tag-instituto-santos-dumont","tag-ministerio-publico-do-estado-do-rio-grande-do-norte-mprn","tag-mortalidade-materna-evitavel","tag-projeto-nascer-com-dignidade","tag-reginaldo-freitas-junior","tag-saude"],"acf":[],"_links":{"self":[{"href":"https:\/\/institutosantosdumont.org.br\/es\/wp-json\/wp\/v2\/posts\/10401","targetHints":{"allow":["GET"]}}],"collection":[{"href":"https:\/\/institutosantosdumont.org.br\/es\/wp-json\/wp\/v2\/posts"}],"about":[{"href":"https:\/\/institutosantosdumont.org.br\/es\/wp-json\/wp\/v2\/types\/post"}],"author":[{"embeddable":true,"href":"https:\/\/institutosantosdumont.org.br\/es\/wp-json\/wp\/v2\/users\/1"}],"replies":[{"embeddable":true,"href":"https:\/\/institutosantosdumont.org.br\/es\/wp-json\/wp\/v2\/comments?post=10401"}],"version-history":[{"count":0,"href":"https:\/\/institutosantosdumont.org.br\/es\/wp-json\/wp\/v2\/posts\/10401\/revisions"}],"wp:featuredmedia":[{"embeddable":true,"href":"https:\/\/institutosantosdumont.org.br\/es\/wp-json\/"}],"wp:attachment":[{"href":"https:\/\/institutosantosdumont.org.br\/es\/wp-json\/wp\/v2\/media?parent=10401"}],"wp:term":[{"taxonomy":"category","embeddable":true,"href":"https:\/\/institutosantosdumont.org.br\/es\/wp-json\/wp\/v2\/categories?post=10401"},{"taxonomy":"post_tag","embeddable":true,"href":"https:\/\/institutosantosdumont.org.br\/es\/wp-json\/wp\/v2\/tags?post=10401"}],"curies":[{"name":"wp","href":"https:\/\/api.w.org\/{rel}","templated":true}]}}