{"id":10418,"date":"2017-06-07T10:15:13","date_gmt":"2017-06-07T13:15:13","guid":{"rendered":"http:\/\/www.institutosantosdumont.org.br\/?p=10418"},"modified":"2017-07-14T11:49:10","modified_gmt":"2017-07-14T14:49:10","slug":"iinels-encontro-inovacao-saude","status":"publish","type":"post","link":"https:\/\/institutosantosdumont.org.br\/es\/iinels-encontro-inovacao-saude\/","title":{"rendered":"IIN-ELS participa en el Encuentro Nacional de Emprendimiento e Innovaci\u00f3n en Salud"},"content":{"rendered":"<div data-elementor-type=\"wp-post\" data-elementor-id=\"10418\" class=\"elementor elementor-10418 elementor-bc-flex-widget\" data-elementor-post-type=\"post\">\n\t\t\t\t\t\t<section class=\"elementor-section elementor-top-section elementor-element elementor-element-apkwnbh elementor-section-boxed elementor-section-height-default elementor-section-height-default\" data-id=\"apkwnbh\" data-element_type=\"section\">\n\t\t\t\t\t\t<div class=\"elementor-container elementor-column-gap-default\">\n\t\t\t\t\t<div class=\"elementor-column elementor-col-100 elementor-top-column elementor-element elementor-element-sltzunq\" data-id=\"sltzunq\" data-element_type=\"column\">\n\t\t\t<div class=\"elementor-widget-wrap elementor-element-populated\">\n\t\t\t\t\t\t<div class=\"elementor-element elementor-element-szgvqny elementor-widget elementor-widget-text-editor\" data-id=\"szgvqny\" data-element_type=\"widget\" data-widget_type=\"text-editor.default\">\n\t\t\t\t<div class=\"elementor-widget-container\">\n\t\t\t\t\t\t\t\t\t<p>El Instituto Santos Dumont (ISD) particip\u00f3 en el mes de mayo en la\u00a0<a href=\"https:\/\/www.bahiana.edu.br\/noticias\/detalhes\/23057\/i-eneis--encontro-nacional-de-empreendedorismo-e-inovacao-em-saude\/\" target=\"_blank\" rel=\"noopener noreferrer\"><strong>1er Encuentro Nacional de Emprendimiento e Innovaci\u00f3n en Salud (ENEIS)<\/strong><\/a>. El evento fue el resultado de una alianza entre <strong><a href=\"https:\/\/www.bahiana.edu.br\/\" target=\"_blank\" rel=\"noopener noreferrer\">Escuela Baiana de Medicina y Salud P\u00fablica<\/a>, <a href=\"http:\/\/ifbaiano.edu.br\/portal\/\" target=\"_blank\" rel=\"noopener noreferrer\">Instituto Federal de Educaci\u00f3n, Ciencia y Tecnolog\u00eda de Bah\u00eda (IFBaiano)<\/a>, <a href=\"http:\/\/www.fieb.org.br\/senai\/\" target=\"_blank\" rel=\"noopener noreferrer\">Servicio Nacional de Aprendizaje Industrial (SENAI\/CIMATEC)<\/a> y <a href=\"https:\/\/portal.uneb.br\/\" target=\"_blank\" rel=\"noopener noreferrer\">Universidad Estatal de Bah\u00eda (UNEB)<\/a><\/strong>. El objetivo de los organizadores fue integrar a profesionales de la academia, el gobierno y las empresas para desarrollar <strong>Nuevas soluciones en productos y tecnolog\u00edas<\/strong> que mejoran la calidad de la atenci\u00f3n al paciente.<\/p><p>El coordinador de investigaci\u00f3n del <strong>Instituto Internacional de Neurociencias Edmond y Lily Safra (IIN-ELS)<\/strong>, <strong>Edgard Morya<\/strong>, present\u00f3 en ENEIS el potencial de<strong> neuroingenier\u00eda<\/strong> generar nuevos productos y empresas, principalmente en el \u00e1rea de <strong>rehabilitaci\u00f3n<\/strong>. Mostr\u00f3 resultados de investigaciones b\u00e1sicas y aplicadas desarrolladas en el IIN-ELS y otras instituciones cient\u00edficas de renombre que aplican la interfaz cerebro-m\u00e1quina para ayudar en el tratamiento de enfermedades como <strong>autismo<\/strong> y<strong> Parkinson<\/strong>. \u201cEstos estudios podr\u00edan conducir al desarrollo de nuevos equipos o protocolos de tratamiento para estos trastornos\u201d, explica Morya.<\/p>\t\t\t\t\t\t\t\t<\/div>\n\t\t\t\t<\/div>\n\t\t\t\t<div class=\"elementor-element elementor-element-mnphvxe elementor-widget elementor-widget-image\" data-id=\"mnphvxe\" data-element_type=\"widget\" data-widget_type=\"image.default\">\n\t\t\t\t<div class=\"elementor-widget-container\">\n\t\t\t\t\t\t\t\t\t\t\t\t<figure class=\"wp-caption\">\n\t\t\t\t\t\t\t\t\t\t<img decoding=\"async\" src=\"https:\/\/institutosantosdumont.org.br\/wp-content\/uploads\/elementor\/thumbs\/edgard-morya-eneis-r0fqrji76k6hmslt8qosqbz7ekb5wip2dw960lsyf2.jpg\" title=\"Edgard Morya \u2013 Evento ENEIS\" alt=\"Palestra de Edgard Morya, do IIN-ELS, no ENEIS\" loading=\"lazy\" \/>\t\t\t\t\t\t\t\t\t\t\t<figcaption class=\"widget-image-caption wp-caption-text\">El coordinador de investigaci\u00f3n del IIN-ELS, Edgard Morya, habla sobre neuroingenier\u00eda en ENEIS.<\/figcaption>\n\t\t\t\t\t\t\t\t\t\t<\/figure>\n\t\t\t\t\t\t\t\t\t<\/div>\n\t\t\t\t<\/div>\n\t\t\t\t<div class=\"elementor-element elementor-element-7by8lqp elementor-widget elementor-widget-text-editor\" data-id=\"7by8lqp\" data-element_type=\"widget\" data-widget_type=\"text-editor.default\">\n\t\t\t\t<div class=\"elementor-widget-container\">\n\t\t\t\t\t\t\t\t\t<h2>Tecnolog\u00edas que humanizan la atenci\u00f3n sanitaria<\/h2><p>\u00a0<\/p><p>El Encuentro tambi\u00e9n cont\u00f3 con buenos ejemplos de innovaciones tecnol\u00f3gicas en el \u00e1rea de la salud que ya est\u00e1n disponibles para la sociedad. Un ejemplo de ello es la aplicaci\u00f3n para tel\u00e9fonos inteligentes. <strong><a href=\"https:\/\/meumedico.net.br\/\" target=\"_blank\" rel=\"noopener noreferrer nofollow\">Mi doctor<\/a><\/strong>, que conecta a m\u00e9dicos, pacientes y profesionales de la salud con <strong>agilizar la comunicaci\u00f3n<\/strong>\u00a0y reducir el n\u00famero de retornos innecesarios a hospitales y centros de salud. Esta aplicaci\u00f3n identifica al paciente y almacena su historial de ex\u00e1menes, alergias, medicamentos, etc. para ayudar al equipo m\u00e9dico a tomar la decisi\u00f3n m\u00e1s r\u00e1pida y segura.<\/p><p>Para el coordinador de la carrera de Medicina de la Facultad de Medicina y Salud P\u00fablica de Bahiana, <strong>Ana Ver\u00f3nica Mascarenhas<\/strong>, el evento sirvi\u00f3, entre otros objetivos, para destacar la importancia de <strong>Combinando tecnolog\u00eda con humanizaci\u00f3n<\/strong>, satisfaciendo grandes demandas como <a href=\"http:\/\/portalsaude.saude.gov.br\/index.php\/cidadao\/entenda-o-sus\" target=\"_blank\" rel=\"noopener noreferrer\"><strong>Sistema \u00danico de Salud (SUS)<\/strong><\/a>. El 1er Encuentro Nacional de Emprendimiento e Innovaci\u00f3n en Salud cont\u00f3 con el apoyo de <a href=\"http:\/\/portal.mec.gov.br\/index.php\" target=\"_blank\" rel=\"noopener noreferrer\"><strong>Ministerio de Educaci\u00f3n (MEC)<\/strong><\/a>, <strong><a href=\"http:\/\/www.funadesp.org.br\/\" target=\"_blank\" rel=\"noopener noreferrer\">Fundaci\u00f3n Nacional para el Desarrollo de la Educaci\u00f3n Superior Privada (Funadesp)<\/a><\/strong>, Coordinaci\u00f3n de Perfeccionamiento de Personal de Nivel Superior (Capes), Secretar\u00eda de Ciencia, Tecnolog\u00eda e Innovaci\u00f3n del Estado de Bah\u00eda y Fundaci\u00f3n de Apoyo a la Investigaci\u00f3n del Estado de Bah\u00eda (Fapesb).<\/p>\t\t\t\t\t\t\t\t<\/div>\n\t\t\t\t<\/div>\n\t\t\t\t<div class=\"elementor-element elementor-element-d35dlgv elementor-widget-divider--view-line elementor-widget elementor-widget-divider\" data-id=\"d35dlgv\" data-element_type=\"widget\" data-widget_type=\"divider.default\">\n\t\t\t\t<div class=\"elementor-widget-container\">\n\t\t\t\t\t\t\t<div class=\"elementor-divider\">\n\t\t\t<span class=\"elementor-divider-separator\">\n\t\t\t\t\t\t<\/span>\n\t\t<\/div>\n\t\t\t\t\t\t<\/div>\n\t\t\t\t<\/div>\n\t\t\t\t<div class=\"elementor-element elementor-element-d89kta9 elementor-widget elementor-widget-spacer\" data-id=\"d89kta9\" data-element_type=\"widget\" data-widget_type=\"spacer.default\">\n\t\t\t\t<div class=\"elementor-widget-container\">\n\t\t\t\t\t\t\t<div class=\"elementor-spacer\">\n\t\t\t<div class=\"elementor-spacer-inner\"><\/div>\n\t\t<\/div>\n\t\t\t\t\t\t<\/div>\n\t\t\t\t<\/div>\n\t\t\t\t\t<\/div>\n\t\t<\/div>\n\t\t\t\t\t<\/div>\n\t\t<\/section>\n\t\t\t\t<section class=\"elementor-section elementor-top-section elementor-element elementor-element-f9qzwax elementor-section-boxed elementor-section-height-default elementor-section-height-default\" data-id=\"f9qzwax\" data-element_type=\"section\" data-settings=\"{&quot;background_background&quot;:&quot;classic&quot;}\">\n\t\t\t\t\t\t<div class=\"elementor-container elementor-column-gap-default\">\n\t\t\t\t\t<div class=\"elementor-column elementor-col-33 elementor-top-column elementor-element elementor-element-ppva2q2\" data-id=\"ppva2q2\" data-element_type=\"column\">\n\t\t\t<div class=\"elementor-widget-wrap elementor-element-populated\">\n\t\t\t\t\t\t<div class=\"elementor-element elementor-element-ua27ybr elementor-view-default elementor-widget elementor-widget-icon\" data-id=\"ua27ybr\" data-element_type=\"widget\" data-widget_type=\"icon.default\">\n\t\t\t\t<div class=\"elementor-widget-container\">\n\t\t\t\t\t\t\t<div class=\"elementor-icon-wrapper\">\n\t\t\t<div class=\"elementor-icon\">\n\t\t\t\t\t\t\t<i class=\"fa fa-pencil-square-o\" aria-hidden=\"true\"><\/i>\n\t\t\t\t\t\t<\/div>\n\t\t<\/div>\n\t\t\t\t\t\t<\/div>\n\t\t\t\t<\/div>\n\t\t\t\t<div class=\"elementor-element elementor-element-i763s9n elementor-widget elementor-widget-text-editor\" data-id=\"i763s9n\" data-element_type=\"widget\" data-widget_type=\"text-editor.default\">\n\t\t\t\t<div class=\"elementor-widget-container\">\n\t\t\t\t\t\t\t\t\t<p><strong>Texto:<\/strong> Luiz Paulo Juttel \/ Ascom<br \/><strong>Fotos:<\/strong> Divulgaci\u00f3n de ENEIS<\/p>\t\t\t\t\t\t\t\t<\/div>\n\t\t\t\t<\/div>\n\t\t\t\t<div class=\"elementor-element elementor-element-qf6c9vp elementor-widget elementor-widget-text-editor\" data-id=\"qf6c9vp\" data-element_type=\"widget\" data-widget_type=\"text-editor.default\">\n\t\t\t\t<div class=\"elementor-widget-container\">\n\t\t\t\t\t\t\t\t\t<p><strong>Consultor\u00eda de comunicaci\u00f3n<\/strong><br \/>comunicacao@isd.org.br<br \/>(84) 99416-1880<\/p>\t\t\t\t\t\t\t\t<\/div>\n\t\t\t\t<\/div>\n\t\t\t\t\t<\/div>\n\t\t<\/div>\n\t\t\t\t<div class=\"elementor-column elementor-col-66 elementor-top-column elementor-element elementor-element-psejsse\" data-id=\"psejsse\" data-element_type=\"column\" data-settings=\"{&quot;background_background&quot;:&quot;classic&quot;}\">\n\t\t\t<div class=\"elementor-widget-wrap elementor-element-populated\">\n\t\t\t\t\t\t<div class=\"elementor-element elementor-element-3icm8zl elementor-widget elementor-widget-text-editor\" data-id=\"3icm8zl\" data-element_type=\"widget\" data-widget_type=\"text-editor.default\">\n\t\t\t\t<div class=\"elementor-widget-container\">\n\t\t\t\t\t\t\t\t\t<h3><span style=\"color: #ffffff;\">Instituto Santos Dumont (ISD)<\/span><\/h3><p><span style=\"color: #ffffff;\">Organizaci\u00f3n social que mantiene v\u00ednculos con el Ministerio de Educaci\u00f3n (MEC) y cuya misi\u00f3n es promover la educaci\u00f3n para la vida, formando ciudadanos a trav\u00e9s de acciones integradas de ense\u00f1anza, investigaci\u00f3n y extensi\u00f3n y contribuyendo a la transformaci\u00f3n m\u00e1s justa y humana de la realidad social brasile\u00f1a.<\/span><\/p>\t\t\t\t\t\t\t\t<\/div>\n\t\t\t\t<\/div>\n\t\t\t\t\t<\/div>\n\t\t<\/div>\n\t\t\t\t\t<\/div>\n\t\t<\/section>\n\t\t\t\t<\/div>","protected":false},"excerpt":{"rendered":"<p>O Instituto Santos Dumont (ISD) participou do no m\u00eas de maio do I Encontro Nacional de Empreendedorismo e Inova\u00e7\u00e3o em Sa\u00fade (ENEIS). O evento integrou profissionais da academia, governo e empresas para elaborarem novas solu\u00e7\u00f5es em produtos e tecnologias que melhorem a qualidade do atendimento aos pacientes.<\/p>","protected":false},"author":1,"featured_media":10800,"comment_status":"closed","ping_status":"closed","sticky":false,"template":"","format":"standard","meta":{"_acf_changed":false,"footnotes":""},"categories":[1],"tags":[246,130,248],"class_list":["post-10418","post","type-post","status-publish","format-standard","has-post-thumbnail","hentry","category-destaque_noticia","tag-eventos","tag-inovacao","tag-neuroengenharia"],"acf":[],"_links":{"self":[{"href":"https:\/\/institutosantosdumont.org.br\/es\/wp-json\/wp\/v2\/posts\/10418","targetHints":{"allow":["GET"]}}],"collection":[{"href":"https:\/\/institutosantosdumont.org.br\/es\/wp-json\/wp\/v2\/posts"}],"about":[{"href":"https:\/\/institutosantosdumont.org.br\/es\/wp-json\/wp\/v2\/types\/post"}],"author":[{"embeddable":true,"href":"https:\/\/institutosantosdumont.org.br\/es\/wp-json\/wp\/v2\/users\/1"}],"replies":[{"embeddable":true,"href":"https:\/\/institutosantosdumont.org.br\/es\/wp-json\/wp\/v2\/comments?post=10418"}],"version-history":[{"count":0,"href":"https:\/\/institutosantosdumont.org.br\/es\/wp-json\/wp\/v2\/posts\/10418\/revisions"}],"wp:featuredmedia":[{"embeddable":true,"href":"https:\/\/institutosantosdumont.org.br\/es\/wp-json\/wp\/v2\/media\/10800"}],"wp:attachment":[{"href":"https:\/\/institutosantosdumont.org.br\/es\/wp-json\/wp\/v2\/media?parent=10418"}],"wp:term":[{"taxonomy":"category","embeddable":true,"href":"https:\/\/institutosantosdumont.org.br\/es\/wp-json\/wp\/v2\/categories?post=10418"},{"taxonomy":"post_tag","embeddable":true,"href":"https:\/\/institutosantosdumont.org.br\/es\/wp-json\/wp\/v2\/tags?post=10418"}],"curies":[{"name":"wp","href":"https:\/\/api.w.org\/{rel}","templated":true}]}}