{"id":11489,"date":"2017-08-25T16:36:27","date_gmt":"2017-08-25T19:36:27","guid":{"rendered":"http:\/\/www.institutosantosdumont.org.br\/?p=11489"},"modified":"2017-08-25T16:48:53","modified_gmt":"2017-08-25T19:48:53","slug":"cecs-do-rn-recebem-visita-de-pesquisador-paulista-que-investiga-educacao","status":"publish","type":"post","link":"https:\/\/institutosantosdumont.org.br\/es\/cecs-do-rn-recebem-visita-de-pesquisador-paulista-que-investiga-educacao\/","title":{"rendered":"Los CEC de RN reciben la visita de un investigador paulista que investiga la Educaci\u00f3n"},"content":{"rendered":"<div data-elementor-type=\"wp-post\" data-elementor-id=\"11489\" class=\"elementor elementor-11489 elementor-bc-flex-widget\" data-elementor-post-type=\"post\">\n\t\t\t\t\t\t<section class=\"elementor-section elementor-top-section elementor-element elementor-element-vnpxcxu elementor-section-boxed elementor-section-height-default elementor-section-height-default\" data-id=\"vnpxcxu\" data-element_type=\"section\">\n\t\t\t\t\t\t<div class=\"elementor-container elementor-column-gap-default\">\n\t\t\t\t\t<div class=\"elementor-column elementor-col-100 elementor-top-column elementor-element elementor-element-gcatkph\" data-id=\"gcatkph\" data-element_type=\"column\">\n\t\t\t<div class=\"elementor-widget-wrap elementor-element-populated\">\n\t\t\t\t\t\t<div class=\"elementor-element elementor-element-ohoy58c elementor-widget elementor-widget-text-editor\" data-id=\"ohoy58c\" data-element_type=\"widget\" data-widget_type=\"text-editor.default\">\n\t\t\t\t<div class=\"elementor-widget-container\">\n\t\t\t\t\t\t\t\t\t<p>Recientemente, los Centros de Educaci\u00f3n Cient\u00edfica (CECs) de Natal-RN y Maca\u00edba-RN recibieron la visita del investigador Alain Gerino, maestro en Ciencias Sociales por la PUC\/SP.<\/p><p>Los d\u00edas 16 y 17 de agosto fue recibido por el equipo del CECs, pudiendo observar y conocer un poco sobre la rutina y metodolog\u00eda de ense\u00f1anza utilizada en estas unidades del Instituto Santos Dumont (ISD).<\/p>\t\t\t\t\t\t\t\t<\/div>\n\t\t\t\t<\/div>\n\t\t\t\t<section class=\"elementor-section elementor-inner-section elementor-element elementor-element-7bkysbr elementor-section-boxed elementor-section-height-default elementor-section-height-default\" data-id=\"7bkysbr\" data-element_type=\"section\">\n\t\t\t\t\t\t<div class=\"elementor-container elementor-column-gap-default\">\n\t\t\t\t\t<div class=\"elementor-column elementor-col-100 elementor-inner-column elementor-element elementor-element-t4uijk1\" data-id=\"t4uijk1\" data-element_type=\"column\">\n\t\t\t<div class=\"elementor-widget-wrap elementor-element-populated\">\n\t\t\t\t\t\t<div class=\"elementor-element elementor-element-ha4yx9w elementor-widget elementor-widget-image\" data-id=\"ha4yx9w\" data-element_type=\"widget\" data-widget_type=\"image.default\">\n\t\t\t\t<div class=\"elementor-widget-container\">\n\t\t\t\t\t\t\t\t\t\t\t\t<figure class=\"wp-caption\">\n\t\t\t\t\t\t\t\t\t\t<img fetchpriority=\"high\" decoding=\"async\" width=\"768\" height=\"511\" src=\"https:\/\/institutosantosdumont.org.br\/wp-content\/uploads\/2017\/08\/maca\u00edba1-768x511.jpg\" class=\"attachment-medium_large size-medium_large wp-image-11495\" alt=\"\" srcset=\"https:\/\/institutosantosdumont.org.br\/wp-content\/uploads\/2017\/08\/maca\u00edba1-768x511.jpg 768w, https:\/\/institutosantosdumont.org.br\/wp-content\/uploads\/2017\/08\/maca\u00edba1-300x200.jpg 300w, https:\/\/institutosantosdumont.org.br\/wp-content\/uploads\/2017\/08\/maca\u00edba1-1024x682.jpg 1024w, https:\/\/institutosantosdumont.org.br\/wp-content\/uploads\/2017\/08\/maca\u00edba1.jpg 2048w\" sizes=\"(max-width: 768px) 100vw, 768px\" \/>\t\t\t\t\t\t\t\t\t\t\t<figcaption class=\"widget-image-caption wp-caption-text\">Alain y el coordinador pedag\u00f3gico del CEC Maca\u00edba, Luciano Fr\u00f3is<\/figcaption>\n\t\t\t\t\t\t\t\t\t\t<\/figure>\n\t\t\t\t\t\t\t\t\t<\/div>\n\t\t\t\t<\/div>\n\t\t\t\t\t<\/div>\n\t\t<\/div>\n\t\t\t\t\t<\/div>\n\t\t<\/section>\n\t\t\t\t<div class=\"elementor-element elementor-element-pd38skc elementor-widget elementor-widget-text-editor\" data-id=\"pd38skc\" data-element_type=\"widget\" data-widget_type=\"text-editor.default\">\n\t\t\t\t<div class=\"elementor-widget-container\">\n\t\t\t\t\t\t\t\t\t<p>Alain actualmente est\u00e1 investigando un posible doctorado, que se centrar\u00eda en el trabajo de los CEC. Seg\u00fan \u00e9l: \u00abLa implementaci\u00f3n cient\u00edfica de los CEC es muy interesante, especialmente cuando se basa en el concepto de inclusi\u00f3n. Uno de los aspectos que m\u00e1s me llam\u00f3 la atenci\u00f3n durante mis visitas a las unidades de Natal y Maca\u00edba fue la actitud de los profesores. Se nota que les apasiona lo que hacen, y esto es positivo para el desarrollo de cualquier proyecto\u00bb.<\/p><p>El trabajo desarrollado con estudiantes de los CEC, en las unidades de Natal-RN, Maca\u00edba-RN y Serrinha-BA, es parte del Programa de Educaci\u00f3n Cient\u00edfica del Instituto Santos Dumont (PISD 1).<\/p>\t\t\t\t\t\t\t\t<\/div>\n\t\t\t\t<\/div>\n\t\t\t\t<section class=\"elementor-section elementor-inner-section elementor-element elementor-element-yq2rbru elementor-section-boxed elementor-section-height-default elementor-section-height-default\" data-id=\"yq2rbru\" data-element_type=\"section\">\n\t\t\t\t\t\t<div class=\"elementor-container elementor-column-gap-default\">\n\t\t\t\t\t<div class=\"elementor-column elementor-col-100 elementor-inner-column elementor-element elementor-element-epw64g1\" data-id=\"epw64g1\" data-element_type=\"column\">\n\t\t\t<div class=\"elementor-widget-wrap elementor-element-populated\">\n\t\t\t\t\t\t<div class=\"elementor-element elementor-element-iu7p6cb elementor-widget elementor-widget-image\" data-id=\"iu7p6cb\" data-element_type=\"widget\" data-widget_type=\"image.default\">\n\t\t\t\t<div class=\"elementor-widget-container\">\n\t\t\t\t\t\t\t\t\t\t\t\t<figure class=\"wp-caption\">\n\t\t\t\t\t\t\t\t\t\t<img decoding=\"async\" width=\"768\" height=\"315\" src=\"https:\/\/institutosantosdumont.org.br\/wp-content\/uploads\/2017\/08\/IMG_20170816_113052861-768x315.jpg\" class=\"attachment-medium_large size-medium_large wp-image-11496\" alt=\"\" srcset=\"https:\/\/institutosantosdumont.org.br\/wp-content\/uploads\/2017\/08\/IMG_20170816_113052861-768x315.jpg 768w, https:\/\/institutosantosdumont.org.br\/wp-content\/uploads\/2017\/08\/IMG_20170816_113052861-300x123.jpg 300w, https:\/\/institutosantosdumont.org.br\/wp-content\/uploads\/2017\/08\/IMG_20170816_113052861-1024x420.jpg 1024w\" sizes=\"(max-width: 768px) 100vw, 768px\" \/>\t\t\t\t\t\t\t\t\t\t\t<figcaption class=\"widget-image-caption wp-caption-text\">Alain entre los educadores del CEC Natal<\/figcaption>\n\t\t\t\t\t\t\t\t\t\t<\/figure>\n\t\t\t\t\t\t\t\t\t<\/div>\n\t\t\t\t<\/div>\n\t\t\t\t\t<\/div>\n\t\t<\/div>\n\t\t\t\t\t<\/div>\n\t\t<\/section>\n\t\t\t\t<div class=\"elementor-element elementor-element-jifotxr elementor-widget elementor-widget-spacer\" data-id=\"jifotxr\" data-element_type=\"widget\" data-widget_type=\"spacer.default\">\n\t\t\t\t<div class=\"elementor-widget-container\">\n\t\t\t\t\t\t\t<div class=\"elementor-spacer\">\n\t\t\t<div class=\"elementor-spacer-inner\"><\/div>\n\t\t<\/div>\n\t\t\t\t\t\t<\/div>\n\t\t\t\t<\/div>\n\t\t\t\t<section class=\"elementor-section elementor-inner-section elementor-element elementor-element-gyevlfh elementor-section-boxed elementor-section-height-default elementor-section-height-default\" data-id=\"gyevlfh\" data-element_type=\"section\">\n\t\t\t\t\t\t<div class=\"elementor-container elementor-column-gap-default\">\n\t\t\t\t\t<div class=\"elementor-column elementor-col-50 elementor-inner-column elementor-element elementor-element-qehslvv\" data-id=\"qehslvv\" data-element_type=\"column\">\n\t\t\t<div class=\"elementor-widget-wrap elementor-element-populated\">\n\t\t\t\t\t\t<div class=\"elementor-element elementor-element-cfhxdcp elementor-view-default elementor-widget elementor-widget-icon\" data-id=\"cfhxdcp\" data-element_type=\"widget\" data-widget_type=\"icon.default\">\n\t\t\t\t<div class=\"elementor-widget-container\">\n\t\t\t\t\t\t\t<div class=\"elementor-icon-wrapper\">\n\t\t\t<div class=\"elementor-icon\">\n\t\t\t\t\t\t\t<i class=\"fa fa-pencil-square-o\" aria-hidden=\"true\"><\/i>\n\t\t\t\t\t\t<\/div>\n\t\t<\/div>\n\t\t\t\t\t\t<\/div>\n\t\t\t\t<\/div>\n\t\t\t\t<div class=\"elementor-element elementor-element-hrfwood elementor-widget elementor-widget-text-editor\" data-id=\"hrfwood\" data-element_type=\"widget\" data-widget_type=\"text-editor.default\">\n\t\t\t\t<div class=\"elementor-widget-container\">\n\t\t\t\t\t\t\t\t\t<p><strong>Texto:<\/strong>\u00a0Ariane Mondo \/ Ascom \u2013 ISD<\/p><p><strong>Fotos:<\/strong> Divulgaci\u00f3n de las CEC<\/p>\t\t\t\t\t\t\t\t<\/div>\n\t\t\t\t<\/div>\n\t\t\t\t<div class=\"elementor-element elementor-element-pncivid elementor-widget elementor-widget-text-editor\" data-id=\"pncivid\" data-element_type=\"widget\" data-widget_type=\"text-editor.default\">\n\t\t\t\t<div class=\"elementor-widget-container\">\n\t\t\t\t\t\t\t\t\t<p><strong>Consultor\u00eda de comunicaci\u00f3n<\/strong><br \/>comunicacao@isd.org.br<br \/>(84) 99416-1880<\/p>\t\t\t\t\t\t\t\t<\/div>\n\t\t\t\t<\/div>\n\t\t\t\t\t<\/div>\n\t\t<\/div>\n\t\t\t\t<div class=\"elementor-column elementor-col-50 elementor-inner-column elementor-element elementor-element-xkopows\" data-id=\"xkopows\" data-element_type=\"column\" data-settings=\"{&quot;background_background&quot;:&quot;classic&quot;}\">\n\t\t\t<div class=\"elementor-widget-wrap elementor-element-populated\">\n\t\t\t\t\t\t<div class=\"elementor-element elementor-element-cidycrs elementor-widget elementor-widget-text-editor\" data-id=\"cidycrs\" data-element_type=\"widget\" data-widget_type=\"text-editor.default\">\n\t\t\t\t<div class=\"elementor-widget-container\">\n\t\t\t\t\t\t\t\t\t<h3><span style=\"color: #ffffff;\">Instituto Santos Dumont (ISD)<\/span><\/h3><p><span style=\"color: #ffffff;\">Organizaci\u00f3n social que mantiene v\u00ednculos con el Ministerio de Educaci\u00f3n (MEC) y cuya misi\u00f3n es promover la educaci\u00f3n para la vida, formando ciudadanos a trav\u00e9s de acciones integradas de ense\u00f1anza, investigaci\u00f3n y extensi\u00f3n y contribuyendo a la transformaci\u00f3n m\u00e1s justa y humana de la realidad social brasile\u00f1a.<\/span><\/p>\t\t\t\t\t\t\t\t<\/div>\n\t\t\t\t<\/div>\n\t\t\t\t\t<\/div>\n\t\t<\/div>\n\t\t\t\t\t<\/div>\n\t\t<\/section>\n\t\t\t\t\t<\/div>\n\t\t<\/div>\n\t\t\t\t\t<\/div>\n\t\t<\/section>\n\t\t\t\t<\/div>","protected":false},"excerpt":{"rendered":"<p>Recentemente os Centros de Educa\u00e7\u00e3o Cient\u00edfica (CECs) de Natal-RN e Maca\u00edba-RN receberam a visita do pesquisador Alain Gerino, mestre em Ci\u00eancias Sociais pela PUC\/SP. Nos dias 16 e 17 de agosto, ele foi recebido pela equipe dos CECs, podendo observar e conhecer um pouco da rotina e da metodologia de ensino usada nessas unidades do [&hellip;]<\/p>","protected":false},"author":6,"featured_media":11499,"comment_status":"open","ping_status":"open","sticky":false,"template":"","format":"standard","meta":{"_acf_changed":false,"footnotes":""},"categories":[1],"tags":[],"class_list":["post-11489","post","type-post","status-publish","format-standard","has-post-thumbnail","hentry","category-destaque_noticia"],"acf":[],"_links":{"self":[{"href":"https:\/\/institutosantosdumont.org.br\/es\/wp-json\/wp\/v2\/posts\/11489","targetHints":{"allow":["GET"]}}],"collection":[{"href":"https:\/\/institutosantosdumont.org.br\/es\/wp-json\/wp\/v2\/posts"}],"about":[{"href":"https:\/\/institutosantosdumont.org.br\/es\/wp-json\/wp\/v2\/types\/post"}],"author":[{"embeddable":true,"href":"https:\/\/institutosantosdumont.org.br\/es\/wp-json\/wp\/v2\/users\/6"}],"replies":[{"embeddable":true,"href":"https:\/\/institutosantosdumont.org.br\/es\/wp-json\/wp\/v2\/comments?post=11489"}],"version-history":[{"count":0,"href":"https:\/\/institutosantosdumont.org.br\/es\/wp-json\/wp\/v2\/posts\/11489\/revisions"}],"wp:featuredmedia":[{"embeddable":true,"href":"https:\/\/institutosantosdumont.org.br\/es\/wp-json\/wp\/v2\/media\/11499"}],"wp:attachment":[{"href":"https:\/\/institutosantosdumont.org.br\/es\/wp-json\/wp\/v2\/media?parent=11489"}],"wp:term":[{"taxonomy":"category","embeddable":true,"href":"https:\/\/institutosantosdumont.org.br\/es\/wp-json\/wp\/v2\/categories?post=11489"},{"taxonomy":"post_tag","embeddable":true,"href":"https:\/\/institutosantosdumont.org.br\/es\/wp-json\/wp\/v2\/tags?post=11489"}],"curies":[{"name":"wp","href":"https:\/\/api.w.org\/{rel}","templated":true}]}}