{"id":11516,"date":"2017-08-29T11:20:49","date_gmt":"2017-08-29T14:20:49","guid":{"rendered":"http:\/\/www.institutosantosdumont.org.br\/?p=11516"},"modified":"2017-09-14T13:36:09","modified_gmt":"2017-09-14T16:36:09","slug":"oficina-do-cec-serrinha-promove-atividade-sobre-beleza-e-preconceito","status":"publish","type":"post","link":"https:\/\/institutosantosdumont.org.br\/es\/oficina-do-cec-serrinha-promove-atividade-sobre-beleza-e-preconceito\/","title":{"rendered":"Taller del CEC Serrinha promueve actividad sobre est\u00e1ndares de belleza y prejuicios"},"content":{"rendered":"<div data-elementor-type=\"wp-post\" data-elementor-id=\"11516\" class=\"elementor elementor-11516 elementor-bc-flex-widget\" data-elementor-post-type=\"post\">\n\t\t\t\t\t\t<section class=\"elementor-section elementor-top-section elementor-element elementor-element-uofftnv elementor-section-boxed elementor-section-height-default elementor-section-height-default\" data-id=\"uofftnv\" data-element_type=\"section\">\n\t\t\t\t\t\t<div class=\"elementor-container elementor-column-gap-default\">\n\t\t\t\t\t<div class=\"elementor-column elementor-col-100 elementor-top-column elementor-element elementor-element-iuyektn\" data-id=\"iuyektn\" data-element_type=\"column\">\n\t\t\t<div class=\"elementor-widget-wrap elementor-element-populated\">\n\t\t\t\t\t\t<div class=\"elementor-element elementor-element-eacsp5y elementor-widget elementor-widget-text-editor\" data-id=\"eacsp5y\" data-element_type=\"widget\" data-widget_type=\"text-editor.default\">\n\t\t\t\t<div class=\"elementor-widget-container\">\n\t\t\t\t\t\t\t\t\t<p>A principios de agosto, los estudiantes del taller de Ciencia y Medio Ambiente del Centro de Educaci\u00f3n Cient\u00edfica (CEC) de Serrinha, Bah\u00eda, debatieron sobre los est\u00e1ndares de belleza durante una semana. La actividad, inspirada en el proyecto...\u00a0<em>\u201c<\/em><strong><a href=\"http:\/\/itooamharvard.tumblr.com\/\" target=\"_blank\" rel=\"noopener noreferrer\"><em>Yo tambi\u00e9n soy Harvard<\/em><\/a><\/strong><em>&quot;<\/em><em>,<\/em> de la Universidad de Harvard en Estados Unidos y tambi\u00e9n en la Campa\u00f1a <a href=\"https:\/\/ahbrancodaumtempo.tumblr.com\/\" target=\"_blank\" rel=\"noopener noreferrer\"><strong><em>\u00a1Oh, hombre blanco, dame un respiro!<\/em><\/strong><\/a> Realizado por estudiantes de la UNB, en Brasilia-DF, se realiz\u00f3 con el objetivo de promover reflexiones sobre la belleza y el racismo, trayendo al debate la existencia de diferentes tipos de belleza que necesitan ser respetados.<\/p>\t\t\t\t\t\t\t\t<\/div>\n\t\t\t\t<\/div>\n\t\t\t\t<section class=\"elementor-section elementor-inner-section elementor-element elementor-element-5f4h7ad elementor-section-boxed elementor-section-height-default elementor-section-height-default\" data-id=\"5f4h7ad\" data-element_type=\"section\">\n\t\t\t\t\t\t<div class=\"elementor-container elementor-column-gap-default\">\n\t\t\t\t\t<div class=\"elementor-column elementor-col-50 elementor-inner-column elementor-element elementor-element-ausz5tw\" data-id=\"ausz5tw\" data-element_type=\"column\">\n\t\t\t<div class=\"elementor-widget-wrap elementor-element-populated\">\n\t\t\t\t\t\t<div class=\"elementor-element elementor-element-b8om2mr elementor-widget elementor-widget-image\" data-id=\"b8om2mr\" data-element_type=\"widget\" data-widget_type=\"image.default\">\n\t\t\t\t<div class=\"elementor-widget-container\">\n\t\t\t\t\t\t\t\t\t\t\t\t<figure class=\"wp-caption\">\n\t\t\t\t\t\t\t\t\t\t\t<a href=\"https:\/\/institutosantosdumont.org.br\/wp-content\/uploads\/2017\/08\/DSC08748_editada.jpg\" data-elementor-open-lightbox=\"yes\" data-elementor-lightbox-title=\"DSC08748_editada\" data-e-action-hash=\"#elementor-action%3Aaction%3Dlightbox%26settings%3DeyJpZCI6MTE1MjEsInVybCI6Imh0dHBzOlwvXC9pbnN0aXR1dG9zYW50b3NkdW1vbnQub3JnLmJyXC93cC1jb250ZW50XC91cGxvYWRzXC8yMDE3XC8wOFwvRFNDMDg3NDhfZWRpdGFkYS5qcGcifQ%3D%3D\">\n\t\t\t\t\t\t\t<img fetchpriority=\"high\" decoding=\"async\" width=\"800\" height=\"449\" src=\"https:\/\/institutosantosdumont.org.br\/wp-content\/uploads\/2017\/08\/DSC08748_editada-1024x575.jpg\" class=\"attachment-large size-large wp-image-11521\" alt=\"\" srcset=\"https:\/\/institutosantosdumont.org.br\/wp-content\/uploads\/2017\/08\/DSC08748_editada-1024x575.jpg 1024w, https:\/\/institutosantosdumont.org.br\/wp-content\/uploads\/2017\/08\/DSC08748_editada-300x168.jpg 300w, https:\/\/institutosantosdumont.org.br\/wp-content\/uploads\/2017\/08\/DSC08748_editada-768x431.jpg 768w, https:\/\/institutosantosdumont.org.br\/wp-content\/uploads\/2017\/08\/DSC08748_editada.jpg 1300w\" sizes=\"(max-width: 800px) 100vw, 800px\" \/>\t\t\t\t\t\t\t\t<\/a>\n\t\t\t\t\t\t\t\t\t\t\t<figcaption class=\"widget-image-caption wp-caption-text\">Haga clic en la imagen para ampliarla<\/figcaption>\n\t\t\t\t\t\t\t\t\t\t<\/figure>\n\t\t\t\t\t\t\t\t\t<\/div>\n\t\t\t\t<\/div>\n\t\t\t\t\t<\/div>\n\t\t<\/div>\n\t\t\t\t<div class=\"elementor-column elementor-col-50 elementor-inner-column elementor-element elementor-element-yce3moy\" data-id=\"yce3moy\" data-element_type=\"column\">\n\t\t\t<div class=\"elementor-widget-wrap elementor-element-populated\">\n\t\t\t\t\t\t<div class=\"elementor-element elementor-element-aeh3bk4 elementor-widget elementor-widget-image\" data-id=\"aeh3bk4\" data-element_type=\"widget\" data-widget_type=\"image.default\">\n\t\t\t\t<div class=\"elementor-widget-container\">\n\t\t\t\t\t\t\t\t\t\t\t\t<figure class=\"wp-caption\">\n\t\t\t\t\t\t\t\t\t\t\t<a href=\"https:\/\/institutosantosdumont.org.br\/wp-content\/uploads\/2017\/08\/DSC08780_editada.jpg\" data-elementor-open-lightbox=\"yes\" data-elementor-lightbox-title=\"DSC08780_editada\" data-e-action-hash=\"#elementor-action%3Aaction%3Dlightbox%26settings%3DeyJpZCI6MTE1MjIsInVybCI6Imh0dHBzOlwvXC9pbnN0aXR1dG9zYW50b3NkdW1vbnQub3JnLmJyXC93cC1jb250ZW50XC91cGxvYWRzXC8yMDE3XC8wOFwvRFNDMDg3ODBfZWRpdGFkYS5qcGcifQ%3D%3D\">\n\t\t\t\t\t\t\t<img decoding=\"async\" width=\"800\" height=\"449\" src=\"https:\/\/institutosantosdumont.org.br\/wp-content\/uploads\/2017\/08\/DSC08780_editada-1024x575.jpg\" class=\"attachment-large size-large wp-image-11522\" alt=\"\" srcset=\"https:\/\/institutosantosdumont.org.br\/wp-content\/uploads\/2017\/08\/DSC08780_editada-1024x575.jpg 1024w, https:\/\/institutosantosdumont.org.br\/wp-content\/uploads\/2017\/08\/DSC08780_editada-300x168.jpg 300w, https:\/\/institutosantosdumont.org.br\/wp-content\/uploads\/2017\/08\/DSC08780_editada-768x431.jpg 768w, https:\/\/institutosantosdumont.org.br\/wp-content\/uploads\/2017\/08\/DSC08780_editada.jpg 1300w\" sizes=\"(max-width: 800px) 100vw, 800px\" \/>\t\t\t\t\t\t\t\t<\/a>\n\t\t\t\t\t\t\t\t\t\t\t<figcaption class=\"widget-image-caption wp-caption-text\">Haga clic en la imagen para ampliarla<\/figcaption>\n\t\t\t\t\t\t\t\t\t\t<\/figure>\n\t\t\t\t\t\t\t\t\t<\/div>\n\t\t\t\t<\/div>\n\t\t\t\t\t<\/div>\n\t\t<\/div>\n\t\t\t\t\t<\/div>\n\t\t<\/section>\n\t\t\t\t<div class=\"elementor-element elementor-element-ngffrgn elementor-widget elementor-widget-text-editor\" data-id=\"ngffrgn\" data-element_type=\"widget\" data-widget_type=\"text-editor.default\">\n\t\t\t\t<div class=\"elementor-widget-container\">\n\t\t\t\t\t\t\t\t\t<p>En una fase importante del desarrollo y de la afirmaci\u00f3n de la autoestima, es importante que los j\u00f3venes estudiantes hablen sobre las formas en que el racismo se manifiesta a trav\u00e9s de ciertos est\u00e1ndares de belleza y desmitificar lo que la sociedad y los medios de comunicaci\u00f3n dicen sobre lo que significa ser bello.<\/p><p>Los temas de los est\u00e1ndares de belleza, el racismo y los prejuicios se abordaron mediante discusiones grupales. Cada estudiante cre\u00f3 una placa con frases prejuiciosas que hab\u00eda escuchado en alg\u00fan momento de su vida, y con fotograf\u00edas, pudieron representar estas formas de prejuicio, explic\u00f3 Juliana Lima, asistente del Taller de Ciencia y Medio Ambiente en CEC Serrinha. Las fotos tomadas durante la actividad se exhiben en la pared del taller.<\/p><p>M\u00e1s fotos de la actividad y ficha de los alumnos en: <a href=\"http:\/\/cienciaemserrinha.blogspot.com.br\/2017\/08\/camb-aula-21-padrao-de-beleza.html\" target=\"_blank\" rel=\"noopener noreferrer\">http:\/\/cienciaemserrinha.blogspot.com.br\/2017\/08\/camb-aula-21-padrao-de-beleza.html<\/a><\/p><p><em>Usa las flechas para desplazarte por las im\u00e1genes de la galer\u00eda a continuaci\u00f3n. Haz clic en la imagen que elijas para ampliarla y verla con mejor calidad.<\/em><\/p>\t\t\t\t\t\t\t\t<\/div>\n\t\t\t\t<\/div>\n\t\t\t\t<div class=\"elementor-element elementor-element-if50l3x elementor-widget elementor-widget-testimonial\" data-id=\"if50l3x\" data-element_type=\"widget\" data-widget_type=\"testimonial.default\">\n\t\t\t\t<div class=\"elementor-widget-container\">\n\t\t\t\t\t\t\t<div class=\"elementor-testimonial-wrapper\">\n\t\t\t\t\t\t\t<div class=\"elementor-testimonial-content\">En mi opini\u00f3n, los prejuicios son una tonter\u00eda que no deber\u00eda existir, pero lamentablemente existen, y mucha gente los padece, sobre todo por el color de su piel. A veces, las personas con sobrepeso, con el pelo rizado, se esconden por verg\u00fcenza. Creo que deber\u00edamos combatir estos prejuicios porque el color de la piel no define a una persona. \u00a1Yo tambi\u00e9n soy negra, tengo el pelo rizado y estoy orgullosa de ello!<\/div>\n\t\t\t\n\t\t\t\t\t\t<div class=\"elementor-testimonial-meta\">\n\t\t\t\t<div class=\"elementor-testimonial-meta-inner\">\n\t\t\t\t\t\n\t\t\t\t\t\t\t\t\t\t<div class=\"elementor-testimonial-details\">\n\t\t\t\t\t\t\t\t\t\t\t\t\t\t<div class=\"elementor-testimonial-name\">Micaele dos Anjos - 13 a\u00f1os<\/div>\n\t\t\t\t\t\t\t\t\t\t\t\t\t\t\t\t\t\t\t\t\t\t<div class=\"elementor-testimonial-job\">Clase del lunes por la ma\u00f1ana<\/div>\n\t\t\t\t\t\t\t\t\t\t\t\t\t<\/div>\n\t\t\t\t\t\t\t\t\t<\/div>\n\t\t\t<\/div>\n\t\t\t\t\t<\/div>\n\t\t\t\t\t\t<\/div>\n\t\t\t\t<\/div>\n\t\t\t\t<div class=\"elementor-element elementor-element-gd8xohp elementor-arrows-position-outside elementor-widget elementor-widget-image-carousel\" data-id=\"gd8xohp\" data-element_type=\"widget\" data-settings=\"{&quot;slides_to_scroll&quot;:&quot;1&quot;,&quot;navigation&quot;:&quot;arrows&quot;,&quot;slides_to_show&quot;:&quot;2&quot;,&quot;autoplay&quot;:&quot;yes&quot;,&quot;pause_on_hover&quot;:&quot;yes&quot;,&quot;pause_on_interaction&quot;:&quot;yes&quot;,&quot;autoplay_speed&quot;:5000,&quot;infinite&quot;:&quot;yes&quot;,&quot;speed&quot;:500}\" data-widget_type=\"image-carousel.default\">\n\t\t\t\t<div class=\"elementor-widget-container\">\n\t\t\t\t\t\t\t<div class=\"elementor-image-carousel-wrapper swiper\" role=\"region\" aria-roledescription=\"carousel\" aria-label=\"Carrusel de im\u00e1genes\" dir=\"ltr\">\n\t\t\t<div class=\"elementor-image-carousel swiper-wrapper\" aria-live=\"off\">\n\t\t\t\t\t\t\t\t<div class=\"swiper-slide\" role=\"group\" aria-roledescription=\"slide\" aria-label=\"1 of 6\"><a data-elementor-open-lightbox=\"yes\" data-elementor-lightbox-slideshow=\"gd8xohp\" data-elementor-lightbox-title=\"DSC08404\" data-e-action-hash=\"#elementor-action%3Aaction%3Dlightbox%26settings%3DeyJpZCI6MTE1MjUsInVybCI6Imh0dHBzOlwvXC9pbnN0aXR1dG9zYW50b3NkdW1vbnQub3JnLmJyXC93cC1jb250ZW50XC91cGxvYWRzXC8yMDE3XC8wOFwvRFNDMDg0MDQuanBnIiwic2xpZGVzaG93IjoiZ2Q4eG9ocCJ9\" href=\"https:\/\/institutosantosdumont.org.br\/wp-content\/uploads\/2017\/08\/DSC08404.jpg\"><figure class=\"swiper-slide-inner\"><img decoding=\"async\" class=\"swiper-slide-image\" src=\"https:\/\/institutosantosdumont.org.br\/wp-content\/uploads\/2017\/08\/DSC08404-150x150.jpg\" alt=\"DSC08404\" \/><\/figure><\/a><\/div><div class=\"swiper-slide\" role=\"group\" aria-roledescription=\"slide\" aria-label=\"2 of 6\"><a data-elementor-open-lightbox=\"yes\" data-elementor-lightbox-slideshow=\"gd8xohp\" data-elementor-lightbox-title=\"DSC08462\" data-e-action-hash=\"#elementor-action%3Aaction%3Dlightbox%26settings%3DeyJpZCI6MTE1MjYsInVybCI6Imh0dHBzOlwvXC9pbnN0aXR1dG9zYW50b3NkdW1vbnQub3JnLmJyXC93cC1jb250ZW50XC91cGxvYWRzXC8yMDE3XC8wOFwvRFNDMDg0NjIuanBnIiwic2xpZGVzaG93IjoiZ2Q4eG9ocCJ9\" href=\"https:\/\/institutosantosdumont.org.br\/wp-content\/uploads\/2017\/08\/DSC08462.jpg\"><figure class=\"swiper-slide-inner\"><img decoding=\"async\" class=\"swiper-slide-image\" src=\"https:\/\/institutosantosdumont.org.br\/wp-content\/uploads\/2017\/08\/DSC08462-150x150.jpg\" alt=\"DSC08462\" \/><\/figure><\/a><\/div><div class=\"swiper-slide\" role=\"group\" aria-roledescription=\"slide\" aria-label=\"3 of 6\"><a data-elementor-open-lightbox=\"yes\" data-elementor-lightbox-slideshow=\"gd8xohp\" data-elementor-lightbox-title=\"DSC08592\" data-e-action-hash=\"#elementor-action%3Aaction%3Dlightbox%26settings%3DeyJpZCI6MTE1MjgsInVybCI6Imh0dHBzOlwvXC9pbnN0aXR1dG9zYW50b3NkdW1vbnQub3JnLmJyXC93cC1jb250ZW50XC91cGxvYWRzXC8yMDE3XC8wOFwvRFNDMDg1OTIuanBnIiwic2xpZGVzaG93IjoiZ2Q4eG9ocCJ9\" href=\"https:\/\/institutosantosdumont.org.br\/wp-content\/uploads\/2017\/08\/DSC08592.jpg\"><figure class=\"swiper-slide-inner\"><img decoding=\"async\" class=\"swiper-slide-image\" src=\"https:\/\/institutosantosdumont.org.br\/wp-content\/uploads\/2017\/08\/DSC08592-150x150.jpg\" alt=\"DSC08592\" \/><\/figure><\/a><\/div><div class=\"swiper-slide\" role=\"group\" aria-roledescription=\"slide\" aria-label=\"4 of 6\"><a data-elementor-open-lightbox=\"yes\" data-elementor-lightbox-slideshow=\"gd8xohp\" data-elementor-lightbox-title=\"DSCN9490\" data-e-action-hash=\"#elementor-action%3Aaction%3Dlightbox%26settings%3DeyJpZCI6MTE1MjksInVybCI6Imh0dHBzOlwvXC9pbnN0aXR1dG9zYW50b3NkdW1vbnQub3JnLmJyXC93cC1jb250ZW50XC91cGxvYWRzXC8yMDE3XC8wOFwvRFNDTjk0OTAuanBnIiwic2xpZGVzaG93IjoiZ2Q4eG9ocCJ9\" href=\"https:\/\/institutosantosdumont.org.br\/wp-content\/uploads\/2017\/08\/DSCN9490.jpg\"><figure class=\"swiper-slide-inner\"><img decoding=\"async\" class=\"swiper-slide-image\" src=\"https:\/\/institutosantosdumont.org.br\/wp-content\/uploads\/2017\/08\/DSCN9490-150x150.jpg\" alt=\"DSCN9490\" \/><\/figure><\/a><\/div><div class=\"swiper-slide\" role=\"group\" aria-roledescription=\"slide\" aria-label=\"5 of 6\"><a data-elementor-open-lightbox=\"yes\" data-elementor-lightbox-slideshow=\"gd8xohp\" data-elementor-lightbox-title=\"DSC08804_editada\" data-e-action-hash=\"#elementor-action%3Aaction%3Dlightbox%26settings%3DeyJpZCI6MTE1MzAsInVybCI6Imh0dHBzOlwvXC9pbnN0aXR1dG9zYW50b3NkdW1vbnQub3JnLmJyXC93cC1jb250ZW50XC91cGxvYWRzXC8yMDE3XC8wOFwvRFNDMDg4MDRfZWRpdGFkYS5qcGciLCJzbGlkZXNob3ciOiJnZDh4b2hwIn0%3D\" href=\"https:\/\/institutosantosdumont.org.br\/wp-content\/uploads\/2017\/08\/DSC08804_editada.jpg\"><figure class=\"swiper-slide-inner\"><img decoding=\"async\" class=\"swiper-slide-image\" src=\"https:\/\/institutosantosdumont.org.br\/wp-content\/uploads\/2017\/08\/DSC08804_editada-150x150.jpg\" alt=\"DSC08804_editada\" \/><\/figure><\/a><\/div><div class=\"swiper-slide\" role=\"group\" aria-roledescription=\"slide\" aria-label=\"6 of 6\"><a data-elementor-open-lightbox=\"yes\" data-elementor-lightbox-slideshow=\"gd8xohp\" data-elementor-lightbox-title=\"DSC08987_editada\" data-e-action-hash=\"#elementor-action%3Aaction%3Dlightbox%26settings%3DeyJpZCI6MTE1MjMsInVybCI6Imh0dHBzOlwvXC9pbnN0aXR1dG9zYW50b3NkdW1vbnQub3JnLmJyXC93cC1jb250ZW50XC91cGxvYWRzXC8yMDE3XC8wOFwvRFNDMDg5ODdfZWRpdGFkYS5qcGciLCJzbGlkZXNob3ciOiJnZDh4b2hwIn0%3D\" href=\"https:\/\/institutosantosdumont.org.br\/wp-content\/uploads\/2017\/08\/DSC08987_editada.jpg\"><figure class=\"swiper-slide-inner\"><img decoding=\"async\" class=\"swiper-slide-image\" src=\"https:\/\/institutosantosdumont.org.br\/wp-content\/uploads\/2017\/08\/DSC08987_editada-150x150.jpg\" alt=\"DSC08987_editada\" \/><\/figure><\/a><\/div>\t\t\t<\/div>\n\t\t\t\t\t\t\t\t\t\t\t\t<div class=\"elementor-swiper-button elementor-swiper-button-prev\" role=\"button\" tabindex=\"0\">\n\t\t\t\t\t\t<i aria-hidden=\"true\" class=\"eicon-chevron-left\"><\/i>\t\t\t\t\t<\/div>\n\t\t\t\t\t<div class=\"elementor-swiper-button elementor-swiper-button-next\" role=\"button\" tabindex=\"0\">\n\t\t\t\t\t\t<i aria-hidden=\"true\" class=\"eicon-chevron-right\"><\/i>\t\t\t\t\t<\/div>\n\t\t\t\t\n\t\t\t\t\t\t\t\t\t<\/div>\n\t\t\t\t\t\t<\/div>\n\t\t\t\t<\/div>\n\t\t\t\t<div class=\"elementor-element elementor-element-pm5r1w8 elementor-widget elementor-widget-testimonial\" data-id=\"pm5r1w8\" data-element_type=\"widget\" data-widget_type=\"testimonial.default\">\n\t\t\t\t<div class=\"elementor-widget-container\">\n\t\t\t\t\t\t\t<div class=\"elementor-testimonial-wrapper\">\n\t\t\t\t\t\t\t<div class=\"elementor-testimonial-content\">Creo que cada persona tiene su propia belleza, sin importar su color de piel o tipo de cabello. (...) El racismo es cuando te encuentras con una persona negra en la calle y te asustas, pensando que todos los negros son ladrones, desprecias su profesi\u00f3n, la juzgas por su tono de piel.<\/div>\n\t\t\t\n\t\t\t\t\t\t<div class=\"elementor-testimonial-meta\">\n\t\t\t\t<div class=\"elementor-testimonial-meta-inner\">\n\t\t\t\t\t\n\t\t\t\t\t\t\t\t\t\t<div class=\"elementor-testimonial-details\">\n\t\t\t\t\t\t\t\t\t\t\t\t\t\t<div class=\"elementor-testimonial-name\">Evandro Pereira - 13 a\u00f1os<\/div>\n\t\t\t\t\t\t\t\t\t\t\t\t\t\t\t\t\t\t\t\t\t\t<div class=\"elementor-testimonial-job\">Clase del martes por la ma\u00f1ana<\/div>\n\t\t\t\t\t\t\t\t\t\t\t\t\t<\/div>\n\t\t\t\t\t\t\t\t\t<\/div>\n\t\t\t<\/div>\n\t\t\t\t\t<\/div>\n\t\t\t\t\t\t<\/div>\n\t\t\t\t<\/div>\n\t\t\t\t<div class=\"elementor-element elementor-element-ngwrxcm elementor-widget-divider--view-line elementor-widget elementor-widget-divider\" data-id=\"ngwrxcm\" data-element_type=\"widget\" data-widget_type=\"divider.default\">\n\t\t\t\t<div class=\"elementor-widget-container\">\n\t\t\t\t\t\t\t<div class=\"elementor-divider\">\n\t\t\t<span class=\"elementor-divider-separator\">\n\t\t\t\t\t\t<\/span>\n\t\t<\/div>\n\t\t\t\t\t\t<\/div>\n\t\t\t\t<\/div>\n\t\t\t\t<div class=\"elementor-element elementor-element-zoqyrfz elementor-widget elementor-widget-spacer\" data-id=\"zoqyrfz\" data-element_type=\"widget\" data-widget_type=\"spacer.default\">\n\t\t\t\t<div class=\"elementor-widget-container\">\n\t\t\t\t\t\t\t<div class=\"elementor-spacer\">\n\t\t\t<div class=\"elementor-spacer-inner\"><\/div>\n\t\t<\/div>\n\t\t\t\t\t\t<\/div>\n\t\t\t\t<\/div>\n\t\t\t\t<section class=\"elementor-section elementor-inner-section elementor-element elementor-element-gayuoiv elementor-section-boxed elementor-section-height-default elementor-section-height-default\" data-id=\"gayuoiv\" data-element_type=\"section\">\n\t\t\t\t\t\t<div class=\"elementor-container elementor-column-gap-default\">\n\t\t\t\t\t<div class=\"elementor-column elementor-col-50 elementor-inner-column elementor-element elementor-element-jgozjto\" data-id=\"jgozjto\" data-element_type=\"column\">\n\t\t\t<div class=\"elementor-widget-wrap elementor-element-populated\">\n\t\t\t\t\t\t<div class=\"elementor-element elementor-element-azxkohx elementor-view-default elementor-widget elementor-widget-icon\" data-id=\"azxkohx\" data-element_type=\"widget\" data-widget_type=\"icon.default\">\n\t\t\t\t<div class=\"elementor-widget-container\">\n\t\t\t\t\t\t\t<div class=\"elementor-icon-wrapper\">\n\t\t\t<div class=\"elementor-icon\">\n\t\t\t\t\t\t\t<i class=\"fa fa-pencil-square-o\" aria-hidden=\"true\"><\/i>\n\t\t\t\t\t\t<\/div>\n\t\t<\/div>\n\t\t\t\t\t\t<\/div>\n\t\t\t\t<\/div>\n\t\t\t\t<div class=\"elementor-element elementor-element-swoempj elementor-widget elementor-widget-text-editor\" data-id=\"swoempj\" data-element_type=\"widget\" data-widget_type=\"text-editor.default\">\n\t\t\t\t<div class=\"elementor-widget-container\">\n\t\t\t\t\t\t\t\t\t<p><strong>Texto:<\/strong>\u00a0Ariane Mondo \/ Ascom \u2013 ISD (con informaci\u00f3n de CEC Serrinha)<\/p><p><strong>Fotos:<\/strong>\u00a0CEC Serrinha<\/p>\t\t\t\t\t\t\t\t<\/div>\n\t\t\t\t<\/div>\n\t\t\t\t<div class=\"elementor-element elementor-element-chfxrso elementor-widget elementor-widget-text-editor\" data-id=\"chfxrso\" data-element_type=\"widget\" data-widget_type=\"text-editor.default\">\n\t\t\t\t<div class=\"elementor-widget-container\">\n\t\t\t\t\t\t\t\t\t<p><strong>Consultor\u00eda de comunicaci\u00f3n<\/strong><br \/>comunicacao@isd.org.br<br \/>(84) 99416-1880<\/p>\t\t\t\t\t\t\t\t<\/div>\n\t\t\t\t<\/div>\n\t\t\t\t\t<\/div>\n\t\t<\/div>\n\t\t\t\t<div class=\"elementor-column elementor-col-50 elementor-inner-column elementor-element elementor-element-yrysrck\" data-id=\"yrysrck\" data-element_type=\"column\" data-settings=\"{&quot;background_background&quot;:&quot;classic&quot;}\">\n\t\t\t<div class=\"elementor-widget-wrap elementor-element-populated\">\n\t\t\t\t\t\t<div class=\"elementor-element elementor-element-tbsoxxl elementor-widget elementor-widget-text-editor\" data-id=\"tbsoxxl\" data-element_type=\"widget\" data-widget_type=\"text-editor.default\">\n\t\t\t\t<div class=\"elementor-widget-container\">\n\t\t\t\t\t\t\t\t\t<h3><span style=\"color: #ffffff;\">Instituto Santos Dumont (ISD)<\/span><\/h3><p><span style=\"color: #ffffff;\">Organizaci\u00f3n social que mantiene v\u00ednculos con el Ministerio de Educaci\u00f3n (MEC) y cuya misi\u00f3n es promover la educaci\u00f3n para la vida, formando ciudadanos a trav\u00e9s de acciones integradas de ense\u00f1anza, investigaci\u00f3n y extensi\u00f3n y contribuyendo a la transformaci\u00f3n m\u00e1s justa y humana de la realidad social brasile\u00f1a.<\/span><\/p>\t\t\t\t\t\t\t\t<\/div>\n\t\t\t\t<\/div>\n\t\t\t\t\t<\/div>\n\t\t<\/div>\n\t\t\t\t\t<\/div>\n\t\t<\/section>\n\t\t\t\t\t<\/div>\n\t\t<\/div>\n\t\t\t\t\t<\/div>\n\t\t<\/section>\n\t\t\t\t<\/div>","protected":false},"excerpt":{"rendered":"<p>Os alunos da oficina de Ci\u00eancia e Ambiente do Centro de Educa\u00e7\u00e3o Cient\u00edfica (CEC) de Serrinha (BA) tiveram discuss\u00f5es sobre o tema \u201cpadr\u00e3o de beleza\u201d durante uma semana no in\u00edcio de agosto. A atividade, inspirada no projeto\u00a0\u201cI, Too, Am Harvard\u201d, da Universidade de Harvard, nos Estados Unidos e tamb\u00e9m na Campanha Ah, branco, d\u00e1 um [&hellip;]<\/p>","protected":false},"author":6,"featured_media":11537,"comment_status":"open","ping_status":"open","sticky":false,"template":"","format":"standard","meta":{"_acf_changed":false,"footnotes":""},"categories":[1],"tags":[],"class_list":["post-11516","post","type-post","status-publish","format-standard","has-post-thumbnail","hentry","category-destaque_noticia"],"acf":[],"_links":{"self":[{"href":"https:\/\/institutosantosdumont.org.br\/es\/wp-json\/wp\/v2\/posts\/11516","targetHints":{"allow":["GET"]}}],"collection":[{"href":"https:\/\/institutosantosdumont.org.br\/es\/wp-json\/wp\/v2\/posts"}],"about":[{"href":"https:\/\/institutosantosdumont.org.br\/es\/wp-json\/wp\/v2\/types\/post"}],"author":[{"embeddable":true,"href":"https:\/\/institutosantosdumont.org.br\/es\/wp-json\/wp\/v2\/users\/6"}],"replies":[{"embeddable":true,"href":"https:\/\/institutosantosdumont.org.br\/es\/wp-json\/wp\/v2\/comments?post=11516"}],"version-history":[{"count":0,"href":"https:\/\/institutosantosdumont.org.br\/es\/wp-json\/wp\/v2\/posts\/11516\/revisions"}],"wp:featuredmedia":[{"embeddable":true,"href":"https:\/\/institutosantosdumont.org.br\/es\/wp-json\/wp\/v2\/media\/11537"}],"wp:attachment":[{"href":"https:\/\/institutosantosdumont.org.br\/es\/wp-json\/wp\/v2\/media?parent=11516"}],"wp:term":[{"taxonomy":"category","embeddable":true,"href":"https:\/\/institutosantosdumont.org.br\/es\/wp-json\/wp\/v2\/categories?post=11516"},{"taxonomy":"post_tag","embeddable":true,"href":"https:\/\/institutosantosdumont.org.br\/es\/wp-json\/wp\/v2\/tags?post=11516"}],"curies":[{"name":"wp","href":"https:\/\/api.w.org\/{rel}","templated":true}]}}