{"id":11668,"date":"2017-09-14T10:37:34","date_gmt":"2017-09-14T13:37:34","guid":{"rendered":"http:\/\/www.institutosantosdumont.org.br\/?p=11668"},"modified":"2017-09-22T14:43:33","modified_gmt":"2017-09-22T17:43:33","slug":"nota-pesar-antonio-hare","status":"publish","type":"post","link":"https:\/\/institutosantosdumont.org.br\/es\/nota-pesar-antonio-hare\/","title":{"rendered":"Nota de p\u00e9same \u2013 Ant\u00f4nio Hare"},"content":{"rendered":"<div data-elementor-type=\"wp-post\" data-elementor-id=\"11668\" class=\"elementor elementor-11668 elementor-bc-flex-widget\" data-elementor-post-type=\"post\">\n\t\t\t\t\t\t<section class=\"elementor-section elementor-top-section elementor-element elementor-element-badrksz elementor-section-boxed elementor-section-height-default elementor-section-height-default\" data-id=\"badrksz\" data-element_type=\"section\">\n\t\t\t\t\t\t<div class=\"elementor-container elementor-column-gap-default\">\n\t\t\t\t\t<div class=\"elementor-column elementor-col-100 elementor-top-column elementor-element elementor-element-xyrtumi\" data-id=\"xyrtumi\" data-element_type=\"column\">\n\t\t\t<div class=\"elementor-widget-wrap elementor-element-populated\">\n\t\t\t\t\t\t<div class=\"elementor-element elementor-element-9p3c51k elementor-widget elementor-widget-text-editor\" data-id=\"9p3c51k\" data-element_type=\"widget\" data-widget_type=\"text-editor.default\">\n\t\t\t\t<div class=\"elementor-widget-container\">\n\t\t\t\t\t\t\t\t\t<div class=\"gmail_default\">El equipo de <strong>Centros de Educaci\u00f3n Cient\u00edfica (CEC)<\/strong> lamenta profundamente el fallecimiento, el 11 de septiembre de 2017, del artista visual <strong>Antonio Alves de Souza<\/strong>, conocido como <strong>Antonio Hare<\/strong>Fue asistente del taller de Ciencia y Arte del CEC de Maca\u00edba-RN en 2008 y, a lo largo de los a\u00f1os, colabor\u00f3 con los CEC en numerosas ocasiones, participando en conversaciones con estudiantes sobre su trabajo y pr\u00e1ctica art\u00edstica. Su \u00faltima interacci\u00f3n con el CEC de Maca\u00edba tuvo lugar en julio pasado, durante una actividad del Taller de Ciencia e Historia, que promovi\u00f3 el di\u00e1logo entre estudiantes y artistas de Rio Grande do Norte de diversos campos (v\u00e9ase el art\u00edculo). <a href=\"https:\/\/institutosantosdumont.org.br\/es\/2017\/07\/28\/interacao-alunos-artistas-rn\/\" target=\"_blank\" rel=\"noopener noreferrer\"><strong>AQU\u00cd<\/strong><\/a>).\u00a0<\/div>\t\t\t\t\t\t\t\t<\/div>\n\t\t\t\t<\/div>\n\t\t\t\t<section class=\"elementor-section elementor-inner-section elementor-element elementor-element-3epgq98 elementor-section-boxed elementor-section-height-default elementor-section-height-default\" data-id=\"3epgq98\" data-element_type=\"section\">\n\t\t\t\t\t\t<div class=\"elementor-container elementor-column-gap-default\">\n\t\t\t\t\t<div class=\"elementor-column elementor-col-100 elementor-inner-column elementor-element elementor-element-efge813\" data-id=\"efge813\" data-element_type=\"column\">\n\t\t\t<div class=\"elementor-widget-wrap elementor-element-populated\">\n\t\t\t\t\t\t<div class=\"elementor-element elementor-element-cv9j1bf elementor-widget elementor-widget-image\" data-id=\"cv9j1bf\" data-element_type=\"widget\" data-widget_type=\"image.default\">\n\t\t\t\t<div class=\"elementor-widget-container\">\n\t\t\t\t\t\t\t\t\t\t\t\t<figure class=\"wp-caption\">\n\t\t\t\t\t\t\t\t\t\t<img fetchpriority=\"high\" decoding=\"async\" width=\"768\" height=\"576\" src=\"https:\/\/institutosantosdumont.org.br\/wp-content\/uploads\/2017\/09\/Antonio_menor-768x576.jpg\" class=\"attachment-medium_large size-medium_large wp-image-11670\" alt=\"\" srcset=\"https:\/\/institutosantosdumont.org.br\/wp-content\/uploads\/2017\/09\/Antonio_menor-768x576.jpg 768w, https:\/\/institutosantosdumont.org.br\/wp-content\/uploads\/2017\/09\/Antonio_menor-300x225.jpg 300w, https:\/\/institutosantosdumont.org.br\/wp-content\/uploads\/2017\/09\/Antonio_menor-1024x768.jpg 1024w, https:\/\/institutosantosdumont.org.br\/wp-content\/uploads\/2017\/09\/Antonio_menor.jpg 1300w\" sizes=\"(max-width: 768px) 100vw, 768px\" \/>\t\t\t\t\t\t\t\t\t\t\t<figcaption class=\"widget-image-caption wp-caption-text\">Ant\u00f4nio Hare entre algunos estudiantes del CEC Maca\u00edba en 2008.<\/figcaption>\n\t\t\t\t\t\t\t\t\t\t<\/figure>\n\t\t\t\t\t\t\t\t\t<\/div>\n\t\t\t\t<\/div>\n\t\t\t\t\t<\/div>\n\t\t<\/div>\n\t\t\t\t\t<\/div>\n\t\t<\/section>\n\t\t\t\t<div class=\"elementor-element elementor-element-v60k29e elementor-widget elementor-widget-text-editor\" data-id=\"v60k29e\" data-element_type=\"widget\" data-widget_type=\"text-editor.default\">\n\t\t\t\t<div class=\"elementor-widget-container\">\n\t\t\t\t\t\t\t\t\t<h3 class=\"gmail_default\"><strong>Acerca de Antonio Hare<\/strong><\/h3><div class=\"gmail_default\">\u00a0<\/div><div class=\"gmail_default\">El artista, de 51 a\u00f1os, era originario de Natal, Rio Grande do Norte. Se gradu\u00f3 en acuicultura por la Universidad Federal de Rio Grande do Norte (UFRN) y tambi\u00e9n cont\u00f3 con formaci\u00f3n en bellas artes y como educador art\u00edstico, con especializaci\u00f3n en m\u00fasica. En los \u00faltimos a\u00f1os, Hare ha estado produciendo obras que muestran las diversas posibilidades de reutilizar la basura, componiendo obras dentro de un concepto que \u00e9l llama &quot;<strong>SOSTENGASE<\/strong>Al transformar la basura en arte, Ant\u00f4nio Hare provoc\u00f3 reflexiones sobre el consumo excesivo y la cultura del descarte. El Instituto Santos Dumont rinde homenaje al artista con im\u00e1genes de algunos de sus momentos en la instituci\u00f3n y expresa su solidaridad con su familia y amigos, especialmente con su esposa. <strong>Raquel Dantas<\/strong>, asesor pedag\u00f3gico de los CEC.<\/div>\t\t\t\t\t\t\t\t<\/div>\n\t\t\t\t<\/div>\n\t\t\t\t<section class=\"elementor-section elementor-inner-section elementor-element elementor-element-3cq2p1l elementor-section-boxed elementor-section-height-default elementor-section-height-default\" data-id=\"3cq2p1l\" data-element_type=\"section\">\n\t\t\t\t\t\t<div class=\"elementor-container elementor-column-gap-default\">\n\t\t\t\t\t<div class=\"elementor-column elementor-col-100 elementor-inner-column elementor-element elementor-element-2avuvch\" data-id=\"2avuvch\" data-element_type=\"column\">\n\t\t\t<div class=\"elementor-widget-wrap elementor-element-populated\">\n\t\t\t\t\t\t<div class=\"elementor-element elementor-element-357uwtr elementor-widget elementor-widget-image\" data-id=\"357uwtr\" data-element_type=\"widget\" data-widget_type=\"image.default\">\n\t\t\t\t<div class=\"elementor-widget-container\">\n\t\t\t\t\t\t\t\t\t\t\t\t<figure class=\"wp-caption\">\n\t\t\t\t\t\t\t\t\t\t<img decoding=\"async\" width=\"800\" height=\"532\" src=\"https:\/\/institutosantosdumont.org.br\/wp-content\/uploads\/2017\/08\/artista-antonio-hare-1024x681.jpg\" class=\"attachment-large size-large wp-image-11236\" alt=\"\" srcset=\"https:\/\/institutosantosdumont.org.br\/wp-content\/uploads\/2017\/08\/artista-antonio-hare-1024x681.jpg 1024w, https:\/\/institutosantosdumont.org.br\/wp-content\/uploads\/2017\/08\/artista-antonio-hare-300x200.jpg 300w, https:\/\/institutosantosdumont.org.br\/wp-content\/uploads\/2017\/08\/artista-antonio-hare-768x511.jpg 768w, https:\/\/institutosantosdumont.org.br\/wp-content\/uploads\/2017\/08\/artista-antonio-hare.jpg 1300w\" sizes=\"(max-width: 800px) 100vw, 800px\" \/>\t\t\t\t\t\t\t\t\t\t\t<figcaption class=\"widget-image-caption wp-caption-text\">El artista en conversaci\u00f3n con estudiantes del taller de Ciencias e Historia del CEC Maca\u00edba, en julio de 2017.<\/figcaption>\n\t\t\t\t\t\t\t\t\t\t<\/figure>\n\t\t\t\t\t\t\t\t\t<\/div>\n\t\t\t\t<\/div>\n\t\t\t\t\t<\/div>\n\t\t<\/div>\n\t\t\t\t\t<\/div>\n\t\t<\/section>\n\t\t\t\t<div class=\"elementor-element elementor-element-akxntsc elementor-widget-divider--view-line elementor-widget elementor-widget-divider\" data-id=\"akxntsc\" data-element_type=\"widget\" data-widget_type=\"divider.default\">\n\t\t\t\t<div class=\"elementor-widget-container\">\n\t\t\t\t\t\t\t<div class=\"elementor-divider\">\n\t\t\t<span class=\"elementor-divider-separator\">\n\t\t\t\t\t\t<\/span>\n\t\t<\/div>\n\t\t\t\t\t\t<\/div>\n\t\t\t\t<\/div>\n\t\t\t\t<div class=\"elementor-element elementor-element-cbegmth elementor-widget elementor-widget-spacer\" data-id=\"cbegmth\" data-element_type=\"widget\" data-widget_type=\"spacer.default\">\n\t\t\t\t<div class=\"elementor-widget-container\">\n\t\t\t\t\t\t\t<div class=\"elementor-spacer\">\n\t\t\t<div class=\"elementor-spacer-inner\"><\/div>\n\t\t<\/div>\n\t\t\t\t\t\t<\/div>\n\t\t\t\t<\/div>\n\t\t\t\t<section class=\"elementor-section elementor-inner-section elementor-element elementor-element-fqjcjpy elementor-section-boxed elementor-section-height-default elementor-section-height-default\" data-id=\"fqjcjpy\" data-element_type=\"section\">\n\t\t\t\t\t\t<div class=\"elementor-container elementor-column-gap-default\">\n\t\t\t\t\t<div class=\"elementor-column elementor-col-50 elementor-inner-column elementor-element elementor-element-igkixcb\" data-id=\"igkixcb\" data-element_type=\"column\">\n\t\t\t<div class=\"elementor-widget-wrap elementor-element-populated\">\n\t\t\t\t\t\t<div class=\"elementor-element elementor-element-nuosfzy elementor-view-default elementor-widget elementor-widget-icon\" data-id=\"nuosfzy\" data-element_type=\"widget\" data-widget_type=\"icon.default\">\n\t\t\t\t<div class=\"elementor-widget-container\">\n\t\t\t\t\t\t\t<div class=\"elementor-icon-wrapper\">\n\t\t\t<div class=\"elementor-icon\">\n\t\t\t\t\t\t\t<i class=\"fa fa-pencil-square-o\" aria-hidden=\"true\"><\/i>\n\t\t\t\t\t\t<\/div>\n\t\t<\/div>\n\t\t\t\t\t\t<\/div>\n\t\t\t\t<\/div>\n\t\t\t\t<div class=\"elementor-element elementor-element-siczxod elementor-widget elementor-widget-text-editor\" data-id=\"siczxod\" data-element_type=\"widget\" data-widget_type=\"text-editor.default\">\n\t\t\t\t<div class=\"elementor-widget-container\">\n\t\t\t\t\t\t\t\t\t<p><strong>Texto:<\/strong>\u00a0Ariane Mondo \/ Ascom \u2013 ISD<\/p><p><strong>Fotos:<\/strong>\u00a0Divulgaci\u00f3n de las CEC<\/p>\t\t\t\t\t\t\t\t<\/div>\n\t\t\t\t<\/div>\n\t\t\t\t<div class=\"elementor-element elementor-element-rclpumt elementor-widget elementor-widget-text-editor\" data-id=\"rclpumt\" data-element_type=\"widget\" data-widget_type=\"text-editor.default\">\n\t\t\t\t<div class=\"elementor-widget-container\">\n\t\t\t\t\t\t\t\t\t<p><strong>Consultor\u00eda de comunicaci\u00f3n<\/strong><br \/>comunicacao@isd.org.br<br \/>(84) 99416-1880<\/p>\t\t\t\t\t\t\t\t<\/div>\n\t\t\t\t<\/div>\n\t\t\t\t\t<\/div>\n\t\t<\/div>\n\t\t\t\t<div class=\"elementor-column elementor-col-50 elementor-inner-column elementor-element elementor-element-tsqybao\" data-id=\"tsqybao\" data-element_type=\"column\" data-settings=\"{&quot;background_background&quot;:&quot;classic&quot;}\">\n\t\t\t<div class=\"elementor-widget-wrap elementor-element-populated\">\n\t\t\t\t\t\t<div class=\"elementor-element elementor-element-azvhqzr elementor-widget elementor-widget-text-editor\" data-id=\"azvhqzr\" data-element_type=\"widget\" data-widget_type=\"text-editor.default\">\n\t\t\t\t<div class=\"elementor-widget-container\">\n\t\t\t\t\t\t\t\t\t<h3><span style=\"color: #ffffff;\">Instituto Santos Dumont (ISD)<\/span><\/h3><p><span style=\"color: #ffffff;\">Organizaci\u00f3n social que mantiene v\u00ednculos con el Ministerio de Educaci\u00f3n (MEC) y cuya misi\u00f3n es promover la educaci\u00f3n para la vida, formando ciudadanos a trav\u00e9s de acciones integradas de ense\u00f1anza, investigaci\u00f3n y extensi\u00f3n y contribuyendo a la transformaci\u00f3n m\u00e1s justa y humana de la realidad social brasile\u00f1a.<\/span><\/p>\t\t\t\t\t\t\t\t<\/div>\n\t\t\t\t<\/div>\n\t\t\t\t\t<\/div>\n\t\t<\/div>\n\t\t\t\t\t<\/div>\n\t\t<\/section>\n\t\t\t\t\t<\/div>\n\t\t<\/div>\n\t\t\t\t\t<\/div>\n\t\t<\/section>\n\t\t\t\t<\/div>","protected":false},"excerpt":{"rendered":"<p>El equipo de los Centros de Educaci\u00f3n Cient\u00edfica (CEC) lamenta profundamente el fallecimiento, el 11 de septiembre de 2017, del artista visual Ant\u00f4nio Alves de Souza, conocido como Ant\u00f4nio Hare. Fue asistente del taller de Ciencia y Arte del CEC en Maca\u00edba, RN, en 2008 y colabor\u00f3 en numerosas ocasiones con [\u2026]<\/p>","protected":false},"author":6,"featured_media":11672,"comment_status":"open","ping_status":"open","sticky":false,"template":"","format":"standard","meta":{"_acf_changed":false,"footnotes":""},"categories":[1],"tags":[278,102,108,54,60],"class_list":["post-11668","post","type-post","status-publish","format-standard","has-post-thumbnail","hentry","category-destaque_noticia","tag-antonio-hare","tag-centro-de-educacao-cientifica","tag-educacao-cientifica","tag-instituto-santos-dumont","tag-macaiba"],"acf":[],"_links":{"self":[{"href":"https:\/\/institutosantosdumont.org.br\/es\/wp-json\/wp\/v2\/posts\/11668","targetHints":{"allow":["GET"]}}],"collection":[{"href":"https:\/\/institutosantosdumont.org.br\/es\/wp-json\/wp\/v2\/posts"}],"about":[{"href":"https:\/\/institutosantosdumont.org.br\/es\/wp-json\/wp\/v2\/types\/post"}],"author":[{"embeddable":true,"href":"https:\/\/institutosantosdumont.org.br\/es\/wp-json\/wp\/v2\/users\/6"}],"replies":[{"embeddable":true,"href":"https:\/\/institutosantosdumont.org.br\/es\/wp-json\/wp\/v2\/comments?post=11668"}],"version-history":[{"count":0,"href":"https:\/\/institutosantosdumont.org.br\/es\/wp-json\/wp\/v2\/posts\/11668\/revisions"}],"wp:featuredmedia":[{"embeddable":true,"href":"https:\/\/institutosantosdumont.org.br\/es\/wp-json\/wp\/v2\/media\/11672"}],"wp:attachment":[{"href":"https:\/\/institutosantosdumont.org.br\/es\/wp-json\/wp\/v2\/media?parent=11668"}],"wp:term":[{"taxonomy":"category","embeddable":true,"href":"https:\/\/institutosantosdumont.org.br\/es\/wp-json\/wp\/v2\/categories?post=11668"},{"taxonomy":"post_tag","embeddable":true,"href":"https:\/\/institutosantosdumont.org.br\/es\/wp-json\/wp\/v2\/tags?post=11668"}],"curies":[{"name":"wp","href":"https:\/\/api.w.org\/{rel}","templated":true}]}}