{"id":11798,"date":"2017-09-25T15:40:39","date_gmt":"2017-09-25T18:40:39","guid":{"rendered":"http:\/\/www.institutosantosdumont.org.br\/?p=11798"},"modified":"2017-09-29T09:23:21","modified_gmt":"2017-09-29T12:23:21","slug":"alunos-cec-serrinha-visitam-if-baiano","status":"publish","type":"post","link":"https:\/\/institutosantosdumont.org.br\/es\/alunos-cec-serrinha-visitam-if-baiano\/","title":{"rendered":"Estudiantes del CEC Serrinha visitan el Campus del Instituto Federal Baiano"},"content":{"rendered":"<p>Estudiantes del Centro de Educaci\u00f3n Cient\u00edfica (CEC) de Serrinha-BA estuvieron, el 20 de septiembre, en el Instituto Federal Baiano (IF Baiano), Campus Serrinha. El objetivo de la visita fue mostrar la estructura del IF, los cursos que ofrece y hablar sobre el proceso de selecci\u00f3n 2018.1, que recibe postulaciones hasta el 9 de octubre. En total, estuvieron presentes en la visita 25 alumnos de los cuatro talleres del CEC Serrinha, que cursan el noveno a\u00f1o de la Educaci\u00f3n Primaria en escuelas p\u00fablicas.<\/p>\n<figure><img fetchpriority=\"high\" decoding=\"async\" src=\"https:\/\/institutosantosdumont.org.br\/wp-content\/uploads\/2017\/09\/Ex-aluna-do-CEC-e-atual-estudante-do-IF-recepcionando-os-alunos-768x432.jpg\" sizes=\"(max-width: 768px) 100vw, 768px\" srcset=\"https:\/\/institutosantosdumont.org.br\/wp-content\/uploads\/2017\/09\/Ex-aluna-do-CEC-e-atual-estudante-do-IF-recepcionando-os-alunos-768x432.jpg 768w, https:\/\/institutosantosdumont.org.br\/wp-content\/uploads\/2017\/09\/Ex-aluna-do-CEC-e-atual-estudante-do-IF-recepcionando-os-alunos-300x169.jpg 300w, https:\/\/institutosantosdumont.org.br\/wp-content\/uploads\/2017\/09\/Ex-aluna-do-CEC-e-atual-estudante-do-IF-recepcionando-os-alunos-1024x575.jpg 1024w\" alt=\"\" width=\"768\" height=\"432\" \/><figcaption>Bruna Costa, ex alumna del CEC Serrinha y actual alumna del IF Baiano, dio la bienvenida a los visitantes<\/figcaption><\/figure>\n<p><strong>Valeria Sampaio<\/strong>, t\u00e9cnico administrativo del IF y miembro del comit\u00e9 del Proceso de Selecci\u00f3n, recibi\u00f3 a los estudiantes del CEC junto a otros dos compa\u00f1eros del Comit\u00e9. <strong>Bruna Costa<\/strong>, ex alumno del CEC Serrinha y actual alumno del IF, tambi\u00e9n dio la bienvenida a los visitantes. El equipo del IF present\u00f3 la Instituci\u00f3n y su propuesta de trabajo y luego los visitantes fueron llevados a conocer el espacio: biblioteca, cafeter\u00eda y laboratorios de biolog\u00eda, citolog\u00eda y qu\u00edmica. Durante la visita, los estudiantes del CEC pudieron observar al microscopio algunas l\u00e1minas ilustrativas, as\u00ed como los trabajos de an\u00e1lisis de agua contaminada que se realizaban en ese momento. La visita finaliz\u00f3 con una demostraci\u00f3n del sistema de huerta IF, donde se realizan clases pr\u00e1cticas para los cursos de Agroecolog\u00eda y Agricultura.<\/p>\n<figure><img decoding=\"async\" src=\"https:\/\/institutosantosdumont.org.br\/wp-content\/uploads\/2017\/09\/Laborat\u00f3rio-de-qu\u00edmica-e-citologia-2_editada-1024x575.jpg\" sizes=\"(max-width: 1024px) 100vw, 1024px\" srcset=\"https:\/\/institutosantosdumont.org.br\/wp-content\/uploads\/2017\/09\/Laborat\u00f3rio-de-qu\u00edmica-e-citologia-2_editada-1024x575.jpg 1024w, https:\/\/institutosantosdumont.org.br\/wp-content\/uploads\/2017\/09\/Laborat\u00f3rio-de-qu\u00edmica-e-citologia-2_editada-300x168.jpg 300w, https:\/\/institutosantosdumont.org.br\/wp-content\/uploads\/2017\/09\/Laborat\u00f3rio-de-qu\u00edmica-e-citologia-2_editada-768x431.jpg 768w, https:\/\/institutosantosdumont.org.br\/wp-content\/uploads\/2017\/09\/Laborat\u00f3rio-de-qu\u00edmica-e-citologia-2_editada.jpg 1300w\" alt=\"\" width=\"1024\" height=\"575\" \/><figcaption>Laboratorio de Qu\u00edmica y Citolog\u00eda, IF Baiano.<\/figcaption><\/figure>\n<figure><img decoding=\"async\" src=\"https:\/\/institutosantosdumont.org.br\/wp-content\/uploads\/2017\/09\/Laborat\u00f3rio-de-biologia_editada-768x431.jpg\" sizes=\"(max-width: 768px) 100vw, 768px\" srcset=\"https:\/\/institutosantosdumont.org.br\/wp-content\/uploads\/2017\/09\/Laborat\u00f3rio-de-biologia_editada-768x431.jpg 768w, https:\/\/institutosantosdumont.org.br\/wp-content\/uploads\/2017\/09\/Laborat\u00f3rio-de-biologia_editada-300x168.jpg 300w, https:\/\/institutosantosdumont.org.br\/wp-content\/uploads\/2017\/09\/Laborat\u00f3rio-de-biologia_editada-1024x575.jpg 1024w, https:\/\/institutosantosdumont.org.br\/wp-content\/uploads\/2017\/09\/Laborat\u00f3rio-de-biologia_editada.jpg 1300w\" alt=\"\" width=\"768\" height=\"431\" \/><figcaption>Laboratorio de Biolog\u00eda, IF Baiano.<\/figcaption><\/figure>\n<p>El coordinador pedag\u00f3gico del CEC Serrinha, <strong>Joseane Souza<\/strong>, afirm\u00f3 que algunos estudiantes estaban felices de encontrar en IF Baiano trabajos similares a los que desarrollan en el Taller de Ciencia y Medio Ambiente del CEC Serrinha, como observaci\u00f3n bajo microscopio y an\u00e1lisis de agua contaminada: \u201cPretendemos orientar mejor a nuestros estudiantes en relaci\u00f3n a los cursos que seguir\u00e1n en la escuela secundaria. Cada a\u00f1o hablamos con ellos sobre las posibilidades despu\u00e9s de la salida de la CCA. En 2017, una de las acciones fue esta visita al IF Baiano, ya que la mayor\u00eda de nuestros estudiantes no conoc\u00edan la Instituci\u00f3n, que es nueva aqu\u00ed en la ciudad y tiene un trabajo que se destaca. Actualmente tenemos diez exalumnos del CEC que estudian en el IF Baiano\u201d, explic\u00f3 Joseane.<\/p>\n<p>el estudiante <strong>Eva Mar\u00eda Mota Silva<\/strong>, de los talleres de Ciencia y Tecnolog\u00eda y Ciencia y Medio Ambiente, coment\u00f3 que le pareci\u00f3 muy hermoso observar la importancia que la gente del IF Baiano le da a la naturaleza. Destac\u00f3 que le gust\u00f3 el trato que recibieron los visitantes.<\/p>\n<figure><img loading=\"lazy\" decoding=\"async\" src=\"https:\/\/institutosantosdumont.org.br\/wp-content\/uploads\/2017\/09\/DSC08402_editada-1024x575.jpg\" sizes=\"(max-width: 1024px) 100vw, 1024px\" srcset=\"https:\/\/institutosantosdumont.org.br\/wp-content\/uploads\/2017\/09\/DSC08402_editada-1024x575.jpg 1024w, https:\/\/institutosantosdumont.org.br\/wp-content\/uploads\/2017\/09\/DSC08402_editada-300x168.jpg 300w, https:\/\/institutosantosdumont.org.br\/wp-content\/uploads\/2017\/09\/DSC08402_editada-768x431.jpg 768w, https:\/\/institutosantosdumont.org.br\/wp-content\/uploads\/2017\/09\/DSC08402_editada.jpg 1300w\" alt=\"\" width=\"1024\" height=\"575\" \/><figcaption>Visita a la huerta del IF Baiano<\/figcaption><\/figure>\n<p>Miembro tambi\u00e9n de los talleres de Ciencia y Tecnolog\u00eda y Ciencia y Medio Ambiente, el estudiante <strong>Janaina Silva do Patroc\u00ednio<\/strong> dijo: \u201cLo que me pareci\u00f3 muy importante fue saber c\u00f3mo utilizan los laboratorios para realizar investigaciones, no s\u00f3lo para ellos, sino tambi\u00e9n para la ciudad y otros lugares, trayendo resultados de sus propias investigaciones\u201d. Y, por \u00faltimo, el alumno de los talleres de Ciencia y Tecnolog\u00eda y Ciencia y Medio Ambiente, <strong>Adriane Marques Santos<\/strong>, comparti\u00f3 sus impresiones diciendo: \u201cLa visita me pareci\u00f3 muy interesante. Dan la bienvenida a todos los que llegan y prestan mucha atenci\u00f3n a los estudiantes. Y sobre el conocimiento, lo transmiten muy bien, porque es una manera que podemos entender y tambi\u00e9n podemos transmitir a todos\u201d.<\/p>\n<p><img loading=\"lazy\" decoding=\"async\" src=\"https:\/\/institutosantosdumont.org.br\/wp-content\/uploads\/2017\/09\/vendo-v\u00eddeo-ilustrativo-sobre-o-IF_editado-1024x575.jpg\" sizes=\"(max-width: 1024px) 100vw, 1024px\" srcset=\"https:\/\/institutosantosdumont.org.br\/wp-content\/uploads\/2017\/09\/vendo-v\u00eddeo-ilustrativo-sobre-o-IF_editado-1024x575.jpg 1024w, https:\/\/institutosantosdumont.org.br\/wp-content\/uploads\/2017\/09\/vendo-v\u00eddeo-ilustrativo-sobre-o-IF_editado-300x168.jpg 300w, https:\/\/institutosantosdumont.org.br\/wp-content\/uploads\/2017\/09\/vendo-v\u00eddeo-ilustrativo-sobre-o-IF_editado-768x431.jpg 768w, https:\/\/institutosantosdumont.org.br\/wp-content\/uploads\/2017\/09\/vendo-v\u00eddeo-ilustrativo-sobre-o-IF_editado.jpg 1300w\" alt=\"\" width=\"1024\" height=\"575\" \/><br \/>\n<img loading=\"lazy\" decoding=\"async\" src=\"https:\/\/institutosantosdumont.org.br\/wp-content\/uploads\/2017\/09\/Alunos-do-turno-matutinorepresentantes-do-IF_editada-1024x575.jpg\" sizes=\"(max-width: 1024px) 100vw, 1024px\" srcset=\"https:\/\/institutosantosdumont.org.br\/wp-content\/uploads\/2017\/09\/Alunos-do-turno-matutinorepresentantes-do-IF_editada-1024x575.jpg 1024w, https:\/\/institutosantosdumont.org.br\/wp-content\/uploads\/2017\/09\/Alunos-do-turno-matutinorepresentantes-do-IF_editada-300x168.jpg 300w, https:\/\/institutosantosdumont.org.br\/wp-content\/uploads\/2017\/09\/Alunos-do-turno-matutinorepresentantes-do-IF_editada-768x431.jpg 768w, https:\/\/institutosantosdumont.org.br\/wp-content\/uploads\/2017\/09\/Alunos-do-turno-matutinorepresentantes-do-IF_editada.jpg 1300w\" alt=\"\" width=\"1024\" height=\"575\" \/><\/p>\n<p><strong>Texto:<\/strong>\u00a0Ariane Mondo \/ Ascom \u2013 ISD (con informaci\u00f3n de CEC Serrinha)<\/p>\n<p><strong>Fotos:<\/strong>\u00a0CEC Serrinha<\/p>\n<p><strong>Consultor\u00eda de comunicaci\u00f3n<\/strong><br \/>\ncomunicacao@isd.org.br<br \/>\n(84) 99416-1880<\/p>\n<h3>Instituto Santos Dumont (ISD)<\/h3>\n<p>Organizaci\u00f3n social que mantiene v\u00ednculos con el Ministerio de Educaci\u00f3n (MEC) y cuya misi\u00f3n es promover la educaci\u00f3n para la vida, formando ciudadanos a trav\u00e9s de acciones integradas de ense\u00f1anza, investigaci\u00f3n y extensi\u00f3n y contribuyendo a la transformaci\u00f3n m\u00e1s justa y humana de la realidad social brasile\u00f1a.<\/p>","protected":false},"excerpt":{"rendered":"<p>Alunos do Centro de Educa\u00e7\u00e3o Cient\u00edfica (CEC) de Serrinha-BA estiveram, em 20 de setembro, no Instituto Federal Baiano (IF Baiano), Campus Serrinha. O objetivo da visita foi mostrar a estrutura do IF, os cursos oferecidos e falar sobre o processo seletivo 2018.1 que recebe inscri\u00e7\u00f5es at\u00e9 o dia 09 de outubro. Ao todo 25 alunos [&hellip;]<\/p>","protected":false},"author":6,"featured_media":11811,"comment_status":"open","ping_status":"open","sticky":false,"template":"","format":"standard","meta":{"_acf_changed":false,"footnotes":""},"categories":[1],"tags":[100,282],"class_list":["post-11798","post","type-post","status-publish","format-standard","has-post-thumbnail","hentry","category-destaque_noticia","tag-cec-serrinha","tag-centro-educacao"],"acf":[],"_links":{"self":[{"href":"https:\/\/institutosantosdumont.org.br\/es\/wp-json\/wp\/v2\/posts\/11798","targetHints":{"allow":["GET"]}}],"collection":[{"href":"https:\/\/institutosantosdumont.org.br\/es\/wp-json\/wp\/v2\/posts"}],"about":[{"href":"https:\/\/institutosantosdumont.org.br\/es\/wp-json\/wp\/v2\/types\/post"}],"author":[{"embeddable":true,"href":"https:\/\/institutosantosdumont.org.br\/es\/wp-json\/wp\/v2\/users\/6"}],"replies":[{"embeddable":true,"href":"https:\/\/institutosantosdumont.org.br\/es\/wp-json\/wp\/v2\/comments?post=11798"}],"version-history":[{"count":0,"href":"https:\/\/institutosantosdumont.org.br\/es\/wp-json\/wp\/v2\/posts\/11798\/revisions"}],"wp:featuredmedia":[{"embeddable":true,"href":"https:\/\/institutosantosdumont.org.br\/es\/wp-json\/wp\/v2\/media\/11811"}],"wp:attachment":[{"href":"https:\/\/institutosantosdumont.org.br\/es\/wp-json\/wp\/v2\/media?parent=11798"}],"wp:term":[{"taxonomy":"category","embeddable":true,"href":"https:\/\/institutosantosdumont.org.br\/es\/wp-json\/wp\/v2\/categories?post=11798"},{"taxonomy":"post_tag","embeddable":true,"href":"https:\/\/institutosantosdumont.org.br\/es\/wp-json\/wp\/v2\/tags?post=11798"}],"curies":[{"name":"wp","href":"https:\/\/api.w.org\/{rel}","templated":true}]}}