{"id":11904,"date":"2017-09-10T10:12:28","date_gmt":"2017-09-10T13:12:28","guid":{"rendered":"http:\/\/www.institutosantosdumont.org.br\/?p=11904"},"modified":"2017-09-27T11:56:45","modified_gmt":"2017-09-27T14:56:45","slug":"cec-macaiba-participa-seminario-internacional-educacao","status":"publish","type":"post","link":"https:\/\/institutosantosdumont.org.br\/es\/cec-macaiba-participa-seminario-internacional-educacao\/","title":{"rendered":"Educador del CEC Maca\u00edba participa en Seminario Internacional de Educaci\u00f3n"},"content":{"rendered":"<div data-elementor-type=\"wp-post\" data-elementor-id=\"11904\" class=\"elementor elementor-11904 elementor-bc-flex-widget\" data-elementor-post-type=\"post\">\n\t\t\t\t\t\t<section class=\"elementor-section elementor-top-section elementor-element elementor-element-qrbielx elementor-section-boxed elementor-section-height-default elementor-section-height-default\" data-id=\"qrbielx\" data-element_type=\"section\">\n\t\t\t\t\t\t<div class=\"elementor-container elementor-column-gap-default\">\n\t\t\t\t\t<div class=\"elementor-column elementor-col-100 elementor-top-column elementor-element elementor-element-ujvefsr\" data-id=\"ujvefsr\" data-element_type=\"column\">\n\t\t\t<div class=\"elementor-widget-wrap elementor-element-populated\">\n\t\t\t\t\t\t<div class=\"elementor-element elementor-element-a92q58c elementor-widget elementor-widget-text-editor\" data-id=\"a92q58c\" data-element_type=\"widget\" data-widget_type=\"text-editor.default\">\n\t\t\t\t<div class=\"elementor-widget-container\">\n\t\t\t\t\t\t\t\t\t<p>El 30 de agosto, el educador de <strong>Centro de Educaci\u00f3n Cient\u00edfica (CEC)<\/strong> de Maca\u00edba-RN, <strong>Sidinei Jos\u00e9 Schneider<\/strong>, particip\u00f3 en el <strong>IV Seminario Internacional: Di\u00e1logos con Paulo Freire<\/strong>, que tuvo lugar en el Campus Central del Instituto Federal de Rio Grande do Norte (IFRN), en Natal-RN.<\/p><p>Sidinei, historiador de formaci\u00f3n, present\u00f3 una ponencia en un debate con profesionales de la educaci\u00f3n de varios estados brasile\u00f1os. El tema fue:<strong>Experiencias de aula: observar la pr\u00e1ctica para reformularme como educador<\/strong>Explic\u00f3 su experiencia como docente en el Taller de Ciencias e Historia del CEC Maca\u00edba y c\u00f3mo la pedagog\u00eda de Freire ha influido y enriquecido su pr\u00e1ctica docente. Coment\u00f3 la estructura del taller, presentando ejemplos del contenido de cada uno, y tambi\u00e9n present\u00f3 y debati\u00f3 con el grupo el enfoque cient\u00edfico utilizado en los talleres, donde los docentes buscan relacionar el contenido con el contexto social del alumnado. \u00a0<\/p>\t\t\t\t\t\t\t\t<\/div>\n\t\t\t\t<\/div>\n\t\t\t\t<div class=\"elementor-element elementor-element-fijbsbh elementor-widget elementor-widget-spacer\" data-id=\"fijbsbh\" data-element_type=\"widget\" data-widget_type=\"spacer.default\">\n\t\t\t\t<div class=\"elementor-widget-container\">\n\t\t\t\t\t\t\t<div class=\"elementor-spacer\">\n\t\t\t<div class=\"elementor-spacer-inner\"><\/div>\n\t\t<\/div>\n\t\t\t\t\t\t<\/div>\n\t\t\t\t<\/div>\n\t\t\t\t<div class=\"elementor-element elementor-element-ugenlbt elementor-widget elementor-widget-testimonial\" data-id=\"ugenlbt\" data-element_type=\"widget\" data-widget_type=\"testimonial.default\">\n\t\t\t\t<div class=\"elementor-widget-container\">\n\t\t\t\t\t\t\t<div class=\"elementor-testimonial-wrapper\">\n\t\t\t\t\t\t\t<div class=\"elementor-testimonial-content\">CEC Maca\u00edba es un espacio donde la educaci\u00f3n se utiliza como herramienta de humanizaci\u00f3n, democratizaci\u00f3n de la ciencia y desarrollo ciudadano.<\/div>\n\t\t\t\n\t\t\t\t\t\t<div class=\"elementor-testimonial-meta\">\n\t\t\t\t<div class=\"elementor-testimonial-meta-inner\">\n\t\t\t\t\t\n\t\t\t\t\t\t\t\t\t\t<div class=\"elementor-testimonial-details\">\n\t\t\t\t\t\t\t\t\t\t\t\t\t\t<div class=\"elementor-testimonial-name\">Sidinei Schneider<\/div>\n\t\t\t\t\t\t\t\t\t\t\t\t\t\t\t\t\t\t\t\t\t\t<div class=\"elementor-testimonial-job\">Educador CEC Maca\u00edba<\/div>\n\t\t\t\t\t\t\t\t\t\t\t\t\t<\/div>\n\t\t\t\t\t\t\t\t\t<\/div>\n\t\t\t<\/div>\n\t\t\t\t\t<\/div>\n\t\t\t\t\t\t<\/div>\n\t\t\t\t<\/div>\n\t\t\t\t<div class=\"elementor-element elementor-element-vr9xcc0 elementor-widget elementor-widget-spacer\" data-id=\"vr9xcc0\" data-element_type=\"widget\" data-widget_type=\"spacer.default\">\n\t\t\t\t<div class=\"elementor-widget-container\">\n\t\t\t\t\t\t\t<div class=\"elementor-spacer\">\n\t\t\t<div class=\"elementor-spacer-inner\"><\/div>\n\t\t<\/div>\n\t\t\t\t\t\t<\/div>\n\t\t\t\t<\/div>\n\t\t\t\t<div class=\"elementor-element elementor-element-1so74z8 elementor-widget elementor-widget-text-editor\" data-id=\"1so74z8\" data-element_type=\"widget\" data-widget_type=\"text-editor.default\">\n\t\t\t\t<div class=\"elementor-widget-container\">\n\t\t\t\t\t\t\t\t\t<p>Sidinei tambi\u00e9n explic\u00f3 que los CEC, junto con otras unidades en Natal, Rio Grande do Norte, y Serrinha, Bah\u00eda, buscan promover la educaci\u00f3n cient\u00edfica en estudiantes de escuelas primarias p\u00fablicas, contribuyendo as\u00ed al proceso de inclusi\u00f3n social: &quot;El CEC de Maca\u00edba es un espacio donde la educaci\u00f3n se utiliza como herramienta para la humanizaci\u00f3n, la democratizaci\u00f3n de la ciencia y el desarrollo c\u00edvico. Para lograr este objetivo educativo, se anima a los estudiantes a interactuar con diferentes realidades, expresando sus opiniones, intercambiando conocimientos con sus pares y educadores y, al mismo tiempo, aprendiendo a interactuar en una amplia gama de grupos&quot;, explic\u00f3 el educador.<\/p><p>Adem\u00e1s de esta actividad, Sidinei tambi\u00e9n particip\u00f3 como oyente en la mesa redonda del evento, que cont\u00f3 con relatos de experiencias educativas de profesionales de otros pa\u00edses de Am\u00e9rica Latina.<\/p>\t\t\t\t\t\t\t\t<\/div>\n\t\t\t\t<\/div>\n\t\t\t\t<section class=\"elementor-section elementor-inner-section elementor-element elementor-element-gnknwjr elementor-section-boxed elementor-section-height-default elementor-section-height-default\" data-id=\"gnknwjr\" data-element_type=\"section\">\n\t\t\t\t\t\t<div class=\"elementor-container elementor-column-gap-default\">\n\t\t\t\t\t<div class=\"elementor-column elementor-col-50 elementor-inner-column elementor-element elementor-element-avixmcs\" data-id=\"avixmcs\" data-element_type=\"column\">\n\t\t\t<div class=\"elementor-widget-wrap elementor-element-populated\">\n\t\t\t\t\t\t<div class=\"elementor-element elementor-element-plnfucc elementor-view-default elementor-widget elementor-widget-icon\" data-id=\"plnfucc\" data-element_type=\"widget\" data-widget_type=\"icon.default\">\n\t\t\t\t<div class=\"elementor-widget-container\">\n\t\t\t\t\t\t\t<div class=\"elementor-icon-wrapper\">\n\t\t\t<div class=\"elementor-icon\">\n\t\t\t\t\t\t\t<i class=\"fa fa-pencil-square-o\" aria-hidden=\"true\"><\/i>\n\t\t\t\t\t\t<\/div>\n\t\t<\/div>\n\t\t\t\t\t\t<\/div>\n\t\t\t\t<\/div>\n\t\t\t\t<div class=\"elementor-element elementor-element-cbaqjtg elementor-widget elementor-widget-text-editor\" data-id=\"cbaqjtg\" data-element_type=\"widget\" data-widget_type=\"text-editor.default\">\n\t\t\t\t<div class=\"elementor-widget-container\">\n\t\t\t\t\t\t\t\t\t<p><strong>Texto:<\/strong>\u00a0Ariane Mondo \/ Ascom \u2013 ISD<\/p><p><strong>Fotos: <\/strong>Colecci\u00f3n CEC Maca\u00edba<\/p>\t\t\t\t\t\t\t\t<\/div>\n\t\t\t\t<\/div>\n\t\t\t\t<div class=\"elementor-element elementor-element-qfxeuka elementor-widget elementor-widget-text-editor\" data-id=\"qfxeuka\" data-element_type=\"widget\" data-widget_type=\"text-editor.default\">\n\t\t\t\t<div class=\"elementor-widget-container\">\n\t\t\t\t\t\t\t\t\t<p><strong>Consultor\u00eda de comunicaci\u00f3n<\/strong><br \/>comunicacao@isd.org.br<br \/>(84) 99416-1880<\/p>\t\t\t\t\t\t\t\t<\/div>\n\t\t\t\t<\/div>\n\t\t\t\t\t<\/div>\n\t\t<\/div>\n\t\t\t\t<div class=\"elementor-column elementor-col-50 elementor-inner-column elementor-element elementor-element-tmsvhpa\" data-id=\"tmsvhpa\" data-element_type=\"column\" data-settings=\"{&quot;background_background&quot;:&quot;classic&quot;}\">\n\t\t\t<div class=\"elementor-widget-wrap elementor-element-populated\">\n\t\t\t\t\t\t<div class=\"elementor-element elementor-element-phanjvu elementor-widget elementor-widget-text-editor\" data-id=\"phanjvu\" data-element_type=\"widget\" data-widget_type=\"text-editor.default\">\n\t\t\t\t<div class=\"elementor-widget-container\">\n\t\t\t\t\t\t\t\t\t<h3><span style=\"color: #ffffff;\">Instituto Santos Dumont (ISD)<\/span><\/h3><p><span style=\"color: #ffffff;\">Organizaci\u00f3n social que mantiene v\u00ednculos con el Ministerio de Educaci\u00f3n (MEC) y cuya misi\u00f3n es promover la educaci\u00f3n para la vida, formando ciudadanos a trav\u00e9s de acciones integradas de ense\u00f1anza, investigaci\u00f3n y extensi\u00f3n y contribuyendo a la transformaci\u00f3n m\u00e1s justa y humana de la realidad social brasile\u00f1a.<\/span><\/p>\t\t\t\t\t\t\t\t<\/div>\n\t\t\t\t<\/div>\n\t\t\t\t\t<\/div>\n\t\t<\/div>\n\t\t\t\t\t<\/div>\n\t\t<\/section>\n\t\t\t\t\t<\/div>\n\t\t<\/div>\n\t\t\t\t\t<\/div>\n\t\t<\/section>\n\t\t\t\t<\/div>","protected":false},"excerpt":{"rendered":"<p>No dia 30 de agosto, o educador do Centro de Educa\u00e7\u00e3o Cient\u00edfica (CEC) de Maca\u00edba-RN, Sidinei Jos\u00e9 Schneider, participou do IV Semin\u00e1rio Internacional: Di\u00e1logos com Paulo Freire, que aconteceu no Campus Central do Instituto Federal do Rio Grande do Norte (IFRN), em Natal-RN. Sidinei, que \u00e9 historiador de forma\u00e7\u00e3o, apresentou um trabalho em roda de [&hellip;]<\/p>","protected":false},"author":6,"featured_media":11908,"comment_status":"open","ping_status":"open","sticky":false,"template":"","format":"standard","meta":{"_acf_changed":false,"footnotes":""},"categories":[1],"tags":[],"class_list":["post-11904","post","type-post","status-publish","format-standard","has-post-thumbnail","hentry","category-destaque_noticia"],"acf":[],"_links":{"self":[{"href":"https:\/\/institutosantosdumont.org.br\/es\/wp-json\/wp\/v2\/posts\/11904","targetHints":{"allow":["GET"]}}],"collection":[{"href":"https:\/\/institutosantosdumont.org.br\/es\/wp-json\/wp\/v2\/posts"}],"about":[{"href":"https:\/\/institutosantosdumont.org.br\/es\/wp-json\/wp\/v2\/types\/post"}],"author":[{"embeddable":true,"href":"https:\/\/institutosantosdumont.org.br\/es\/wp-json\/wp\/v2\/users\/6"}],"replies":[{"embeddable":true,"href":"https:\/\/institutosantosdumont.org.br\/es\/wp-json\/wp\/v2\/comments?post=11904"}],"version-history":[{"count":0,"href":"https:\/\/institutosantosdumont.org.br\/es\/wp-json\/wp\/v2\/posts\/11904\/revisions"}],"wp:featuredmedia":[{"embeddable":true,"href":"https:\/\/institutosantosdumont.org.br\/es\/wp-json\/wp\/v2\/media\/11908"}],"wp:attachment":[{"href":"https:\/\/institutosantosdumont.org.br\/es\/wp-json\/wp\/v2\/media?parent=11904"}],"wp:term":[{"taxonomy":"category","embeddable":true,"href":"https:\/\/institutosantosdumont.org.br\/es\/wp-json\/wp\/v2\/categories?post=11904"},{"taxonomy":"post_tag","embeddable":true,"href":"https:\/\/institutosantosdumont.org.br\/es\/wp-json\/wp\/v2\/tags?post=11904"}],"curies":[{"name":"wp","href":"https:\/\/api.w.org\/{rel}","templated":true}]}}