{"id":12601,"date":"2017-11-17T17:08:21","date_gmt":"2017-11-17T19:08:21","guid":{"rendered":"http:\/\/www.institutosantosdumont.org.br\/?p=12601"},"modified":"2018-02-27T16:56:13","modified_gmt":"2018-02-27T19:56:13","slug":"iinels-masters-degree-neuroengineering-registrations","status":"publish","type":"post","link":"https:\/\/institutosantosdumont.org.br\/es\/iinels-masters-degree-neuroengineering-registrations\/","title":{"rendered":"Maestr\u00eda en Neuroingenier\u00eda del IIN-ELS recibe inscripciones hasta el 14 de enero de 2018"},"content":{"rendered":"<div data-elementor-type=\"wp-post\" data-elementor-id=\"12601\" class=\"elementor elementor-12601 elementor-bc-flex-widget\" data-elementor-post-type=\"post\">\n\t\t\t\t\t\t<section class=\"elementor-section elementor-top-section elementor-element elementor-element-qxwfwbz elementor-section-boxed elementor-section-height-default elementor-section-height-default\" data-id=\"qxwfwbz\" data-element_type=\"section\">\n\t\t\t\t\t\t<div class=\"elementor-container elementor-column-gap-default\">\n\t\t\t\t\t<div class=\"elementor-column elementor-col-100 elementor-top-column elementor-element elementor-element-tdzkwsd\" data-id=\"tdzkwsd\" data-element_type=\"column\">\n\t\t\t<div class=\"elementor-widget-wrap elementor-element-populated\">\n\t\t\t\t\t\t<div class=\"elementor-element elementor-element-viypbiw elementor-widget elementor-widget-text-editor\" data-id=\"viypbiw\" data-element_type=\"widget\" data-widget_type=\"text-editor.default\">\n\t\t\t\t<div class=\"elementor-widget-container\">\n\t\t\t\t\t\t\t\t\t<p>La convocatoria p\u00fablica para la Maestr\u00eda en Neuroingenier\u00eda del Instituto Internacional de Neurociencias Edmond y Lily Safra (abreviatura portuguesa: IIN-ELS) recibe solicitudes de candidatos hasta el 14 de enero de 2018. Este curso est\u00e1 relacionado con el campo de la Ingenier\u00eda Biom\u00e9dica y est\u00e1 destinado para egresados \u200b\u200bde Biolog\u00eda, Medicina, Psicolog\u00eda e Ingenier\u00eda. Los interesados \u200b\u200ben profundizar conocimientos en el \u00e1rea de Neuroingenier\u00eda asistir\u00e1n a clases en el IIN-ELS, unidad del Instituto Santos Dumont (abreviatura portuguesa: ISD) ubicada en Maca\u00edba, ciudad ubicada en la regi\u00f3n Nordeste de Brasil.<\/p><p>El Programa de Posgrado (PPG) del IIN-ELS ofrece la primera maestr\u00eda brasile\u00f1a en Neuroingenier\u00eda autorizada por la Coordinaci\u00f3n de Perfeccionamiento del Personal de Educaci\u00f3n Superior (abreviatura portuguesa: CAPES).<\/p><p>La neuroingenier\u00eda es un campo de investigaci\u00f3n interdisciplinaria que combina m\u00e9todos de neurociencia e ingenier\u00eda para estudiar el funcionamiento del sistema nervioso y desarrollar soluciones a las limitaciones y disfunciones asociadas al mismo. El PPG en Neuroingenier\u00eda del IIN-ELS tiene dos l\u00edneas de investigaci\u00f3n: Interfaz Cerebro-M\u00e1quina y Neuromodulaci\u00f3n.<\/p><p>Informaci\u00f3n sobre la maestr\u00eda y detalles sobre la estructura curricular se pueden encontrar en la p\u00e1gina del IIN-ELS (en portugu\u00e9s): <a href=\"https:\/\/institutosantosdumont.org.br\/es\/pos-graduacao-neuroengenharia\/\" target=\"_blank\" rel=\"noopener noreferrer\"><strong>https:\/\/institutosantosdumont.org.br\/pos-graduacao-neuroengenharia\/<\/strong><\/a><\/p><p>Accede al reglamento interno <a href=\"https:\/\/drive.google.com\/drive\/folders\/1jboMSACJZuUBiLhlk0rzbHfmU2xmQ1YA\" target=\"_blank\" rel=\"noopener noreferrer\"><strong>AQU\u00cd<\/strong><\/a>.<\/p>\t\t\t\t\t\t\t\t<\/div>\n\t\t\t\t<\/div>\n\t\t\t\t<div class=\"elementor-element elementor-element-izkfhtr elementor-widget elementor-widget-spacer\" data-id=\"izkfhtr\" data-element_type=\"widget\" data-widget_type=\"spacer.default\">\n\t\t\t\t<div class=\"elementor-widget-container\">\n\t\t\t\t\t\t\t<div class=\"elementor-spacer\">\n\t\t\t<div class=\"elementor-spacer-inner\"><\/div>\n\t\t<\/div>\n\t\t\t\t\t\t<\/div>\n\t\t\t\t<\/div>\n\t\t\t\t<div class=\"elementor-element elementor-element-vbehwdb elementor-widget elementor-widget-text-editor\" data-id=\"vbehwdb\" data-element_type=\"widget\" data-widget_type=\"text-editor.default\">\n\t\t\t\t<div class=\"elementor-widget-container\">\n\t\t\t\t\t\t\t\t\t<h3 style=\"text-align: left;\">Cronograma y etapas del proceso de selecci\u00f3n 1er Semestre \u2013 Maestr\u00eda en Neuroingenier\u00eda:<\/h3>\t\t\t\t\t\t\t\t<\/div>\n\t\t\t\t<\/div>\n\t\t\t\t<div class=\"elementor-element elementor-element-glpesvb elementor-widget elementor-widget-spacer\" data-id=\"glpesvb\" data-element_type=\"widget\" data-widget_type=\"spacer.default\">\n\t\t\t\t<div class=\"elementor-widget-container\">\n\t\t\t\t\t\t\t<div class=\"elementor-spacer\">\n\t\t\t<div class=\"elementor-spacer-inner\"><\/div>\n\t\t<\/div>\n\t\t\t\t\t\t<\/div>\n\t\t\t\t<\/div>\n\t\t\t\t<div class=\"elementor-element elementor-element-qqeeclv elementor-icon-list--layout-traditional elementor-list-item-link-full_width elementor-widget elementor-widget-icon-list\" data-id=\"qqeeclv\" data-element_type=\"widget\" data-widget_type=\"icon-list.default\">\n\t\t\t\t<div class=\"elementor-widget-container\">\n\t\t\t\t\t\t\t<ul class=\"elementor-icon-list-items\">\n\t\t\t\t\t\t\t<li class=\"elementor-icon-list-item\">\n\t\t\t\t\t\t\t\t\t\t\t<span class=\"elementor-icon-list-icon\">\n\t\t\t\t\t\t\t\t\t\t\t\t\t\t\t\t<i class=\"fa fa-check\" aria-hidden=\"true\"><\/i>\n\t\t\t\t\t\t\t\t\t\t\t\t\t<\/span>\n\t\t\t\t\t\t\t\t\t\t<span class=\"elementor-icon-list-text\">I - Inscripci\u00f3n: 17\/11\/17 - 14\/01\/18;<\/span>\n\t\t\t\t\t\t\t\t\t<\/li>\n\t\t\t\t\t\t\t\t<li class=\"elementor-icon-list-item\">\n\t\t\t\t\t\t\t\t\t\t\t<span class=\"elementor-icon-list-icon\">\n\t\t\t\t\t\t\t\t\t\t\t\t\t\t\t\t<i class=\"fa fa-check\" aria-hidden=\"true\"><\/i>\n\t\t\t\t\t\t\t\t\t\t\t\t\t<\/span>\n\t\t\t\t\t\t\t\t\t\t<span class=\"elementor-icon-list-text\"> II - Evaluaci\u00f3n de documentos: 15\/01\/18 - 17\/01\/18;<\/span>\n\t\t\t\t\t\t\t\t\t<\/li>\n\t\t\t\t\t\t\t\t<li class=\"elementor-icon-list-item\">\n\t\t\t\t\t\t\t\t\t\t\t<span class=\"elementor-icon-list-icon\">\n\t\t\t\t\t\t\t\t\t\t\t\t\t\t\t\t<i class=\"fa fa-check\" aria-hidden=\"true\"><\/i>\n\t\t\t\t\t\t\t\t\t\t\t\t\t<\/span>\n\t\t\t\t\t\t\t\t\t\t<span class=\"elementor-icon-list-text\"> III - Difusi\u00f3n de los resultados de la primera etapa y programaci\u00f3n de entrevistas: 17\/01\/18;<\/span>\n\t\t\t\t\t\t\t\t\t<\/li>\n\t\t\t\t\t\t\t\t<li class=\"elementor-icon-list-item\">\n\t\t\t\t\t\t\t\t\t\t\t<span class=\"elementor-icon-list-icon\">\n\t\t\t\t\t\t\t\t\t\t\t\t\t\t\t\t<i class=\"fa fa-check\" aria-hidden=\"true\"><\/i>\n\t\t\t\t\t\t\t\t\t\t\t\t\t<\/span>\n\t\t\t\t\t\t\t\t\t\t<span class=\"elementor-icon-list-text\"> IV - Entrevistas con los aprobados en la primera etapa: 18\/01\/18 - 19\/01\/18;<\/span>\n\t\t\t\t\t\t\t\t\t<\/li>\n\t\t\t\t\t\t\t\t<li class=\"elementor-icon-list-item\">\n\t\t\t\t\t\t\t\t\t\t\t<span class=\"elementor-icon-list-icon\">\n\t\t\t\t\t\t\t\t\t\t\t\t\t\t\t\t<i class=\"fa fa-check\" aria-hidden=\"true\"><\/i>\n\t\t\t\t\t\t\t\t\t\t\t\t\t<\/span>\n\t\t\t\t\t\t\t\t\t\t<span class=\"elementor-icon-list-text\"> V - Difusi\u00f3n de resultados: 22\/01\/18;<\/span>\n\t\t\t\t\t\t\t\t\t<\/li>\n\t\t\t\t\t\t\t\t<li class=\"elementor-icon-list-item\">\n\t\t\t\t\t\t\t\t\t\t\t<span class=\"elementor-icon-list-icon\">\n\t\t\t\t\t\t\t\t\t\t\t\t\t\t\t\t<i class=\"fa fa-check\" aria-hidden=\"true\"><\/i>\n\t\t\t\t\t\t\t\t\t\t\t\t\t<\/span>\n\t\t\t\t\t\t\t\t\t\t<span class=\"elementor-icon-list-text\"> VI - Inscripci\u00f3n (v\u00eda correo electr\u00f3nico): 22\/01\/18 - 26\/01\/18;<\/span>\n\t\t\t\t\t\t\t\t\t<\/li>\n\t\t\t\t\t\t\t\t<li class=\"elementor-icon-list-item\">\n\t\t\t\t\t\t\t\t\t\t\t<span class=\"elementor-icon-list-icon\">\n\t\t\t\t\t\t\t\t\t\t\t\t\t\t\t\t<i class=\"fa fa-check\" aria-hidden=\"true\"><\/i>\n\t\t\t\t\t\t\t\t\t\t\t\t\t<\/span>\n\t\t\t\t\t\t\t\t\t\t<span class=\"elementor-icon-list-text\"> VII - Inscripci\u00f3n en el Programa (presencial): 05\/03\/18 - 09\/03\/18;<\/span>\n\t\t\t\t\t\t\t\t\t<\/li>\n\t\t\t\t\t\t\t\t<li class=\"elementor-icon-list-item\">\n\t\t\t\t\t\t\t\t\t\t\t<span class=\"elementor-icon-list-icon\">\n\t\t\t\t\t\t\t\t\t\t\t\t\t\t\t\t<i class=\"fa fa-check\" aria-hidden=\"true\"><\/i>\n\t\t\t\t\t\t\t\t\t\t\t\t\t<\/span>\n\t\t\t\t\t\t\t\t\t\t<span class=\"elementor-icon-list-text\"> VIII - Inicio de clases: 05\/03\/18.<\/span>\n\t\t\t\t\t\t\t\t\t<\/li>\n\t\t\t\t\t\t<\/ul>\n\t\t\t\t\t\t<\/div>\n\t\t\t\t<\/div>\n\t\t\t\t<div class=\"elementor-element elementor-element-oltvtlw elementor-widget-divider--view-line elementor-widget elementor-widget-divider\" data-id=\"oltvtlw\" data-element_type=\"widget\" data-widget_type=\"divider.default\">\n\t\t\t\t<div class=\"elementor-widget-container\">\n\t\t\t\t\t\t\t<div class=\"elementor-divider\">\n\t\t\t<span class=\"elementor-divider-separator\">\n\t\t\t\t\t\t<\/span>\n\t\t<\/div>\n\t\t\t\t\t\t<\/div>\n\t\t\t\t<\/div>\n\t\t\t\t<div class=\"elementor-element elementor-element-rckgzbz elementor-widget elementor-widget-spacer\" data-id=\"rckgzbz\" data-element_type=\"widget\" data-widget_type=\"spacer.default\">\n\t\t\t\t<div class=\"elementor-widget-container\">\n\t\t\t\t\t\t\t<div class=\"elementor-spacer\">\n\t\t\t<div class=\"elementor-spacer-inner\"><\/div>\n\t\t<\/div>\n\t\t\t\t\t\t<\/div>\n\t\t\t\t<\/div>\n\t\t\t\t<section class=\"elementor-section elementor-inner-section elementor-element elementor-element-jxbhrtf elementor-section-boxed elementor-section-height-default elementor-section-height-default\" data-id=\"jxbhrtf\" data-element_type=\"section\">\n\t\t\t\t\t\t<div class=\"elementor-container elementor-column-gap-default\">\n\t\t\t\t\t<div class=\"elementor-column elementor-col-50 elementor-inner-column elementor-element elementor-element-ycitlqr\" data-id=\"ycitlqr\" data-element_type=\"column\">\n\t\t\t<div class=\"elementor-widget-wrap elementor-element-populated\">\n\t\t\t\t\t\t<div class=\"elementor-element elementor-element-okfjjub elementor-view-default elementor-widget elementor-widget-icon\" data-id=\"okfjjub\" data-element_type=\"widget\" data-widget_type=\"icon.default\">\n\t\t\t\t<div class=\"elementor-widget-container\">\n\t\t\t\t\t\t\t<div class=\"elementor-icon-wrapper\">\n\t\t\t<div class=\"elementor-icon\">\n\t\t\t\t\t\t\t<i class=\"fa fa-pencil-square-o\" aria-hidden=\"true\"><\/i>\n\t\t\t\t\t\t<\/div>\n\t\t<\/div>\n\t\t\t\t\t\t<\/div>\n\t\t\t\t<\/div>\n\t\t\t\t<div class=\"elementor-element elementor-element-vrcnxqj elementor-widget elementor-widget-text-editor\" data-id=\"vrcnxqj\" data-element_type=\"widget\" data-widget_type=\"text-editor.default\">\n\t\t\t\t<div class=\"elementor-widget-container\">\n\t\t\t\t\t\t\t\t\t<p><strong>Por:<\/strong>\u00a0Ariane Mondo \/ Ascom \u2013 ISD<\/p><p><strong>Foto:<\/strong>\u00a0Luiz Paulo Juttel \/ Ascom \u2013 ISD<\/p>\t\t\t\t\t\t\t\t<\/div>\n\t\t\t\t<\/div>\n\t\t\t\t<div class=\"elementor-element elementor-element-ydlxuvv elementor-widget elementor-widget-text-editor\" data-id=\"ydlxuvv\" data-element_type=\"widget\" data-widget_type=\"text-editor.default\">\n\t\t\t\t<div class=\"elementor-widget-container\">\n\t\t\t\t\t\t\t\t\t<p><strong>Departamento de Comunicaci\u00f3n\u00a0<\/strong><br \/>comunicacao@isd.org.br<br \/>(84) 99416-1880<\/p>\t\t\t\t\t\t\t\t<\/div>\n\t\t\t\t<\/div>\n\t\t\t\t\t<\/div>\n\t\t<\/div>\n\t\t\t\t<div class=\"elementor-column elementor-col-50 elementor-inner-column elementor-element elementor-element-qtbzghx\" data-id=\"qtbzghx\" data-element_type=\"column\" data-settings=\"{&quot;background_background&quot;:&quot;classic&quot;}\">\n\t\t\t<div class=\"elementor-widget-wrap elementor-element-populated\">\n\t\t\t\t\t\t<div class=\"elementor-element elementor-element-hklbwaz elementor-widget elementor-widget-text-editor\" data-id=\"hklbwaz\" data-element_type=\"widget\" data-widget_type=\"text-editor.default\">\n\t\t\t\t<div class=\"elementor-widget-container\">\n\t\t\t\t\t\t\t\t\t<h3><span style=\"color: #ffffff;\"><strong>Instituto Santos Dumont<\/strong><\/span><\/h3><p><span style=\"color: #ffffff;\">Una organizaci\u00f3n privada y sin fines de lucro bajo la supervisi\u00f3n del Ministerio de Educaci\u00f3n de Brasil (MEC) que persigue la misi\u00f3n de promover la educaci\u00f3n para la vida, formar ciudadanos a trav\u00e9s de acciones integradas de ense\u00f1anza, investigaci\u00f3n y extensi\u00f3n y contribuir a un cambio m\u00e1s justo y humano en el mundo. Realidad social brasile\u00f1a. <\/span><\/p>\t\t\t\t\t\t\t\t<\/div>\n\t\t\t\t<\/div>\n\t\t\t\t\t<\/div>\n\t\t<\/div>\n\t\t\t\t\t<\/div>\n\t\t<\/section>\n\t\t\t\t\t<\/div>\n\t\t<\/div>\n\t\t\t\t\t<\/div>\n\t\t<\/section>\n\t\t\t\t<\/div>","protected":false},"excerpt":{"rendered":"<p>El Programa de Maestr\u00eda del IIN-ELS est\u00e1 asociado al campo de la Ingenier\u00eda Biom\u00e9dica y dise\u00f1ado para egresados de las \u00e1reas de Salud, Biolog\u00eda e Ingenier\u00eda.<\/p>","protected":false},"author":6,"featured_media":12395,"comment_status":"open","ping_status":"open","sticky":false,"template":"","format":"standard","meta":{"_acf_changed":false,"footnotes":""},"categories":[311,28,321,319],"tags":[],"class_list":["post-12601","post","type-post","status-publish","format-standard","has-post-thumbnail","hentry","category-education","category-sem-categoria-en","category-neuroengineering","category-neurosciences"],"acf":[],"_links":{"self":[{"href":"https:\/\/institutosantosdumont.org.br\/es\/wp-json\/wp\/v2\/posts\/12601","targetHints":{"allow":["GET"]}}],"collection":[{"href":"https:\/\/institutosantosdumont.org.br\/es\/wp-json\/wp\/v2\/posts"}],"about":[{"href":"https:\/\/institutosantosdumont.org.br\/es\/wp-json\/wp\/v2\/types\/post"}],"author":[{"embeddable":true,"href":"https:\/\/institutosantosdumont.org.br\/es\/wp-json\/wp\/v2\/users\/6"}],"replies":[{"embeddable":true,"href":"https:\/\/institutosantosdumont.org.br\/es\/wp-json\/wp\/v2\/comments?post=12601"}],"version-history":[{"count":0,"href":"https:\/\/institutosantosdumont.org.br\/es\/wp-json\/wp\/v2\/posts\/12601\/revisions"}],"wp:featuredmedia":[{"embeddable":true,"href":"https:\/\/institutosantosdumont.org.br\/es\/wp-json\/wp\/v2\/media\/12395"}],"wp:attachment":[{"href":"https:\/\/institutosantosdumont.org.br\/es\/wp-json\/wp\/v2\/media?parent=12601"}],"wp:term":[{"taxonomy":"category","embeddable":true,"href":"https:\/\/institutosantosdumont.org.br\/es\/wp-json\/wp\/v2\/categories?post=12601"},{"taxonomy":"post_tag","embeddable":true,"href":"https:\/\/institutosantosdumont.org.br\/es\/wp-json\/wp\/v2\/tags?post=12601"}],"curies":[{"name":"wp","href":"https:\/\/api.w.org\/{rel}","templated":true}]}}