{"id":14632,"date":"2018-08-21T13:01:10","date_gmt":"2018-08-21T16:01:10","guid":{"rendered":"http:\/\/www.institutosantosdumont.org.br\/?p=14632"},"modified":"2019-01-09T17:02:27","modified_gmt":"2019-01-09T19:02:27","slug":"barriguda-project-tufh-2018","status":"publish","type":"post","link":"https:\/\/institutosantosdumont.org.br\/es\/barriguda-project-tufh-2018\/","title":{"rendered":"Proyecto Barriguda gana audiencia internacional durante evento en Irlanda"},"content":{"rendered":"<div data-elementor-type=\"wp-post\" data-elementor-id=\"14632\" class=\"elementor elementor-14632 elementor-bc-flex-widget\" data-elementor-post-type=\"post\">\n\t\t\t\t\t\t<section class=\"elementor-section elementor-top-section elementor-element elementor-element-znfavoj elementor-section-boxed elementor-section-height-default elementor-section-height-default\" data-id=\"znfavoj\" data-element_type=\"section\">\n\t\t\t\t\t\t<div class=\"elementor-container elementor-column-gap-default\">\n\t\t\t\t\t<div class=\"elementor-column elementor-col-100 elementor-top-column elementor-element elementor-element-lnrkcfl\" data-id=\"lnrkcfl\" data-element_type=\"column\">\n\t\t\t<div class=\"elementor-widget-wrap elementor-element-populated\">\n\t\t\t\t\t\t<div class=\"elementor-element elementor-element-kiu1cer elementor-widget elementor-widget-text-editor\" data-id=\"kiu1cer\" data-element_type=\"widget\" data-widget_type=\"text-editor.default\">\n\t\t\t\t<div class=\"elementor-widget-container\">\n\t\t\t\t\t\t\t\t\t<p>El 18 de agosto de 2018,\u00a0<strong>Reginaldo Freitas J\u00fanior<\/strong>, Director General del Instituto Santos Dumont (ISD), y\u00a0<strong>carolina damasio<\/strong>, preceptor y m\u00e9dico del ISD, recibi\u00f3, en Limerick (Irlanda), el premio del \u201c<strong>Proyectos que funcionan<\/strong>\u201d concurso, promovido por la\u00a0<a href=\"https:\/\/www.faimer.org\/\" target=\"_blank\" rel=\"noopener noreferrer\"><strong>Fundaci\u00f3n para el Avance de la Educaci\u00f3n e Investigaci\u00f3n M\u00e9dica Internacional (Faimer)<\/strong><\/a>, instituci\u00f3n internacional comprometida con la mejora de la salud mundial a trav\u00e9s de la educaci\u00f3n. La entrega de premios tuvo lugar durante el Congreso\u00a0<a href=\"https:\/\/thenetworktufh.org\/\" target=\"_blank\" rel=\"noopener noreferrer\"><strong>La Red: Hacia la Unidad por la Salud (TUFH)<\/strong><\/a>. Los otros proyectos premiados de este a\u00f1o son:\u00a0<strong>Shantharam Baliga<\/strong>\u00a0(India),\u00a0<strong>Maryellen Brisbois<\/strong>\u00a0(Estados Unidos) y\u00a0<strong>Mar\u00eda de la Paz Grebe<\/strong>\u00a0(Argentina).<\/p><p>Adem\u00e1s, la presentaci\u00f3n realizada durante el evento \u2013 Promoci\u00f3n de la Salud Materna en una Comunidad Quilombola \u2013 fue premiada como la mejor presentaci\u00f3n de p\u00f3ster de TUFH 2018.\u00a0<\/p><p>El equipo multiprofesional que desarroll\u00f3 la presentaci\u00f3n est\u00e1 formado por:\u00a0<strong>Alexandra Cassiano<\/strong>,\u00a0<strong>Ana Karla Freitas<\/strong>,\u00a0<strong>Carolina Barreto<\/strong>,\u00a0<strong>carolina damasio<\/strong>,\u00a0<strong>Jorge Azevedo<\/strong>,\u00a0<strong>lilian lisboa<\/strong>,\u00a0<strong>Reginaldo Freitas J\u00fanior<\/strong>\u00a0y\u00a0<strong>Samara Maia<\/strong>.<\/p>\t\t\t\t\t\t\t\t<\/div>\n\t\t\t\t<\/div>\n\t\t\t\t<div class=\"elementor-element elementor-element-yltm7qy elementor-widget elementor-widget-html\" data-id=\"yltm7qy\" data-element_type=\"widget\" data-widget_type=\"html.default\">\n\t\t\t\t<div class=\"elementor-widget-container\">\n\t\t\t\t\t<iframe src=\"https:\/\/www.facebook.com\/plugins\/video.php?href=https%3A%2F%2Fwww.facebook.com%2FISDnarede%2Fvideos%2F2148038461976585%2F&show_text=0&width=560\" width=\"560\" height=\"317\" style=\"border:none;overflow:hidden\" scrolling=\"no\" frameborder=\"0\" allowtransparency=\"true\" allowfullscreen=\"true\"><\/iframe>\t\t\t\t<\/div>\n\t\t\t\t<\/div>\n\t\t\t\t<div class=\"elementor-element elementor-element-hm8q7bn elementor-widget elementor-widget-spacer\" data-id=\"hm8q7bn\" data-element_type=\"widget\" data-widget_type=\"spacer.default\">\n\t\t\t\t<div class=\"elementor-widget-container\">\n\t\t\t\t\t\t\t<div class=\"elementor-spacer\">\n\t\t\t<div class=\"elementor-spacer-inner\"><\/div>\n\t\t<\/div>\n\t\t\t\t\t\t<\/div>\n\t\t\t\t<\/div>\n\t\t\t\t<div class=\"elementor-element elementor-element-qyj004h elementor-widget elementor-widget-text-editor\" data-id=\"qyj004h\" data-element_type=\"widget\" data-widget_type=\"text-editor.default\">\n\t\t\t\t<div class=\"elementor-widget-container\">\n\t\t\t\t\t\t\t\t\t<h3><strong>Sobre el Proyecto Barriguda<\/strong><\/h3><p>\u00a0<\/p><p>En 2015, ISD inici\u00f3 el proyecto Barriguda, a trav\u00e9s de la\u00a0<strong>Centro Anita Garibaldi de Educaci\u00f3n e Investigaci\u00f3n en Salud (CEPS)<\/strong>, en la comunidad Capoeiras Quilombola, ubicada en Maca\u00edba (Noreste brasile\u00f1o). Desde 2016 tiene interfaz directa con la Universidad Federal de Rio Grande do Norte (UFRN), a trav\u00e9s del m\u00f3dulo electivo para cursos de pregrado en salud con la materia <strong>\u201cCompetencia cultural en la atenci\u00f3n de la salud de las mujeres quilombolas\u201d<\/strong>. Actualmente Barriguda es tambi\u00e9n un proyecto de extensi\u00f3n de la UFRN.<\/p><p>Para obtener m\u00e1s informaci\u00f3n, visite:<\/p><p><a href=\"https:\/\/institutosantosdumont.org.br\/en\/barriguda-project\/\" target=\"_blank\" rel=\"noopener noreferrer\"><strong>https:\/\/institutosantosdumont.org.br\/en\/barriguda-project\/<\/strong><\/a><\/p><p>\u00a0<\/p>\t\t\t\t\t\t\t\t<\/div>\n\t\t\t\t<\/div>\n\t\t\t\t<section class=\"elementor-section elementor-inner-section elementor-element elementor-element-y1dpj6d elementor-section-boxed elementor-section-height-default elementor-section-height-default\" data-id=\"y1dpj6d\" data-element_type=\"section\">\n\t\t\t\t\t\t<div class=\"elementor-container elementor-column-gap-default\">\n\t\t\t\t\t<div class=\"elementor-column elementor-col-33 elementor-inner-column elementor-element elementor-element-yi63cx2\" data-id=\"yi63cx2\" data-element_type=\"column\">\n\t\t\t<div class=\"elementor-widget-wrap\">\n\t\t\t\t\t\t\t<\/div>\n\t\t<\/div>\n\t\t\t\t<div class=\"elementor-column elementor-col-33 elementor-inner-column elementor-element elementor-element-5dwlm3q\" data-id=\"5dwlm3q\" data-element_type=\"column\">\n\t\t\t<div class=\"elementor-widget-wrap elementor-element-populated\">\n\t\t\t\t\t\t<div class=\"elementor-element elementor-element-5eopph6 elementor-widget elementor-widget-image\" data-id=\"5eopph6\" data-element_type=\"widget\" data-widget_type=\"image.default\">\n\t\t\t\t<div class=\"elementor-widget-container\">\n\t\t\t\t\t\t\t\t\t\t\t\t<figure class=\"wp-caption\">\n\t\t\t\t\t\t\t\t\t\t\t<a href=\"https:\/\/institutosantosdumont.org.br\/wp-content\/uploads\/2018\/08\/premiados.jpg\" data-elementor-open-lightbox=\"yes\" data-elementor-lightbox-title=\"premiados\" data-e-action-hash=\"#elementor-action%3Aaction%3Dlightbox%26settings%3DeyJpZCI6MTQzNjksInVybCI6Imh0dHBzOlwvXC9pbnN0aXR1dG9zYW50b3NkdW1vbnQub3JnLmJyXC93cC1jb250ZW50XC91cGxvYWRzXC8yMDE4XC8wOFwvcHJlbWlhZG9zLmpwZyJ9\">\n\t\t\t\t\t\t\t<img fetchpriority=\"high\" decoding=\"async\" width=\"800\" height=\"599\" src=\"https:\/\/institutosantosdumont.org.br\/wp-content\/uploads\/2018\/08\/premiados-1024x767.jpg\" class=\"attachment-large size-large wp-image-14369\" alt=\"\" srcset=\"https:\/\/institutosantosdumont.org.br\/wp-content\/uploads\/2018\/08\/premiados.jpg 1024w, https:\/\/institutosantosdumont.org.br\/wp-content\/uploads\/2018\/08\/premiados-300x225.jpg 300w, https:\/\/institutosantosdumont.org.br\/wp-content\/uploads\/2018\/08\/premiados-768x575.jpg 768w\" sizes=\"(max-width: 800px) 100vw, 800px\" \/>\t\t\t\t\t\t\t\t<\/a>\n\t\t\t\t\t\t\t\t\t\t\t<figcaption class=\"widget-image-caption wp-caption-text\">Los proyectos premiados en el concurso \u201cProyectos que funcionan\u201d 2018 provienen de Brasil, India, Estados Unidos y Argentina.<\/figcaption>\n\t\t\t\t\t\t\t\t\t\t<\/figure>\n\t\t\t\t\t\t\t\t\t<\/div>\n\t\t\t\t<\/div>\n\t\t\t\t\t<\/div>\n\t\t<\/div>\n\t\t\t\t<div class=\"elementor-column elementor-col-33 elementor-inner-column elementor-element elementor-element-nb1lyz5\" data-id=\"nb1lyz5\" data-element_type=\"column\">\n\t\t\t<div class=\"elementor-widget-wrap\">\n\t\t\t\t\t\t\t<\/div>\n\t\t<\/div>\n\t\t\t\t\t<\/div>\n\t\t<\/section>\n\t\t\t\t<div class=\"elementor-element elementor-element-6zkoruw elementor-widget elementor-widget-spacer\" data-id=\"6zkoruw\" data-element_type=\"widget\" data-widget_type=\"spacer.default\">\n\t\t\t\t<div class=\"elementor-widget-container\">\n\t\t\t\t\t\t\t<div class=\"elementor-spacer\">\n\t\t\t<div class=\"elementor-spacer-inner\"><\/div>\n\t\t<\/div>\n\t\t\t\t\t\t<\/div>\n\t\t\t\t<\/div>\n\t\t\t\t<div class=\"elementor-element elementor-element-ghp28yc elementor-align-center elementor-widget elementor-widget-button\" data-id=\"ghp28yc\" data-element_type=\"widget\" data-widget_type=\"button.default\">\n\t\t\t\t<div class=\"elementor-widget-container\">\n\t\t\t\t\t\t\t\t\t<div class=\"elementor-button-wrapper\">\n\t\t\t\t\t<a class=\"elementor-button elementor-size-sm\" role=\"button\">\n\t\t\t\t\t\t<span class=\"elementor-button-content-wrapper\">\n\t\t\t\t\t\t<span class=\"elementor-button-icon\">\n\t\t\t\t\t\t\t\t\t<i class=\"fa fa-youtube-play\" aria-hidden=\"true\"><\/i>\n\t\t\t\t\t\t\t<\/span>\n\t\t\t\t\t\t\t\t\t<span class=\"elementor-button-text\">Conozca m\u00e1s sobre el proyecto en el video a continuaci\u00f3n.<\/span>\n\t\t\t\t\t<\/span>\n\t\t\t\t\t<\/a>\n\t\t\t\t<\/div>\n\t\t\t\t\t\t\t\t<\/div>\n\t\t\t\t<\/div>\n\t\t\t\t<div class=\"elementor-element elementor-element-0on5yjh elementor-widget elementor-widget-video\" data-id=\"0on5yjh\" data-element_type=\"widget\" data-settings=\"{&quot;youtube_url&quot;:&quot;https:\\\/\\\/youtu.be\\\/YsdWhlWXIfQ&quot;,&quot;video_type&quot;:&quot;youtube&quot;,&quot;controls&quot;:&quot;yes&quot;}\" data-widget_type=\"video.default\">\n\t\t\t\t<div class=\"elementor-widget-container\">\n\t\t\t\t\t\t\t<div class=\"elementor-wrapper elementor-open-inline\">\n\t\t\t<div class=\"elementor-video\"><\/div>\t\t<\/div>\n\t\t\t\t\t\t<\/div>\n\t\t\t\t<\/div>\n\t\t\t\t<div class=\"elementor-element elementor-element-vyl40k3 elementor-widget elementor-widget-spacer\" data-id=\"vyl40k3\" data-element_type=\"widget\" data-widget_type=\"spacer.default\">\n\t\t\t\t<div class=\"elementor-widget-container\">\n\t\t\t\t\t\t\t<div class=\"elementor-spacer\">\n\t\t\t<div class=\"elementor-spacer-inner\"><\/div>\n\t\t<\/div>\n\t\t\t\t\t\t<\/div>\n\t\t\t\t<\/div>\n\t\t\t\t<div class=\"elementor-element elementor-element-8wuauo2 elementor-button-warning elementor-align-center elementor-widget elementor-widget-button\" data-id=\"8wuauo2\" data-element_type=\"widget\" data-widget_type=\"button.default\">\n\t\t\t\t<div class=\"elementor-widget-container\">\n\t\t\t\t\t\t\t\t\t<div class=\"elementor-button-wrapper\">\n\t\t\t\t\t<a class=\"elementor-button elementor-button-link elementor-size-md\" href=\"https:\/\/institutosantosdumont.org.br\/es\/extensao\/barriguda-comunidade-quilombola\/\">\n\t\t\t\t\t\t<span class=\"elementor-button-content-wrapper\">\n\t\t\t\t\t\t\t\t\t<span class=\"elementor-button-text\">Tambi\u00e9n: Proyecto Barriguda en portugu\u00e9s<\/span>\n\t\t\t\t\t<\/span>\n\t\t\t\t\t<\/a>\n\t\t\t\t<\/div>\n\t\t\t\t\t\t\t\t<\/div>\n\t\t\t\t<\/div>\n\t\t\t\t<div class=\"elementor-element elementor-element-sv1xykx elementor-widget elementor-widget-spacer\" data-id=\"sv1xykx\" data-element_type=\"widget\" data-widget_type=\"spacer.default\">\n\t\t\t\t<div class=\"elementor-widget-container\">\n\t\t\t\t\t\t\t<div class=\"elementor-spacer\">\n\t\t\t<div class=\"elementor-spacer-inner\"><\/div>\n\t\t<\/div>\n\t\t\t\t\t\t<\/div>\n\t\t\t\t<\/div>\n\t\t\t\t<div class=\"elementor-element elementor-element-efimajx elementor-widget-divider--view-line elementor-widget elementor-widget-divider\" data-id=\"efimajx\" data-element_type=\"widget\" data-widget_type=\"divider.default\">\n\t\t\t\t<div class=\"elementor-widget-container\">\n\t\t\t\t\t\t\t<div class=\"elementor-divider\">\n\t\t\t<span class=\"elementor-divider-separator\">\n\t\t\t\t\t\t<\/span>\n\t\t<\/div>\n\t\t\t\t\t\t<\/div>\n\t\t\t\t<\/div>\n\t\t\t\t<div class=\"elementor-element elementor-element-esquibr elementor-widget elementor-widget-spacer\" data-id=\"esquibr\" data-element_type=\"widget\" data-widget_type=\"spacer.default\">\n\t\t\t\t<div class=\"elementor-widget-container\">\n\t\t\t\t\t\t\t<div class=\"elementor-spacer\">\n\t\t\t<div class=\"elementor-spacer-inner\"><\/div>\n\t\t<\/div>\n\t\t\t\t\t\t<\/div>\n\t\t\t\t<\/div>\n\t\t\t\t<section class=\"elementor-section elementor-inner-section elementor-element elementor-element-efnrjqs elementor-section-boxed elementor-section-height-default elementor-section-height-default\" data-id=\"efnrjqs\" data-element_type=\"section\">\n\t\t\t\t\t\t<div class=\"elementor-container elementor-column-gap-default\">\n\t\t\t\t\t<div class=\"elementor-column elementor-col-50 elementor-inner-column elementor-element elementor-element-gkxhjkv\" data-id=\"gkxhjkv\" data-element_type=\"column\">\n\t\t\t<div class=\"elementor-widget-wrap elementor-element-populated\">\n\t\t\t\t\t\t<div class=\"elementor-element elementor-element-zprqrso elementor-view-default elementor-widget elementor-widget-icon\" data-id=\"zprqrso\" data-element_type=\"widget\" data-widget_type=\"icon.default\">\n\t\t\t\t<div class=\"elementor-widget-container\">\n\t\t\t\t\t\t\t<div class=\"elementor-icon-wrapper\">\n\t\t\t<div class=\"elementor-icon\">\n\t\t\t\t\t\t\t<i class=\"fa fa-pencil-square-o\" aria-hidden=\"true\"><\/i>\n\t\t\t\t\t\t<\/div>\n\t\t<\/div>\n\t\t\t\t\t\t<\/div>\n\t\t\t\t<\/div>\n\t\t\t\t<div class=\"elementor-element elementor-element-oqupugm elementor-widget elementor-widget-text-editor\" data-id=\"oqupugm\" data-element_type=\"widget\" data-widget_type=\"text-editor.default\">\n\t\t\t\t<div class=\"elementor-widget-container\">\n\t\t\t\t\t\t\t\t\t<div data-id=\"rjpprlj\" data-element_type=\"text-editor.default\"><p><strong>Por:\u00a0<\/strong>\u00a0Ariane Mondo \/ Ascom \u2013 ISD<\/p><p><strong>Fotos:<\/strong>\u00a0\u00a0Archivo del ISD<\/p><\/div>\t\t\t\t\t\t\t\t<\/div>\n\t\t\t\t<\/div>\n\t\t\t\t<div class=\"elementor-element elementor-element-belbjgw elementor-widget elementor-widget-text-editor\" data-id=\"belbjgw\" data-element_type=\"widget\" data-widget_type=\"text-editor.default\">\n\t\t\t\t<div class=\"elementor-widget-container\">\n\t\t\t\t\t\t\t\t\t<p><strong>Asesor\u00eda en comunicaci\u00f3n<\/strong><br \/> comunicacao@isd.org.br<br \/>+55 (84) 99416-1880<\/p>\t\t\t\t\t\t\t\t<\/div>\n\t\t\t\t<\/div>\n\t\t\t\t\t<\/div>\n\t\t<\/div>\n\t\t\t\t<div class=\"elementor-column elementor-col-50 elementor-inner-column elementor-element elementor-element-prsazdj\" data-id=\"prsazdj\" data-element_type=\"column\" data-settings=\"{&quot;background_background&quot;:&quot;classic&quot;}\">\n\t\t\t<div class=\"elementor-widget-wrap elementor-element-populated\">\n\t\t\t\t\t\t<div class=\"elementor-element elementor-element-pudvljt elementor-widget elementor-widget-text-editor\" data-id=\"pudvljt\" data-element_type=\"widget\" data-widget_type=\"text-editor.default\">\n\t\t\t\t<div class=\"elementor-widget-container\">\n\t\t\t\t\t\t\t\t\t<h3><span style=\"color: #ffffff;\"><strong>Instituto Santos Dumont<\/strong><\/span><\/h3><p><span style=\"color: #ffffff;\">Una organizaci\u00f3n privada y sin fines de lucro bajo la supervisi\u00f3n del Ministerio de Educaci\u00f3n de Brasil que tiene como misi\u00f3n promover la educaci\u00f3n para la vida, formar ciudadanos a trav\u00e9s de acciones integradas de ense\u00f1anza, investigaci\u00f3n y extensi\u00f3n y contribuir para un cambio m\u00e1s justo y humano en la realidad social brasile\u00f1a. .<\/span><\/p>\t\t\t\t\t\t\t\t<\/div>\n\t\t\t\t<\/div>\n\t\t\t\t\t<\/div>\n\t\t<\/div>\n\t\t\t\t\t<\/div>\n\t\t<\/section>\n\t\t\t\t\t<\/div>\n\t\t<\/div>\n\t\t\t\t\t<\/div>\n\t\t<\/section>\n\t\t\t\t<\/div>","protected":false},"excerpt":{"rendered":"<p>El proyecto fue premiado en un concurso internacional y recibi\u00f3 una certificaci\u00f3n como mejor p\u00f3ster durante la Conferencia The Network: Towards Unity for Health.<\/p>","protected":false},"author":6,"featured_media":14371,"comment_status":"open","ping_status":"open","sticky":false,"template":"","format":"standard","meta":{"_acf_changed":false,"footnotes":""},"categories":[313,261,28,319,323],"tags":[],"class_list":["post-14632","post","type-post","status-publish","format-standard","has-post-thumbnail","hentry","category-extension","category-health-education","category-sem-categoria-en","category-neurosciences","category-rehabilitation"],"acf":[],"_links":{"self":[{"href":"https:\/\/institutosantosdumont.org.br\/es\/wp-json\/wp\/v2\/posts\/14632","targetHints":{"allow":["GET"]}}],"collection":[{"href":"https:\/\/institutosantosdumont.org.br\/es\/wp-json\/wp\/v2\/posts"}],"about":[{"href":"https:\/\/institutosantosdumont.org.br\/es\/wp-json\/wp\/v2\/types\/post"}],"author":[{"embeddable":true,"href":"https:\/\/institutosantosdumont.org.br\/es\/wp-json\/wp\/v2\/users\/6"}],"replies":[{"embeddable":true,"href":"https:\/\/institutosantosdumont.org.br\/es\/wp-json\/wp\/v2\/comments?post=14632"}],"version-history":[{"count":0,"href":"https:\/\/institutosantosdumont.org.br\/es\/wp-json\/wp\/v2\/posts\/14632\/revisions"}],"wp:featuredmedia":[{"embeddable":true,"href":"https:\/\/institutosantosdumont.org.br\/es\/wp-json\/wp\/v2\/media\/14371"}],"wp:attachment":[{"href":"https:\/\/institutosantosdumont.org.br\/es\/wp-json\/wp\/v2\/media?parent=14632"}],"wp:term":[{"taxonomy":"category","embeddable":true,"href":"https:\/\/institutosantosdumont.org.br\/es\/wp-json\/wp\/v2\/categories?post=14632"},{"taxonomy":"post_tag","embeddable":true,"href":"https:\/\/institutosantosdumont.org.br\/es\/wp-json\/wp\/v2\/tags?post=14632"}],"curies":[{"name":"wp","href":"https:\/\/api.w.org\/{rel}","templated":true}]}}