{"id":14689,"date":"2018-10-08T15:37:13","date_gmt":"2018-10-08T18:37:13","guid":{"rendered":"http:\/\/www.institutosantosdumont.org.br\/?p=14689"},"modified":"2018-10-11T16:25:31","modified_gmt":"2018-10-11T19:25:31","slug":"programacao-isd-snct-2018","status":"publish","type":"post","link":"https:\/\/institutosantosdumont.org.br\/es\/programacao-isd-snct-2018\/","title":{"rendered":"Programaci\u00f3n \u2013 Instituto Santos Dumont en el SNCT 2018"},"content":{"rendered":"<div data-elementor-type=\"wp-post\" data-elementor-id=\"14689\" class=\"elementor elementor-14689 elementor-bc-flex-widget\" data-elementor-post-type=\"post\">\n\t\t\t\t\t\t<section class=\"elementor-section elementor-top-section elementor-element elementor-element-zozpkwh elementor-section-boxed elementor-section-height-default elementor-section-height-default\" data-id=\"zozpkwh\" data-element_type=\"section\">\n\t\t\t\t\t\t<div class=\"elementor-container elementor-column-gap-default\">\n\t\t\t\t\t<div class=\"elementor-column elementor-col-100 elementor-top-column elementor-element elementor-element-anmqinx\" data-id=\"anmqinx\" data-element_type=\"column\">\n\t\t\t<div class=\"elementor-widget-wrap elementor-element-populated\">\n\t\t\t\t\t\t<div class=\"elementor-element elementor-element-obnk3iz elementor-widget elementor-widget-text-editor\" data-id=\"obnk3iz\" data-element_type=\"widget\" data-widget_type=\"text-editor.default\">\n\t\t\t\t<div class=\"elementor-widget-container\">\n\t\t\t\t\t\t\t\t\t<p>EL <strong><a href=\"http:\/\/snct.mctic.gov.br\/semanact\/opencms\/index.html\" target=\"_blank\" rel=\"noopener noreferrer\">Semana Nacional de Ciencia y Tecnolog\u00eda (SNCT)<\/a><\/strong> Es una \u00e9poca del a\u00f1o en la que <strong>Instituto Santos Dumont (ISD)<\/strong> promueve diversas actividades de divulgaci\u00f3n y popularizaci\u00f3n de la ciencia con el principal objetivo de mostrar a la sociedad las acciones que se desarrollan en sus l\u00edneas de actuaci\u00f3n: investigaci\u00f3n en neurociencias y neuroingenier\u00eda y educaci\u00f3n para la salud.<\/p><p>Mirar <a href=\"https:\/\/institutosantosdumont.org.br\/es\/2017\/11\/29\/isd-acoes-snct-2017\/\" target=\"_blank\" rel=\"noopener noreferrer\"><strong>AQU\u00cd<\/strong> <\/a>Lea el art\u00edculo sobre las acciones de ISD en SNCT en 2017 y vea el video de c\u00f3mo se hizo a continuaci\u00f3n:\u00a0<\/p>\t\t\t\t\t\t\t\t<\/div>\n\t\t\t\t<\/div>\n\t\t\t\t<div class=\"elementor-element elementor-element-nkzvkqa elementor-widget elementor-widget-video\" data-id=\"nkzvkqa\" data-element_type=\"widget\" data-settings=\"{&quot;youtube_url&quot;:&quot;https:\\\/\\\/youtu.be\\\/64N0sQ4KrZo&quot;,&quot;video_type&quot;:&quot;youtube&quot;,&quot;controls&quot;:&quot;yes&quot;}\" data-widget_type=\"video.default\">\n\t\t\t\t<div class=\"elementor-widget-container\">\n\t\t\t\t\t\t\t<div class=\"elementor-wrapper elementor-open-inline\">\n\t\t\t<div class=\"elementor-video\"><\/div>\t\t<\/div>\n\t\t\t\t\t\t<\/div>\n\t\t\t\t<\/div>\n\t\t\t\t<div class=\"elementor-element elementor-element-5clebyi elementor-widget elementor-widget-spacer\" data-id=\"5clebyi\" data-element_type=\"widget\" data-widget_type=\"spacer.default\">\n\t\t\t\t<div class=\"elementor-widget-container\">\n\t\t\t\t\t\t\t<div class=\"elementor-spacer\">\n\t\t\t<div class=\"elementor-spacer-inner\"><\/div>\n\t\t<\/div>\n\t\t\t\t\t\t<\/div>\n\t\t\t\t<\/div>\n\t\t\t\t<div class=\"elementor-element elementor-element-otocmfv elementor-widget elementor-widget-text-editor\" data-id=\"otocmfv\" data-element_type=\"widget\" data-widget_type=\"text-editor.default\">\n\t\t\t\t<div class=\"elementor-widget-container\">\n\t\t\t\t\t\t\t\t\t<p>Este a\u00f1o, con el tema \u201c<strong>Ciencia para reducir las desigualdades<\/strong>El ISD ve una gran oportunidad para destacar los diversos proyectos que se desarrollan buscando la transformaci\u00f3n social, especialmente en la regi\u00f3n donde opera. Momentos de interacci\u00f3n como los del SNCT sirven para acercar el trabajo cient\u00edfico a la gente y animarla a conocer y participar en el trabajo que se realiza en Maca\u00edba (RN) <strong>Instituto Internacional de Neurociencias Edmond y Lily Safra (IIN-ELS)<\/strong> y por <strong>Centro de Educaci\u00f3n e Investigaci\u00f3n en Salud Anita Garibaldi (CEPS)<\/strong>, que en 2018 cumple 10 a\u00f1os de existencia.<\/p><p>Por tercer a\u00f1o consecutivo, el ISD realiza sus acciones durante el SNCT a trav\u00e9s de la convocatoria de apoyo a acciones de difusi\u00f3n y popularizaci\u00f3n de la ciencia\u00a0<a href=\"http:\/\/www.cnpq.br\/\" target=\"_blank\" rel=\"noopener noreferrer\"><strong>Consejo Nacional de Desarrollo Cient\u00edfico y Tecnol\u00f3gico (CNPq)<\/strong><\/a>.<\/p><p>A continuaci\u00f3n se presenta el cronograma de actividades que desarrollar\u00e1 el ISD entre el 15 y el 19 de octubre, en Rio Grande do Norte, en las ciudades de Maca\u00edba, Natal, Cear\u00e1-Mirim y Macao. Todas las personas interesadas est\u00e1n invitadas a participar en las acciones, que son gratuitas. S\u00edguenos en las redes sociales:<\/p><p><strong><a href=\"https:\/\/www.facebook.com\/ISDnarede\/\" target=\"_blank\" rel=\"noopener noreferrer\">Facebook<\/a> \/ <a href=\"https:\/\/www.instagram.com\/isdnarede\/\" target=\"_blank\" rel=\"noopener noreferrer\">Instagram<\/a> \/ <a href=\"https:\/\/www.twitter.com\/isdnarede\/\" target=\"_blank\" rel=\"noopener noreferrer\">Gorjeo<\/a><\/strong><\/p><p><strong>Preguntas y programaci\u00f3n de visitas: contato@isd.org.br<\/strong><\/p>\t\t\t\t\t\t\t\t<\/div>\n\t\t\t\t<\/div>\n\t\t\t\t<div class=\"elementor-element elementor-element-dgiescj elementor-tabs-view-horizontal elementor-widget elementor-widget-tabs\" data-id=\"dgiescj\" data-element_type=\"widget\" data-widget_type=\"tabs.default\">\n\t\t\t\t<div class=\"elementor-widget-container\">\n\t\t\t\t\t\t\t<div class=\"elementor-tabs\">\n\t\t\t<div class=\"elementor-tabs-wrapper\" role=\"tablist\" >\n\t\t\t\t\t\t\t\t\t<div id=\"elementor-tab-title-3561\" class=\"elementor-tab-title elementor-tab-desktop-title\" aria-selected=\"true\" data-tab=\"1\" role=\"tab\" tabindex=\"0\" aria-controls=\"elementor-tab-content-3561\" aria-expanded=\"false\">15\/10\/18 LUNES<\/div>\n\t\t\t\t\t\t\t\t\t<div id=\"elementor-tab-title-3562\" class=\"elementor-tab-title elementor-tab-desktop-title\" aria-selected=\"false\" data-tab=\"2\" role=\"tab\" tabindex=\"-1\" aria-controls=\"elementor-tab-content-3562\" aria-expanded=\"false\">16\/10\/18 MARTES<\/div>\n\t\t\t\t\t\t\t\t\t<div id=\"elementor-tab-title-3563\" class=\"elementor-tab-title elementor-tab-desktop-title\" aria-selected=\"false\" data-tab=\"3\" role=\"tab\" tabindex=\"-1\" aria-controls=\"elementor-tab-content-3563\" aria-expanded=\"false\">17\/10\/18 MI\u00c9RCOLES<\/div>\n\t\t\t\t\t\t\t\t\t<div id=\"elementor-tab-title-3564\" class=\"elementor-tab-title elementor-tab-desktop-title\" aria-selected=\"false\" data-tab=\"4\" role=\"tab\" tabindex=\"-1\" aria-controls=\"elementor-tab-content-3564\" aria-expanded=\"false\">18\/10\/18 JUEVES<\/div>\n\t\t\t\t\t\t\t\t\t<div id=\"elementor-tab-title-3565\" class=\"elementor-tab-title elementor-tab-desktop-title\" aria-selected=\"false\" data-tab=\"5\" role=\"tab\" tabindex=\"-1\" aria-controls=\"elementor-tab-content-3565\" aria-expanded=\"false\">19\/10\/10 VIERNES<\/div>\n\t\t\t\t\t\t\t<\/div>\n\t\t\t<div class=\"elementor-tabs-content-wrapper\" role=\"tablist\" aria-orientation=\"vertical\">\n\t\t\t\t\t\t\t\t\t<div class=\"elementor-tab-title elementor-tab-mobile-title\" aria-selected=\"true\" data-tab=\"1\" role=\"tab\" tabindex=\"0\" aria-controls=\"elementor-tab-content-3561\" aria-expanded=\"false\">15\/10\/18 LUNES<\/div>\n\t\t\t\t\t<div id=\"elementor-tab-content-3561\" class=\"elementor-tab-content elementor-clearfix\" data-tab=\"1\" role=\"tabpanel\" aria-labelledby=\"elementor-tab-title-3561\" tabindex=\"0\" hidden=\"false\"><h3><strong><span style=\"color: #008080;\">IFRN Cear\u00e1-Mirim, (RN)<\/span><\/strong><\/h3><p><b><\/b><b>***Exposici\u00f3n itinerante IIN-ELS<\/b><\/p><p>Horario: 9:30 a 11:30 horas<\/p><p><b>***<\/b><strong>Conferencia \u00abCiencia para la reducci\u00f3n de desigualdades: la experiencia del Instituto Santos Dumont en educaci\u00f3n para la vida\u00bb<\/strong><\/p><p>Hora: 1pm<\/p><p>Informaci\u00f3n: contato@isd.org.br o (84) 99127-6085\u00a0<\/p><\/div>\n\t\t\t\t\t\t\t\t\t<div class=\"elementor-tab-title elementor-tab-mobile-title\" aria-selected=\"false\" data-tab=\"2\" role=\"tab\" tabindex=\"-1\" aria-controls=\"elementor-tab-content-3562\" aria-expanded=\"false\">16\/10\/18 MARTES<\/div>\n\t\t\t\t\t<div id=\"elementor-tab-content-3562\" class=\"elementor-tab-content elementor-clearfix\" data-tab=\"2\" role=\"tabpanel\" aria-labelledby=\"elementor-tab-title-3562\" tabindex=\"0\" hidden=\"hidden\"><h3><strong><span style=\"color: #008080;\">IIN-ELS, Maca\u00edba (RN)<\/span><\/strong><\/h3><p><b>*** D\u00eda de la Ciencia y la Tecnolog\u00eda<\/b><\/p><p><b> Puertas Abiertas: De la investigaci\u00f3n b\u00e1sica a la aplicada<\/b><\/p><p>Horario: de 8 a 17 h.<\/p><p>Para agendar una cita, escriba a: contato@isd.org.br o al (84) 99127-6085<\/p><h3>\u00a0<\/h3><h3><span style=\"color: #008080;\"><strong>Anita Garibaldi CEP, Macaiba (RN)<\/strong><\/span><\/h3><p><strong>Ceremonia de homenaje al d\u00e9cimo aniversario del CEPS: Reconocimiento y agradecimiento a los usuarios y socios de la comunidad<\/strong><\/p><p>Horario: de 8 a 9 am<\/p><p>\u00a0<\/p><p><b>*** Proyecto Arte de Nascer \u2013 Acci\u00f3n educativa mediante graffiti con Coletivo Aboio (Natal\/RN)<\/b><\/p><p>Horario: de 9 a 12 h.<\/p><p>\u00a0<\/p><p><strong>*** Instalaci\u00f3n \u201cPuertas Abiertas\u201d en el Jard\u00edn del CEPS<\/strong><\/p><p>Horario: de 8 a 17 h.<\/p><\/div>\n\t\t\t\t\t\t\t\t\t<div class=\"elementor-tab-title elementor-tab-mobile-title\" aria-selected=\"false\" data-tab=\"3\" role=\"tab\" tabindex=\"-1\" aria-controls=\"elementor-tab-content-3563\" aria-expanded=\"false\">17\/10\/18 MI\u00c9RCOLES<\/div>\n\t\t\t\t\t<div id=\"elementor-tab-content-3563\" class=\"elementor-tab-content elementor-clearfix\" data-tab=\"3\" role=\"tabpanel\" aria-labelledby=\"elementor-tab-title-3563\" tabindex=\"0\" hidden=\"hidden\"><h3><span style=\"color: #008080;\"><strong>Anita Garibaldi CEP, Macaiba (RN)<\/strong><\/span><\/h3><p><strong>*** Ceremonia de homenaje por el d\u00e9cimo aniversario del CEPS: Reconocimiento y agradecimiento a los socios en educaci\u00f3n y a los empleados<\/strong><\/p><p>Horario: de 9 a 11 horas<\/p><p><strong>\u00a0<\/strong><\/p><p><strong>*** Ceremonia de Homenaje al 10\u00ba Aniversario del CEPS: Reconocimiento y Agradecimiento a los Socios y Proveedores de Maca\u00edba<\/strong><\/p><p>Horario: de 14:00 a 15:00 horas<\/p><p>\u00a0<\/p><p><strong>*** Instalaci\u00f3n \u201cPuertas Abiertas\u201d en el Jard\u00edn del CEPS<\/strong><\/p><p>Horario: de 8 a 17 h.<\/p><h3>\u00a0<\/h3><h3><span style=\"color: #008080;\"><strong>Capoeiras de la Comunidad Quilombola, Maca\u00edba (RN)<\/strong><\/span><\/h3><p><strong>*** Exposici\u00f3n itinerante IIN-ELS<\/strong><\/p><p>Horario: 8:30 a. m. a 12 p. m.<\/p><p>Informaci\u00f3n: contato@isd.org.br o (84) 99127-6085\u00a0<\/p><p>\u00a0<\/p><h3><span style=\"color: #008080;\"><strong>IFRN Macao (RN)\u00a0<\/strong><\/span><\/h3><p><strong>Foro Popular \u201cNeuroingenier\u00eda para el Desarrollo Nacional\u201d con el Equipo IIN-ELS<\/strong><\/p><p>Hora: 4pm<\/p><\/div>\n\t\t\t\t\t\t\t\t\t<div class=\"elementor-tab-title elementor-tab-mobile-title\" aria-selected=\"false\" data-tab=\"4\" role=\"tab\" tabindex=\"-1\" aria-controls=\"elementor-tab-content-3564\" aria-expanded=\"false\">18\/10\/18 JUEVES<\/div>\n\t\t\t\t\t<div id=\"elementor-tab-content-3564\" class=\"elementor-tab-content elementor-clearfix\" data-tab=\"4\" role=\"tabpanel\" aria-labelledby=\"elementor-tab-title-3564\" tabindex=\"0\" hidden=\"hidden\"><h3><strong><span style=\"color: #008080;\">IIN-ELS, Maca\u00edba (RN)<\/span><\/strong><\/h3><p><b>*** Puertas Abiertas: De la investigaci\u00f3n b\u00e1sica a la aplicada<\/b><\/p><p>Horario: de 8 a 17 h.<\/p><p>Para agendar una cita, escriba a: contato@isd.org.br o al (84) 99127-6085<\/p><h3>\u00a0<\/h3><h3><span style=\"color: #008080;\"><strong>Anita Garibaldi CEP, Macaiba (RN)<\/strong><\/span><\/h3><p><strong>***Pintura de panel conmemorativo con participaci\u00f3n comunitaria. Obra desarrollada por el artista visual y profesor de la UFRN, Marcos Andruchak.<\/strong><\/p><p>Horario: de 8 a 17 h.<\/p><p>\u00a0<\/p><p><strong>*** Puertas Abiertas \u2013 Conociendo el CEPS Anita Garibaldi<\/strong><\/p><p>Horario: de 8 a 10 h y de 14 a 16 h.<\/p><p>Programaci\u00f3n de visitas: contato@isd.org.br<\/p><p>\u00a0<\/p><p><strong>*** Instalaci\u00f3n \u201cPuertas Abiertas\u201d en el Jard\u00edn del CEPS<\/strong><\/p><p>Horario: de 8 a 17 h.<\/p><\/div>\n\t\t\t\t\t\t\t\t\t<div class=\"elementor-tab-title elementor-tab-mobile-title\" aria-selected=\"false\" data-tab=\"5\" role=\"tab\" tabindex=\"-1\" aria-controls=\"elementor-tab-content-3565\" aria-expanded=\"false\">19\/10\/10 VIERNES<\/div>\n\t\t\t\t\t<div id=\"elementor-tab-content-3565\" class=\"elementor-tab-content elementor-clearfix\" data-tab=\"5\" role=\"tabpanel\" aria-labelledby=\"elementor-tab-title-3565\" tabindex=\"0\" hidden=\"hidden\"><h3><span style=\"color: #008080;\"><strong>Biblioteca Virgilio Urbano de Ara\u00fajo, barrio de Rocas, Natal (RN)<\/strong><\/span><\/h3><p><b>Exposici\u00f3n itinerante de CT&amp;I \u2013 Equipo IIN-ELS<\/b><\/p><p>Horario: de 9 a 16 horas.<\/p><p>Ma\u00f1ana: sexto a noveno grado \/ Tarde: primero a quinto grado.<\/p><p>Asociaciones: Departamento de Educaci\u00f3n\/RN e Instituto del Cerebro\/UFRN<\/p><h3>\u00a0<\/h3><h3><span style=\"color: #008080;\"><strong>Anita Garibaldi CEP, Macaiba (RN)<\/strong><\/span><\/h3><p><b>*** Ceremonia de entrega del t\u00edtulo de Ciudadano de Maca\u00edba al Director General del ISD, Reginaldo Freitas J\u00fanior<\/b><\/p><p>Hora: 2pm<\/p><p>\u00a0<\/p><p><strong>*** Instalaci\u00f3n \u201cPuertas Abiertas\u201d en el Jard\u00edn del CEPS<\/strong><\/p><p>Horario: de 8 a 17 h.<\/p><\/div>\n\t\t\t\t\t\t\t<\/div>\n\t\t<\/div>\n\t\t\t\t\t\t<\/div>\n\t\t\t\t<\/div>\n\t\t\t\t<div class=\"elementor-element elementor-element-yidqdnw elementor-widget-divider--view-line elementor-widget elementor-widget-divider\" data-id=\"yidqdnw\" data-element_type=\"widget\" data-widget_type=\"divider.default\">\n\t\t\t\t<div class=\"elementor-widget-container\">\n\t\t\t\t\t\t\t<div class=\"elementor-divider\">\n\t\t\t<span class=\"elementor-divider-separator\">\n\t\t\t\t\t\t<\/span>\n\t\t<\/div>\n\t\t\t\t\t\t<\/div>\n\t\t\t\t<\/div>\n\t\t\t\t<div class=\"elementor-element elementor-element-ghrxkok elementor-widget elementor-widget-spacer\" data-id=\"ghrxkok\" data-element_type=\"widget\" data-widget_type=\"spacer.default\">\n\t\t\t\t<div class=\"elementor-widget-container\">\n\t\t\t\t\t\t\t<div class=\"elementor-spacer\">\n\t\t\t<div class=\"elementor-spacer-inner\"><\/div>\n\t\t<\/div>\n\t\t\t\t\t\t<\/div>\n\t\t\t\t<\/div>\n\t\t\t\t<section class=\"elementor-section elementor-inner-section elementor-element elementor-element-zjbiggn elementor-section-boxed elementor-section-height-default elementor-section-height-default\" data-id=\"zjbiggn\" data-element_type=\"section\">\n\t\t\t\t\t\t<div class=\"elementor-container elementor-column-gap-default\">\n\t\t\t\t\t<div class=\"elementor-column elementor-col-50 elementor-inner-column elementor-element elementor-element-fbhjgjg\" data-id=\"fbhjgjg\" data-element_type=\"column\">\n\t\t\t<div class=\"elementor-widget-wrap elementor-element-populated\">\n\t\t\t\t\t\t<div class=\"elementor-element elementor-element-iqbakqx elementor-view-default elementor-widget elementor-widget-icon\" data-id=\"iqbakqx\" data-element_type=\"widget\" data-widget_type=\"icon.default\">\n\t\t\t\t<div class=\"elementor-widget-container\">\n\t\t\t\t\t\t\t<div class=\"elementor-icon-wrapper\">\n\t\t\t<div class=\"elementor-icon\">\n\t\t\t\t\t\t\t<i class=\"fa fa-pencil-square-o\" aria-hidden=\"true\"><\/i>\n\t\t\t\t\t\t<\/div>\n\t\t<\/div>\n\t\t\t\t\t\t<\/div>\n\t\t\t\t<\/div>\n\t\t\t\t<div class=\"elementor-element elementor-element-ltnqdnm elementor-widget elementor-widget-text-editor\" data-id=\"ltnqdnm\" data-element_type=\"widget\" data-widget_type=\"text-editor.default\">\n\t\t\t\t<div class=\"elementor-widget-container\">\n\t\t\t\t\t\t\t\t\t<div data-id=\"rjpprlj\" data-element_type=\"text-editor.default\"><p><strong>Texto:\u00a0<\/strong>\u00a0Ariane Mondo \/ Ascom \u2013 ISD<\/p><p><strong>Foto:<\/strong>\u00a0Divulgaci\u00f3n del SNCT 2018<\/p><\/div>\t\t\t\t\t\t\t\t<\/div>\n\t\t\t\t<\/div>\n\t\t\t\t<div class=\"elementor-element elementor-element-vwxubue elementor-widget elementor-widget-text-editor\" data-id=\"vwxubue\" data-element_type=\"widget\" data-widget_type=\"text-editor.default\">\n\t\t\t\t<div class=\"elementor-widget-container\">\n\t\t\t\t\t\t\t\t\t<p><strong>Consultor\u00eda de comunicaci\u00f3n<\/strong><br \/> comunicacao@isd.org.br<br \/> (84) 99416-1880<\/p>\t\t\t\t\t\t\t\t<\/div>\n\t\t\t\t<\/div>\n\t\t\t\t\t<\/div>\n\t\t<\/div>\n\t\t\t\t<div class=\"elementor-column elementor-col-50 elementor-inner-column elementor-element elementor-element-tkukfpq\" data-id=\"tkukfpq\" data-element_type=\"column\" data-settings=\"{&quot;background_background&quot;:&quot;classic&quot;}\">\n\t\t\t<div class=\"elementor-widget-wrap elementor-element-populated\">\n\t\t\t\t\t\t<div class=\"elementor-element elementor-element-bhwzmkd elementor-widget elementor-widget-text-editor\" data-id=\"bhwzmkd\" data-element_type=\"widget\" data-widget_type=\"text-editor.default\">\n\t\t\t\t<div class=\"elementor-widget-container\">\n\t\t\t\t\t\t\t\t\t<h3><strong><span style=\"color: #ffffff;\">Instituto Santos Dumont (ISD)<\/span><\/strong><\/h3><p><span style=\"color: #ffffff;\">Organizaci\u00f3n social que mantiene v\u00ednculos con el Ministerio de Educaci\u00f3n (MEC) y cuya misi\u00f3n es promover la educaci\u00f3n para la vida, formando ciudadanos a trav\u00e9s de acciones integradas de ense\u00f1anza, investigaci\u00f3n y extensi\u00f3n y contribuyendo a la transformaci\u00f3n m\u00e1s justa y humana de la realidad social brasile\u00f1a.<\/span><\/p>\t\t\t\t\t\t\t\t<\/div>\n\t\t\t\t<\/div>\n\t\t\t\t\t<\/div>\n\t\t<\/div>\n\t\t\t\t\t<\/div>\n\t\t<\/section>\n\t\t\t\t\t<\/div>\n\t\t<\/div>\n\t\t\t\t\t<\/div>\n\t\t<\/section>\n\t\t\t\t<\/div>","protected":false},"excerpt":{"rendered":"<p>A\u00e7\u00f5es do ISD na Semana Nacional de Ci\u00eancia e Tecnologia ocorrer\u00e3o de 15 a 19\/10, no RN. Tema de 2018 \u00e9 &#8220;Ci\u00eancia para redu\u00e7\u00e3o das desigualdades&#8221;.<\/p>","protected":false},"author":6,"featured_media":14729,"comment_status":"open","ping_status":"open","sticky":false,"template":"","format":"standard","meta":{"_acf_changed":false,"footnotes":""},"categories":[1,11,16],"tags":[],"class_list":["post-14689","post","type-post","status-publish","format-standard","has-post-thumbnail","hentry","category-destaque_noticia","category-extensao","category-institucional"],"acf":[],"_links":{"self":[{"href":"https:\/\/institutosantosdumont.org.br\/es\/wp-json\/wp\/v2\/posts\/14689","targetHints":{"allow":["GET"]}}],"collection":[{"href":"https:\/\/institutosantosdumont.org.br\/es\/wp-json\/wp\/v2\/posts"}],"about":[{"href":"https:\/\/institutosantosdumont.org.br\/es\/wp-json\/wp\/v2\/types\/post"}],"author":[{"embeddable":true,"href":"https:\/\/institutosantosdumont.org.br\/es\/wp-json\/wp\/v2\/users\/6"}],"replies":[{"embeddable":true,"href":"https:\/\/institutosantosdumont.org.br\/es\/wp-json\/wp\/v2\/comments?post=14689"}],"version-history":[{"count":0,"href":"https:\/\/institutosantosdumont.org.br\/es\/wp-json\/wp\/v2\/posts\/14689\/revisions"}],"wp:featuredmedia":[{"embeddable":true,"href":"https:\/\/institutosantosdumont.org.br\/es\/wp-json\/wp\/v2\/media\/14729"}],"wp:attachment":[{"href":"https:\/\/institutosantosdumont.org.br\/es\/wp-json\/wp\/v2\/media?parent=14689"}],"wp:term":[{"taxonomy":"category","embeddable":true,"href":"https:\/\/institutosantosdumont.org.br\/es\/wp-json\/wp\/v2\/categories?post=14689"},{"taxonomy":"post_tag","embeddable":true,"href":"https:\/\/institutosantosdumont.org.br\/es\/wp-json\/wp\/v2\/tags?post=14689"}],"curies":[{"name":"wp","href":"https:\/\/api.w.org\/{rel}","templated":true}]}}