{"id":19546,"date":"2020-07-01T17:03:20","date_gmt":"2020-07-01T20:03:20","guid":{"rendered":"http:\/\/www.institutosantosdumont.org.br\/?p=19546"},"modified":"2020-07-01T17:05:45","modified_gmt":"2020-07-01T20:05:45","slug":"instituto-santos-dumont-retoma-parte-das-atividades-presenciais-em-20-de-julho","status":"publish","type":"post","link":"https:\/\/institutosantosdumont.org.br\/es\/instituto-santos-dumont-retoma-parte-das-atividades-presenciais-em-20-de-julho\/","title":{"rendered":"Instituto Santos Dumont retoma parte de sus actividades presenciales el 20 de julio"},"content":{"rendered":"<div data-elementor-type=\"wp-post\" data-elementor-id=\"19546\" class=\"elementor elementor-19546\" data-elementor-post-type=\"post\">\n\t\t\t\t\t\t<section class=\"elementor-section elementor-top-section elementor-element elementor-element-9be88b3 elementor-section-boxed elementor-section-height-default elementor-section-height-default\" data-id=\"9be88b3\" data-element_type=\"section\">\n\t\t\t\t\t\t<div class=\"elementor-container elementor-column-gap-default\">\n\t\t\t\t\t<div class=\"elementor-column elementor-col-100 elementor-top-column elementor-element elementor-element-f574c29\" data-id=\"f574c29\" data-element_type=\"column\">\n\t\t\t<div class=\"elementor-widget-wrap elementor-element-populated\">\n\t\t\t\t\t\t<div class=\"elementor-element elementor-element-11de879 elementor-widget elementor-widget-image\" data-id=\"11de879\" data-element_type=\"widget\" data-widget_type=\"image.default\">\n\t\t\t\t<div class=\"elementor-widget-container\">\n\t\t\t\t\t\t\t\t\t\t\t\t<figure class=\"wp-caption\">\n\t\t\t\t\t\t\t\t\t\t<img fetchpriority=\"high\" decoding=\"async\" width=\"800\" height=\"450\" src=\"https:\/\/institutosantosdumont.org.br\/wp-content\/uploads\/2020\/05\/CEPS-Anita-Garibaldi-e-Instituto-Internacional-de-Neuroci\u00eancias-Edmond-e-Lily-Safra-capa-1024x576.jpg\" class=\"attachment-large size-large wp-image-19075\" alt=\"\" srcset=\"https:\/\/institutosantosdumont.org.br\/wp-content\/uploads\/2020\/05\/CEPS-Anita-Garibaldi-e-Instituto-Internacional-de-Neuroci\u00eancias-Edmond-e-Lily-Safra-capa-1024x576.jpg 1024w, https:\/\/institutosantosdumont.org.br\/wp-content\/uploads\/2020\/05\/CEPS-Anita-Garibaldi-e-Instituto-Internacional-de-Neuroci\u00eancias-Edmond-e-Lily-Safra-capa-300x169.jpg 300w, https:\/\/institutosantosdumont.org.br\/wp-content\/uploads\/2020\/05\/CEPS-Anita-Garibaldi-e-Instituto-Internacional-de-Neuroci\u00eancias-Edmond-e-Lily-Safra-capa-768x432.jpg 768w, https:\/\/institutosantosdumont.org.br\/wp-content\/uploads\/2020\/05\/CEPS-Anita-Garibaldi-e-Instituto-Internacional-de-Neuroci\u00eancias-Edmond-e-Lily-Safra-capa.jpg 1200w\" sizes=\"(max-width: 800px) 100vw, 800px\" \/>\t\t\t\t\t\t\t\t\t\t\t<figcaption class=\"widget-image-caption wp-caption-text\">Como medida de seguridad, la reanudaci\u00f3n ser\u00e1 gradual en el CEPS Anita Garibaldi y el IIN-ELS<\/figcaption>\n\t\t\t\t\t\t\t\t\t\t<\/figure>\n\t\t\t\t\t\t\t\t\t<\/div>\n\t\t\t\t<\/div>\n\t\t\t\t<div class=\"elementor-element elementor-element-2d33408 elementor-widget elementor-widget-text-editor\" data-id=\"2d33408\" data-element_type=\"widget\" data-widget_type=\"text-editor.default\">\n\t\t\t\t<div class=\"elementor-widget-container\">\n\t\t\t\t\t\t\t\t\t<p><span style=\"font-weight: 400;\">El Instituto Santos Dumont (ISD) decidi\u00f3 este mi\u00e9rcoles (1) retomar parte de sus actividades presenciales a partir del 20 de julio.<\/span><\/p><p><span style=\"font-weight: 400;\">La fecha marcar\u00e1 el retorno del horario laboral interno para investigadores y empleados que actualmente trabajan desde casa, as\u00ed como las actividades pr\u00e1cticas esenciales de la <a href=\"https:\/\/institutosantosdumont.org.br\/es\/residencia-multiprofissional\/\">Residencia Multiprofesional en Atenci\u00f3n a la Salud de Personas con Discapacidad<\/a>.<\/span><\/p><p><span style=\"font-weight: 400;\">Para las actividades te\u00f3ricas de la Residencia, y la <a href=\"https:\/\/institutosantosdumont.org.br\/es\/pos-graduacao-neuroengenharia\/\">maestr\u00eda en neuroingenier\u00eda<\/a>, las clases permanecer\u00e1n virtuales \u00fanicamente por tiempo indefinido.<\/span><\/p><p><span style=\"font-weight: 400;\"><a href=\"https:\/\/institutosantosdumont.org.br\/es\/pos-graduacao-neuroengenharia\/\">El proceso de selecci\u00f3n de nuevos estudiantes para ingresar este semestre a la maestr\u00eda<\/a>, <a href=\"https:\/\/institutosantosdumont.org.br\/es\/2020\/06\/15\/mestrado-em-neuroengenharia-recebe-inscricoes-em-selecao-ate-05-de-julho\/\">con fecha l\u00edmite de inscripci\u00f3n el domingo (5 de julio)<\/a>, el calendario se mantiene, pero -por precauci\u00f3n- el inicio de clases tambi\u00e9n ser\u00e1 con actividades \u00fanicamente a distancia.<\/span><\/p><p><span style=\"font-weight: 400;\">La atenci\u00f3n presencial a la poblaci\u00f3n en las cl\u00ednicas del Instituto, a su vez, est\u00e1 prevista para el pr\u00f3ximo 3 de agosto.<\/span><\/p><p><span style=\"font-weight: 400;\">Para los estudiantes de la Universidad Federal de Rio Grande do Norte (UFRN) que tengan como escenario de actividades pr\u00e1cticas el Centro de Educaci\u00f3n e Investigaci\u00f3n en Salud Anita Garibaldi del ISD, la reanudaci\u00f3n depender\u00e1 de las propias definiciones de la Universidad y no del calendario definido por el Instituto. .<\/span><\/p><p><strong>Prevenci\u00f3n y seguridad<\/strong><\/p><p><span style=\"font-weight: 400;\">\u201cCon el decreto del gobierno estatal que permite la reapertura de actividades en el estado a partir de este mi\u00e9rcoles 1, el ISD decidi\u00f3 construir un cronograma que permita un seguimiento cauteloso del comportamiento de la pandemia. La realidad del sistema de salud del estado no permite la reanudaci\u00f3n inmediata del pleno funcionamiento de los servicios que ISD brinda a la poblaci\u00f3n de Rio Grande do Norte. El objetivo es regresar de la manera m\u00e1s segura posible y con los cuidados necesarios\u201d, inform\u00f3 la Comisi\u00f3n Especial para la Pandemia Covid-19, creada por el Instituto para evaluar acciones internas para prevenir y combatir la enfermedad.<\/span><\/p><p><span style=\"font-weight: 400;\">Se seguir\u00e1n adoptando medidas como el uso obligatorio de mascarillas y la disponibilidad de alcohol gel en las instalaciones, adem\u00e1s de controles a todos y controles de temperatura al ingreso -para identificar posibles s\u00edntomas de Covid-.<\/span><\/p><p><span style=\"font-weight: 400;\">\u201cLa reanudaremos paulatinamente, con una reducci\u00f3n de la poblaci\u00f3n que circula en las instalaciones, y la posibilidad de ajustes y revisi\u00f3n de medidas seg\u00fan las posibles necesidades\u201d, a\u00f1adi\u00f3 la Comisi\u00f3n durante una reuni\u00f3n para definir el calendario.<\/span><\/p><p><span style=\"font-weight: 400;\">Las actividades presenciales del ISD comenzaron a suspenderse a mediados de marzo. El agravamiento de la pandemia y la necesidad del aislamiento, como prevenci\u00f3n, llevaron a la adopci\u00f3n y extensi\u00f3n, desde entonces, de medidas para restringir el flujo de personas.<\/span><\/p>\t\t\t\t\t\t\t\t<\/div>\n\t\t\t\t<\/div>\n\t\t\t\t\t<\/div>\n\t\t<\/div>\n\t\t\t\t\t<\/div>\n\t\t<\/section>\n\t\t\t\t<section class=\"elementor-section elementor-top-section elementor-element elementor-element-47a7590a elementor-section-boxed elementor-section-height-default elementor-section-height-default\" data-id=\"47a7590a\" data-element_type=\"section\">\n\t\t\t\t\t\t<div class=\"elementor-container elementor-column-gap-default\">\n\t\t\t\t\t<div class=\"elementor-column elementor-col-100 elementor-top-column elementor-element elementor-element-24b6277e\" data-id=\"24b6277e\" data-element_type=\"column\">\n\t\t\t<div class=\"elementor-widget-wrap elementor-element-populated\">\n\t\t\t\t\t\t<div class=\"elementor-element elementor-element-1a45cd1 elementor-widget-divider--view-line elementor-widget elementor-widget-divider\" data-id=\"1a45cd1\" data-element_type=\"widget\" data-widget_type=\"divider.default\">\n\t\t\t\t<div class=\"elementor-widget-container\">\n\t\t\t\t\t\t\t<div class=\"elementor-divider\">\n\t\t\t<span class=\"elementor-divider-separator\">\n\t\t\t\t\t\t<\/span>\n\t\t<\/div>\n\t\t\t\t\t\t<\/div>\n\t\t\t\t<\/div>\n\t\t\t\t<div class=\"elementor-element elementor-element-65f6667 elementor-widget elementor-widget-spacer\" data-id=\"65f6667\" data-element_type=\"widget\" data-widget_type=\"spacer.default\">\n\t\t\t\t<div class=\"elementor-widget-container\">\n\t\t\t\t\t\t\t<div class=\"elementor-spacer\">\n\t\t\t<div class=\"elementor-spacer-inner\"><\/div>\n\t\t<\/div>\n\t\t\t\t\t\t<\/div>\n\t\t\t\t<\/div>\n\t\t\t\t<section class=\"elementor-section elementor-inner-section elementor-element elementor-element-75946040 elementor-section-boxed elementor-section-height-default elementor-section-height-default\" data-id=\"75946040\" data-element_type=\"section\">\n\t\t\t\t\t\t<div class=\"elementor-container elementor-column-gap-default\">\n\t\t\t\t\t<div class=\"elementor-column elementor-col-50 elementor-inner-column elementor-element elementor-element-6f7c0169\" data-id=\"6f7c0169\" data-element_type=\"column\">\n\t\t\t<div class=\"elementor-widget-wrap elementor-element-populated\">\n\t\t\t\t\t\t<div class=\"elementor-element elementor-element-3f6c453 elementor-view-default elementor-widget elementor-widget-icon\" data-id=\"3f6c453\" data-element_type=\"widget\" data-widget_type=\"icon.default\">\n\t\t\t\t<div class=\"elementor-widget-container\">\n\t\t\t\t\t\t\t<div class=\"elementor-icon-wrapper\">\n\t\t\t<div class=\"elementor-icon\">\n\t\t\t\t\t\t\t<i class=\"fa fa-pencil-square-o\" aria-hidden=\"true\"><\/i>\n\t\t\t\t\t\t<\/div>\n\t\t<\/div>\n\t\t\t\t\t\t<\/div>\n\t\t\t\t<\/div>\n\t\t\t\t<div class=\"elementor-element elementor-element-28c5f9da elementor-widget elementor-widget-text-editor\" data-id=\"28c5f9da\" data-element_type=\"widget\" data-widget_type=\"text-editor.default\">\n\t\t\t\t<div class=\"elementor-widget-container\">\n\t\t\t\t\t\t\t\t\t<div data-id=\"rjpprlj\" data-element_type=\"text-editor.default\"><p><strong>Texto:\u00a0<\/strong>\u00a0Renata Moura \/ Ascom \u2013 ISD<\/p><p><strong>Fotos:<\/strong>\u00a0Ascom-ISD<\/p><\/div>\t\t\t\t\t\t\t\t<\/div>\n\t\t\t\t<\/div>\n\t\t\t\t<div class=\"elementor-element elementor-element-49d6b836 elementor-widget elementor-widget-text-editor\" data-id=\"49d6b836\" data-element_type=\"widget\" data-widget_type=\"text-editor.default\">\n\t\t\t\t<div class=\"elementor-widget-container\">\n\t\t\t\t\t\t\t\t\t<p><strong>Consultor\u00eda de comunicaci\u00f3n<\/strong><br \/> comunicacao@isd.org.br<br \/> (84) 99416-1880<\/p>\t\t\t\t\t\t\t\t<\/div>\n\t\t\t\t<\/div>\n\t\t\t\t\t<\/div>\n\t\t<\/div>\n\t\t\t\t<div class=\"elementor-column elementor-col-50 elementor-inner-column elementor-element elementor-element-77aadf73\" data-id=\"77aadf73\" data-element_type=\"column\" data-settings=\"{&quot;background_background&quot;:&quot;classic&quot;}\">\n\t\t\t<div class=\"elementor-widget-wrap elementor-element-populated\">\n\t\t\t\t\t\t<div class=\"elementor-element elementor-element-1738647d elementor-widget elementor-widget-text-editor\" data-id=\"1738647d\" data-element_type=\"widget\" data-widget_type=\"text-editor.default\">\n\t\t\t\t<div class=\"elementor-widget-container\">\n\t\t\t\t\t\t\t\t\t<h3><strong><span style=\"color: #ffffff;\">Instituto Santos Dumont (ISD)<\/span><\/strong><\/h3><p><span style=\"color: #ffffff;\">Es una Organizaci\u00f3n Social vinculada al Ministerio de Educaci\u00f3n (MEC) y engloba al Instituto Internacional de Neurociencia Edmond y Lily Safra y al Centro de Educaci\u00f3n e Investigaci\u00f3n en Salud Anita Garibaldi, ambos en Maca\u00edba. La misi\u00f3n del ISD es promover la educaci\u00f3n para la vida, formando ciudadanos a trav\u00e9s de acciones integradas de ense\u00f1anza, investigaci\u00f3n y extensi\u00f3n, adem\u00e1s de contribuir para una transformaci\u00f3n m\u00e1s justa y humana de la realidad social brasile\u00f1a.<\/span><\/p>\t\t\t\t\t\t\t\t<\/div>\n\t\t\t\t<\/div>\n\t\t\t\t\t<\/div>\n\t\t<\/div>\n\t\t\t\t\t<\/div>\n\t\t<\/section>\n\t\t\t\t\t<\/div>\n\t\t<\/div>\n\t\t\t\t\t<\/div>\n\t\t<\/section>\n\t\t\t\t<\/div>","protected":false},"excerpt":{"rendered":"<p>Esta fecha marca el regreso a las operaciones internas del Instituto. Los servicios cl\u00ednicos est\u00e1n programados para reanudarse el 3 de agosto.<\/p>","protected":false},"author":10,"featured_media":19075,"comment_status":"open","ping_status":"open","sticky":false,"template":"","format":"standard","meta":{"_acf_changed":false,"footnotes":""},"categories":[407,411,1,399],"tags":[],"class_list":["post-19546","post","type-post","status-publish","format-standard","has-post-thumbnail","hentry","category-ceps-pt","category-coronavirus","category-destaque_noticia","category-iin-els-pt"],"acf":[],"_links":{"self":[{"href":"https:\/\/institutosantosdumont.org.br\/es\/wp-json\/wp\/v2\/posts\/19546","targetHints":{"allow":["GET"]}}],"collection":[{"href":"https:\/\/institutosantosdumont.org.br\/es\/wp-json\/wp\/v2\/posts"}],"about":[{"href":"https:\/\/institutosantosdumont.org.br\/es\/wp-json\/wp\/v2\/types\/post"}],"author":[{"embeddable":true,"href":"https:\/\/institutosantosdumont.org.br\/es\/wp-json\/wp\/v2\/users\/10"}],"replies":[{"embeddable":true,"href":"https:\/\/institutosantosdumont.org.br\/es\/wp-json\/wp\/v2\/comments?post=19546"}],"version-history":[{"count":0,"href":"https:\/\/institutosantosdumont.org.br\/es\/wp-json\/wp\/v2\/posts\/19546\/revisions"}],"wp:featuredmedia":[{"embeddable":true,"href":"https:\/\/institutosantosdumont.org.br\/es\/wp-json\/wp\/v2\/media\/19075"}],"wp:attachment":[{"href":"https:\/\/institutosantosdumont.org.br\/es\/wp-json\/wp\/v2\/media?parent=19546"}],"wp:term":[{"taxonomy":"category","embeddable":true,"href":"https:\/\/institutosantosdumont.org.br\/es\/wp-json\/wp\/v2\/categories?post=19546"},{"taxonomy":"post_tag","embeddable":true,"href":"https:\/\/institutosantosdumont.org.br\/es\/wp-json\/wp\/v2\/tags?post=19546"}],"curies":[{"name":"wp","href":"https:\/\/api.w.org\/{rel}","templated":true}]}}