{"id":19876,"date":"2020-09-28T16:36:59","date_gmt":"2020-09-28T19:36:59","guid":{"rendered":"http:\/\/www.institutosantosdumont.org.br\/?p=19876"},"modified":"2020-09-29T19:16:05","modified_gmt":"2020-09-29T22:16:05","slug":"brasil-tem-145-mais-mortes-de-gravidas-por-covid-19-do-que-os-eua","status":"publish","type":"post","link":"https:\/\/institutosantosdumont.org.br\/es\/brasil-tem-145-mais-mortes-de-gravidas-por-covid-19-do-que-os-eua\/","title":{"rendered":"Brasil tiene 1.451.300 muertes m\u00e1s de embarazadas por Covid-19 que Estados Unidos."},"content":{"rendered":"<div data-elementor-type=\"wp-post\" data-elementor-id=\"19876\" class=\"elementor elementor-19876\" data-elementor-post-type=\"post\">\n\t\t\t\t\t\t<section class=\"elementor-section elementor-top-section elementor-element elementor-element-6880d35 elementor-section-boxed elementor-section-height-default elementor-section-height-default\" data-id=\"6880d35\" data-element_type=\"section\">\n\t\t\t\t\t\t<div class=\"elementor-container elementor-column-gap-default\">\n\t\t\t\t\t<div class=\"elementor-column elementor-col-100 elementor-top-column elementor-element elementor-element-b2bdc2b\" data-id=\"b2bdc2b\" data-element_type=\"column\">\n\t\t\t<div class=\"elementor-widget-wrap elementor-element-populated\">\n\t\t\t\t\t\t<div class=\"elementor-element elementor-element-10e42f9 elementor-widget elementor-widget-text-editor\" data-id=\"10e42f9\" data-element_type=\"widget\" data-widget_type=\"text-editor.default\">\n\t\t\t\t<div class=\"elementor-widget-container\">\n\t\t\t\t\t\t\t\t\t<p><span style=\"font-weight: 400;\">Datos oficiales sobre muertes de mujeres embarazadas por <a href=\"https:\/\/covid.saude.gov.br\/\" target=\"_blank\" rel=\"noopener noreferrer nofollow\">COVID-19<\/a> muestran 145% m\u00e1s casos en Brasil que en Estados Unidos.<\/span><\/p><p><span style=\"font-weight: 400;\">Mientras se encontraba en territorio estadounidense, <a href=\"https:\/\/www.cdc.gov\/coronavirus\/2019-ncov\/cases-updates\/special-populations\/pregnancy-data-on-covid-19.html\" target=\"_blank\" rel=\"noopener noreferrer nofollow\">Los Centros para el Control y la Prevenci\u00f3n de Enfermedades (CDC) informaron 55 muertes la semana pasada entre enero y septiembre.<\/a>En Brasil, hasta el 1 de agosto, el gobierno federal confirm\u00f3 135 casos, siendo m\u00e1s de la mitad de ellos mujeres en el tercer trimestre del embarazo.<\/span><\/p><p><span style=\"font-weight: 400;\">El panorama de la mortalidad entre las mujeres brasile\u00f1as fue presentado por el Secretario de Atenci\u00f3n Primaria de Salud del Ministerio de Salud, Raphael Parente, <a href=\"https:\/\/edemocracia.camara.leg.br\/audiencias\/sala\/1602\" target=\"_blank\" rel=\"noopener noreferrer nofollow\">en una audiencia p\u00fablica a principios de agosto<\/a>Parente record\u00f3 en la audiencia que la mortalidad materna es un problema cr\u00f3nico en Brasil, ahora expuesto por la pandemia. Tambi\u00e9n afirm\u00f3 que reducir la tasa es una pol\u00edtica del actual gobierno.\u00a0<\/span><\/p><p><strong>Riesgos<\/strong><\/p><p><span style=\"font-weight: 400;\">Un estudio estadounidense publicado en junio, citado en un comunicado de los CDC, sugiere que las mujeres embarazadas con COVID-19 tienen mayor probabilidad que las mujeres no embarazadas de ser hospitalizadas, requerir cuidados intensivos (UCI) y recibir ventilaci\u00f3n mec\u00e1nica. El riesgo de muerte parece similar para ambos grupos, pero el tema contin\u00faa siendo objeto de investigaci\u00f3n.<\/span><\/p><p><span style=\"font-weight: 400;\">En Brasil, las muertes de mujeres embarazadas y en posparto han ido ganando cobertura medi\u00e1tica y los casos se multiplican, <\/span><span style=\"font-weight: 400;\">generalmente en hospitales que no cuentan con UCI, fuera del \u00e1mbito hospitalario o cuando hubo menos de 12 horas de hospitalizaci\u00f3n, seg\u00fan el gobierno.\u00a0<\/span><\/p><p><span style=\"font-weight: 400;\">El Instituto Santos Dumont registr\u00f3 al menos 110 muertes sospechosas o confirmadas, se\u00f1aladas por los medios de comunicaci\u00f3n entre el 21 de marzo y el 18 de septiembre. Trece de estas muertes se reportaron desde principios de agosto, cuando se publicaron los datos oficiales m\u00e1s recientes. Las noticias aparecieron en portales de noticias y canales de televisi\u00f3n del pa\u00eds entre el 2 de agosto y el 18 de septiembre.<\/span><\/p><p><em><span style=\"font-weight: 400;\">Haga clic en los enlaces a continuaci\u00f3n para obtener m\u00e1s informaci\u00f3n sobre las v\u00edctimas:<\/span><\/em><\/p><p><a href=\"https:\/\/jornaldebrasilia.com.br\/nahorah\/gravida-morre-de-covid-19-apos-receber-a-noticia-que-a-mae-havia-falecido\/\" target=\"_blank\" rel=\"noopener noreferrer nofollow\"><span style=\"font-weight: 400;\">Jade Nascimento, de Piau\u00ed<\/span><\/a><\/p><p><span style=\"font-weight: 400;\"><a href=\"https:\/\/catracalivre.com.br\/cidadania\/estudante-de-16-anos-que-deu-a-luz-em-sorocaba-morre-de-covid-19\/\" target=\"_blank\" rel=\"noopener noreferrer nofollow\">Gilda Santos Costa<\/a>, <\/span><span style=\"font-weight: 400;\"><a href=\"https:\/\/g1.globo.com\/sp\/bauru-marilia\/noticia\/2020\/09\/10\/mulher-morre-com-covid-dez-dias-apos-dar-a-luz-em-parto-prematuro-parece-pesadelo-diz-irma.ghtml\" target=\"_blank\" rel=\"noopener noreferrer nofollow\">Natalia Cristina Ticianelli<\/a> y\u00a0 <\/span><span style=\"font-weight: 400;\"><a href=\"https:\/\/thathi.com.br\/saude\/mulher-de-25-anos-que-contraiu-covid-na-gravidez-morre-em-ribeirao\/\" target=\"_blank\" rel=\"noopener noreferrer nofollow\">Samara Silva Pinheiro Lemos<\/a>, de Sao Paulo;<\/span><\/p><p><span style=\"font-weight: 400;\"><a href=\"http:\/\/www.giromt.com.br\/2020\/08\/13\/cuiaba-mulher-morre-com-covid-15-dias-apos-nascimento-do-filho\/\" target=\"_blank\" rel=\"noopener noreferrer nofollow\">Marieli Lysakowski Santin<\/a> y <a href=\"https:\/\/www.olhardireto.com.br\/noticias\/exibir.asp?id=474806&amp;noticia=apos-perder-esposa-gravida-para-a-covid-19-cuiabano-fica-com-10-filhos-e-precisa-de-ajuda&amp;edicao=2\" target=\"_blank\" rel=\"noopener noreferrer nofollow\">Ariana Ferreira do Amaral<\/a>, de Mato Grosso;<\/span><\/p><p><span style=\"font-weight: 400;\"><a href=\"https:\/\/gmconline.com.br\/covid-19\/com-covid-19-mae-morre-apos-dar-a-luz-e-comove-o-parana\/\" target=\"_blank\" rel=\"noopener noreferrer nofollow\">Viviane Souza Nairne<\/a> y uno <a href=\"https:\/\/www.folhadelondrina.com.br\/geral\/gravida-india-caingangue-morre-pela-covid-19-no-hu-3015493e.html\" target=\"_blank\" rel=\"noopener noreferrer nofollow\">persona ind\u00edgena con nombre no revelado<\/a> de Paran\u00e1;<\/span><\/p><p><span style=\"font-weight: 400;\"><a href=\"https:\/\/www.correiobraziliense.com.br\/brasil\/2020\/08\/4870758-professora-gravida-morre-de-covid-19-apos-cha-de-fraldas-surpresa.html\" target=\"_blank\" rel=\"noopener noreferrer nofollow\">Camila Graciano<\/a>, de Goi\u00e1s;<\/span><\/p><p><span style=\"font-weight: 400;\"><a href=\"https:\/\/noticias.uol.com.br\/cotidiano\/ultimas-noticias\/2020\/08\/28\/to-gravida-de-gemeos-psicologa-morre-por-complicacoes-da-covid-19.htm\" target=\"_blank\" rel=\"noopener noreferrer nofollow\">Juliane Ferreira Aguiar<\/a>, de Tocantins;\u00a0<\/span><\/p><p><span style=\"font-weight: 400;\"><a href=\"https:\/\/revistaquem.globo.com\/QUEM-News\/noticia\/2020\/09\/belle-silva-lamenta-morte-de-prima-que-estava-gravida-pela-covid-19.html\" target=\"_blank\" rel=\"noopener noreferrer nofollow\">Michele Paullino<\/a>, de R\u00edo de Janeiro<\/span><\/p><p><span style=\"font-weight: 400;\"><a href=\"https:\/\/globoplay.globo.com\/v\/8827824\/\" target=\"_blank\" rel=\"noopener noreferrer nofollow\">Luciclea de Moraes<\/a> y uno <a href=\"https:\/\/www.pocosja.com.br\/2020\/08\/06\/boletim-mulher-de-27-anos-morre-com-covid-19\/\" target=\"_blank\" rel=\"noopener noreferrer nofollow\">mujer con nombre no revelado<\/a> en Minas Gerais.<\/span><\/p><p><span style=\"font-weight: 400;\">Una investigaci\u00f3n publicada en mayo por el Instituto ya llam\u00f3 la atenci\u00f3n sobre la situaci\u00f3n de m\u00e1s muertes en Brasil que en otros pa\u00edses y la necesidad de cuidados especiales para las mujeres embarazadas y pu\u00e9rperas \u2013mujeres en la fase de posparto\u2013. <\/span><a href=\"https:\/\/institutosantosdumont.org.br\/es\/2020\/05\/28\/brasil-tem-mais-mortes-maternas-associadas-a-covid-19-do-que-8-paises-juntos\/\"><span style=\"font-weight: 400;\">Haga clic aqu\u00ed para leer<\/span><\/a><span style=\"font-weight: 400;\">. <\/span><\/p><p><span style=\"font-weight: 400;\">Las precauciones recomendadas durante la pandemia, como mantener las consultas prenatales, tambi\u00e9n fueron tema de una entrevista con Reginaldo Freitas J\u00fanior, director general del Instituto y especialista en medicina fetal. <\/span><a href=\"https:\/\/institutosantosdumont.org.br\/es\/2020\/06\/18\/covid-19-e-gravidez-a-gravida-e-a-puerpera-merecem-sim-cuidados-muito-especiais\/\"><span style=\"font-weight: 400;\">Haga clic aqu\u00ed para acceder a la entrevista completa.\u00a0<\/span><\/a><\/p>\t\t\t\t\t\t\t\t<\/div>\n\t\t\t\t<\/div>\n\t\t\t\t\t<\/div>\n\t\t<\/div>\n\t\t\t\t\t<\/div>\n\t\t<\/section>\n\t\t\t\t<section class=\"elementor-section elementor-top-section elementor-element elementor-element-37f57941 elementor-section-boxed elementor-section-height-default elementor-section-height-default\" data-id=\"37f57941\" data-element_type=\"section\">\n\t\t\t\t\t\t<div class=\"elementor-container elementor-column-gap-default\">\n\t\t\t\t\t<div class=\"elementor-column elementor-col-100 elementor-top-column elementor-element elementor-element-1b8e3c2\" data-id=\"1b8e3c2\" data-element_type=\"column\">\n\t\t\t<div class=\"elementor-widget-wrap elementor-element-populated\">\n\t\t\t\t\t\t<div class=\"elementor-element elementor-element-357ccf86 elementor-widget-divider--view-line elementor-widget elementor-widget-divider\" data-id=\"357ccf86\" data-element_type=\"widget\" data-widget_type=\"divider.default\">\n\t\t\t\t<div class=\"elementor-widget-container\">\n\t\t\t\t\t\t\t<div class=\"elementor-divider\">\n\t\t\t<span class=\"elementor-divider-separator\">\n\t\t\t\t\t\t<\/span>\n\t\t<\/div>\n\t\t\t\t\t\t<\/div>\n\t\t\t\t<\/div>\n\t\t\t\t<div class=\"elementor-element elementor-element-4307ff9e elementor-widget elementor-widget-spacer\" data-id=\"4307ff9e\" data-element_type=\"widget\" data-widget_type=\"spacer.default\">\n\t\t\t\t<div class=\"elementor-widget-container\">\n\t\t\t\t\t\t\t<div class=\"elementor-spacer\">\n\t\t\t<div class=\"elementor-spacer-inner\"><\/div>\n\t\t<\/div>\n\t\t\t\t\t\t<\/div>\n\t\t\t\t<\/div>\n\t\t\t\t<section class=\"elementor-section elementor-inner-section elementor-element elementor-element-6aa318c2 elementor-section-boxed elementor-section-height-default elementor-section-height-default\" data-id=\"6aa318c2\" data-element_type=\"section\">\n\t\t\t\t\t\t<div class=\"elementor-container elementor-column-gap-default\">\n\t\t\t\t\t<div class=\"elementor-column elementor-col-50 elementor-inner-column elementor-element elementor-element-5fac797d\" data-id=\"5fac797d\" data-element_type=\"column\">\n\t\t\t<div class=\"elementor-widget-wrap elementor-element-populated\">\n\t\t\t\t\t\t<div class=\"elementor-element elementor-element-4cfff7ac elementor-view-default elementor-widget elementor-widget-icon\" data-id=\"4cfff7ac\" data-element_type=\"widget\" data-widget_type=\"icon.default\">\n\t\t\t\t<div class=\"elementor-widget-container\">\n\t\t\t\t\t\t\t<div class=\"elementor-icon-wrapper\">\n\t\t\t<div class=\"elementor-icon\">\n\t\t\t\t\t\t\t<i class=\"fa fa-pencil-square-o\" aria-hidden=\"true\"><\/i>\n\t\t\t\t\t\t<\/div>\n\t\t<\/div>\n\t\t\t\t\t\t<\/div>\n\t\t\t\t<\/div>\n\t\t\t\t<div class=\"elementor-element elementor-element-2a87e5a4 elementor-widget elementor-widget-text-editor\" data-id=\"2a87e5a4\" data-element_type=\"widget\" data-widget_type=\"text-editor.default\">\n\t\t\t\t<div class=\"elementor-widget-container\">\n\t\t\t\t\t\t\t\t\t<div data-id=\"rjpprlj\" data-element_type=\"text-editor.default\"><p><strong>Texto:\u00a0<\/strong>\u00a0Renata Moura \u2013 periodista \/ Ascom \u2013 ISD<\/p><\/div>\t\t\t\t\t\t\t\t<\/div>\n\t\t\t\t<\/div>\n\t\t\t\t<div class=\"elementor-element elementor-element-2d453740 elementor-widget elementor-widget-text-editor\" data-id=\"2d453740\" data-element_type=\"widget\" data-widget_type=\"text-editor.default\">\n\t\t\t\t<div class=\"elementor-widget-container\">\n\t\t\t\t\t\t\t\t\t<p><strong>Consultor\u00eda de comunicaci\u00f3n<\/strong><br \/> comunicacao@isd.org.br<br \/> (84) 99416-1880<\/p>\t\t\t\t\t\t\t\t<\/div>\n\t\t\t\t<\/div>\n\t\t\t\t\t<\/div>\n\t\t<\/div>\n\t\t\t\t<div class=\"elementor-column elementor-col-50 elementor-inner-column elementor-element elementor-element-44d47dbd\" data-id=\"44d47dbd\" data-element_type=\"column\" data-settings=\"{&quot;background_background&quot;:&quot;classic&quot;}\">\n\t\t\t<div class=\"elementor-widget-wrap elementor-element-populated\">\n\t\t\t\t\t\t<div class=\"elementor-element elementor-element-46787b31 elementor-widget elementor-widget-text-editor\" data-id=\"46787b31\" data-element_type=\"widget\" data-widget_type=\"text-editor.default\">\n\t\t\t\t<div class=\"elementor-widget-container\">\n\t\t\t\t\t\t\t\t\t<h3><strong><span style=\"color: #ffffff;\">Instituto Santos Dumont (ISD)<\/span><\/strong><\/h3><p><span style=\"color: #ffffff;\">Es una Organizaci\u00f3n Social vinculada al Ministerio de Educaci\u00f3n (MEC) y engloba al Instituto Internacional de Neurociencia Edmond y Lily Safra y al Centro de Educaci\u00f3n e Investigaci\u00f3n en Salud Anita Garibaldi, ambos en Maca\u00edba. La misi\u00f3n del ISD es promover la educaci\u00f3n para la vida, formando ciudadanos a trav\u00e9s de acciones integradas de ense\u00f1anza, investigaci\u00f3n y extensi\u00f3n, adem\u00e1s de contribuir para una transformaci\u00f3n m\u00e1s justa y humana de la realidad social brasile\u00f1a.<\/span><\/p>\t\t\t\t\t\t\t\t<\/div>\n\t\t\t\t<\/div>\n\t\t\t\t\t<\/div>\n\t\t<\/div>\n\t\t\t\t\t<\/div>\n\t\t<\/section>\n\t\t\t\t\t<\/div>\n\t\t<\/div>\n\t\t\t\t\t<\/div>\n\t\t<\/section>\n\t\t\t\t<\/div>","protected":false},"excerpt":{"rendered":"<p>Dados oficiais sobre mortes de mulheres gr\u00e1vidas por Covid-19 mostram 145% mais casos no Brasil do que nos Estados Unidos. Enquanto em territ\u00f3rio americano o Centro de Controle e Preven\u00e7\u00e3o de Doen\u00e7as (CDC) apontou na semana passada 55 \u00f3bitos entre janeiro e setembro, no Brasil, 135 foram confirmados pelo governo federal at\u00e9 1\u00ba de agosto [&hellip;]<\/p>","protected":false},"author":10,"featured_media":0,"comment_status":"open","ping_status":"open","sticky":false,"template":"","format":"standard","meta":{"_acf_changed":false,"footnotes":""},"categories":[1],"tags":[],"class_list":["post-19876","post","type-post","status-publish","format-standard","hentry","category-destaque_noticia"],"acf":[],"_links":{"self":[{"href":"https:\/\/institutosantosdumont.org.br\/es\/wp-json\/wp\/v2\/posts\/19876","targetHints":{"allow":["GET"]}}],"collection":[{"href":"https:\/\/institutosantosdumont.org.br\/es\/wp-json\/wp\/v2\/posts"}],"about":[{"href":"https:\/\/institutosantosdumont.org.br\/es\/wp-json\/wp\/v2\/types\/post"}],"author":[{"embeddable":true,"href":"https:\/\/institutosantosdumont.org.br\/es\/wp-json\/wp\/v2\/users\/10"}],"replies":[{"embeddable":true,"href":"https:\/\/institutosantosdumont.org.br\/es\/wp-json\/wp\/v2\/comments?post=19876"}],"version-history":[{"count":0,"href":"https:\/\/institutosantosdumont.org.br\/es\/wp-json\/wp\/v2\/posts\/19876\/revisions"}],"wp:attachment":[{"href":"https:\/\/institutosantosdumont.org.br\/es\/wp-json\/wp\/v2\/media?parent=19876"}],"wp:term":[{"taxonomy":"category","embeddable":true,"href":"https:\/\/institutosantosdumont.org.br\/es\/wp-json\/wp\/v2\/categories?post=19876"},{"taxonomy":"post_tag","embeddable":true,"href":"https:\/\/institutosantosdumont.org.br\/es\/wp-json\/wp\/v2\/tags?post=19876"}],"curies":[{"name":"wp","href":"https:\/\/api.w.org\/{rel}","templated":true}]}}