{"id":19890,"date":"2020-10-05T14:31:07","date_gmt":"2020-10-05T17:31:07","guid":{"rendered":"http:\/\/www.institutosantosdumont.org.br\/?p=19890"},"modified":"2020-10-05T16:42:12","modified_gmt":"2020-10-05T19:42:12","slug":"qualificacao-isd-recebe-residente-do-para-e-amplia-atuacao-como-centro-de-formacao-referencia-no-brasil","status":"publish","type":"post","link":"https:\/\/institutosantosdumont.org.br\/es\/qualificacao-isd-recebe-residente-do-para-e-amplia-atuacao-como-centro-de-formacao-referencia-no-brasil\/","title":{"rendered":"Capacitaci\u00f3n en salud: ISD acoge a paraense y ampl\u00eda su papel como centro de formaci\u00f3n de referencia en Brasil"},"content":{"rendered":"<div data-elementor-type=\"wp-post\" data-elementor-id=\"19890\" class=\"elementor elementor-19890\" data-elementor-post-type=\"post\">\n\t\t\t\t\t\t<section class=\"elementor-section elementor-top-section elementor-element elementor-element-7778bed elementor-section-boxed elementor-section-height-default elementor-section-height-default\" data-id=\"7778bed\" data-element_type=\"section\">\n\t\t\t\t\t\t<div class=\"elementor-container elementor-column-gap-default\">\n\t\t\t\t\t<div class=\"elementor-column elementor-col-100 elementor-top-column elementor-element elementor-element-c55b9aa\" data-id=\"c55b9aa\" data-element_type=\"column\">\n\t\t\t<div class=\"elementor-widget-wrap elementor-element-populated\">\n\t\t\t\t\t\t<div class=\"elementor-element elementor-element-44ec8cb elementor-widget elementor-widget-image\" data-id=\"44ec8cb\" data-element_type=\"widget\" data-widget_type=\"image.default\">\n\t\t\t\t<div class=\"elementor-widget-container\">\n\t\t\t\t\t\t\t\t\t\t\t\t<figure class=\"wp-caption\">\n\t\t\t\t\t\t\t\t\t\t<img fetchpriority=\"high\" decoding=\"async\" width=\"800\" height=\"450\" src=\"https:\/\/institutosantosdumont.org.br\/wp-content\/uploads\/2020\/10\/Est\u00e1gio-no-ISD-Gradua\u00e7\u00e3o-e-Resid\u00eancia-capa-1024x576.jpg\" class=\"attachment-large size-large wp-image-19907\" alt=\"\" srcset=\"https:\/\/institutosantosdumont.org.br\/wp-content\/uploads\/2020\/10\/Est\u00e1gio-no-ISD-Gradua\u00e7\u00e3o-e-Resid\u00eancia-capa-1024x576.jpg 1024w, https:\/\/institutosantosdumont.org.br\/wp-content\/uploads\/2020\/10\/Est\u00e1gio-no-ISD-Gradua\u00e7\u00e3o-e-Resid\u00eancia-capa-300x169.jpg 300w, https:\/\/institutosantosdumont.org.br\/wp-content\/uploads\/2020\/10\/Est\u00e1gio-no-ISD-Gradua\u00e7\u00e3o-e-Resid\u00eancia-capa-768x432.jpg 768w, https:\/\/institutosantosdumont.org.br\/wp-content\/uploads\/2020\/10\/Est\u00e1gio-no-ISD-Gradua\u00e7\u00e3o-e-Resid\u00eancia-capa.jpg 1200w\" sizes=\"(max-width: 800px) 100vw, 800px\" \/>\t\t\t\t\t\t\t\t\t\t\t<figcaption class=\"widget-image-caption wp-caption-text\">Presentaci\u00f3n institucional realizada en la ma\u00f1ana del lunes (05) a Ana Paula, residente en Par\u00e1, y a estudiantes de pregrado de fisioterapia de la UFRN que har\u00e1n pr\u00e1cticas en Anita. En la imagen, la trabajadora social y tutora Alexandra Lima habla sobre el trabajo del ISD<\/figcaption>\n\t\t\t\t\t\t\t\t\t\t<\/figure>\n\t\t\t\t\t\t\t\t\t<\/div>\n\t\t\t\t<\/div>\n\t\t\t\t<div class=\"elementor-element elementor-element-6870c9b elementor-widget elementor-widget-text-editor\" data-id=\"6870c9b\" data-element_type=\"widget\" data-widget_type=\"text-editor.default\">\n\t\t\t\t<div class=\"elementor-widget-container\">\n\t\t\t\t\t\t\t\t\t<p>El Instituto Santos Dumont (ISD), referencia en ense\u00f1anza, investigaci\u00f3n y extensi\u00f3n en salud materno-infantil, personas con discapacidad, neurociencias y neuroingenier\u00eda, ser\u00e1 sitio de pasant\u00eda por primera vez del Programa de Residencia en Neurolog\u00eda del Centro Universitario del Estado de Par\u00e1 (CESUPA).<\/p><p>El \u201cintercambio\u201d comienza este lunes (05) con la fisioterapeuta Ana Paula Monteiro de Ara\u00fajo, en su segundo a\u00f1o de residencia en el programa de Par\u00e1. Durante un mes, desarrollar\u00e1 actividades en el Centro de Educaci\u00f3n e Investigaci\u00f3n en Salud Anita Garibaldi y en el Instituto Internacional de Neurociencias Edmond y Lily Safra (IIN-ELS), del ISD, en Maca\u00edba (RN), ampliando el movimiento de estudiantes de diferentes partes de Brasil y del mundo que ven al Instituto como un centro de formaci\u00f3n de referencia para las profesiones de la salud.\u00a0<\/p><figure id=\"attachment_19906\" aria-describedby=\"caption-attachment-19906\" style=\"width: 1024px\" class=\"wp-caption alignnone\"><a href=\"https:\/\/institutosantosdumont.org.br\/wp-content\/uploads\/2020\/10\/Ana-Paula-Monteiro-de-Ara\u00fajo-residente-do-Par\u00e1-far\u00e1-est\u00e1gio-no-Anita-do-ISD-e1601923194675.jpg\"><img decoding=\"async\" class=\"wp-image-19906 size-large\" src=\"https:\/\/institutosantosdumont.org.br\/wp-content\/uploads\/2020\/10\/Ana-Paula-Monteiro-de-Ara\u00fajo-residente-do-Par\u00e1-far\u00e1-est\u00e1gio-no-Anita-do-ISD-e1601923194675-1024x1024.jpg\" alt=\"\" width=\"1024\" height=\"1024\" srcset=\"https:\/\/institutosantosdumont.org.br\/wp-content\/uploads\/2020\/10\/Ana-Paula-Monteiro-de-Ara\u00fajo-residente-do-Par\u00e1-far\u00e1-est\u00e1gio-no-Anita-do-ISD-e1601923194675-1024x1024.jpg 1024w, https:\/\/institutosantosdumont.org.br\/wp-content\/uploads\/2020\/10\/Ana-Paula-Monteiro-de-Ara\u00fajo-residente-do-Par\u00e1-far\u00e1-est\u00e1gio-no-Anita-do-ISD-e1601923194675-150x150.jpg 150w, https:\/\/institutosantosdumont.org.br\/wp-content\/uploads\/2020\/10\/Ana-Paula-Monteiro-de-Ara\u00fajo-residente-do-Par\u00e1-far\u00e1-est\u00e1gio-no-Anita-do-ISD-e1601923194675-300x300.jpg 300w, https:\/\/institutosantosdumont.org.br\/wp-content\/uploads\/2020\/10\/Ana-Paula-Monteiro-de-Ara\u00fajo-residente-do-Par\u00e1-far\u00e1-est\u00e1gio-no-Anita-do-ISD-e1601923194675-768x768.jpg 768w\" sizes=\"(max-width: 1024px) 100vw, 1024px\" \/><\/a><figcaption id=\"caption-attachment-19906\" class=\"wp-caption-text\">Ana Paula Monteiro de Ara\u00fajo es estudiante del Programa de Residencia en Neurolog\u00eda del Centro Universitario del Estado de Par\u00e1 (CESUPA): Intercambio<\/figcaption><\/figure><p>\u201cEs un movimiento que se viene intensificando y que tiende a expandirse a\u00fan m\u00e1s en los pr\u00f3ximos a\u00f1os en el Instituto\u201d, afirma Lilian Lisboa, gerente de Anita.<\/p><p>El ISD cuenta con programa propio de Residencia Multiprofesional en Atenci\u00f3n a la Salud de Personas con Discapacidad y, en Rio Grande do Norte, mantiene convenios con cinco Programas de Residencia M\u00e9dica (Ginecolog\u00eda y Obstetricia MEJC, Ginecolog\u00eda y Obstetricia HUAB, Neuropediatr\u00eda HUOL, Pediatr\u00eda HUOL y Pediatr\u00eda HUAB) y cuatro Programas de Residencia Multiprofesional (Materno Infantil EMCM, Materno Infantil HUAB, Salud Infantil HUOL y Neonatolog\u00eda MEJC) vinculados a la UFRN.<\/p><p>En el primer semestre de 2020, el Instituto tambi\u00e9n firm\u00f3 un convenio con el Hospital Infantil Varela Santiago (HIVS), con el que ahora trabaja con 100% de los programas de residencia m\u00e9dica pedi\u00e1trica existentes en el estado.\u00a0<\/p><p>\u201cRecibimos a estudiantes de grado de la UFRN para pr\u00e1cticas y, en el posgrado, las residencias m\u00e9dicas y el programa Multiprofesional ya han atra\u00eddo a profesionales de estados como S\u00e3o Paulo, Para\u00edba y, en 2021, de Bah\u00eda por primera vez\u201d, dice Lilian.\u00a0<\/p><p>\u201cSer visto como un centro de referencia para la formaci\u00f3n pr\u00e1ctica de estos estudiantes, como un servicio de excelencia que les sumar\u00e1 un intercambio de experiencias y conocimientos que podr\u00e1n ser aplicados y sumados a otros servicios dentro y fuera del Sistema \u00danico de Salud es extremadamente saludable para todos\u201d, a\u00f1ade.<\/p><p>En el Instituto Internacional de Neurociencias Edmond y Lily Safra, esta realidad tambi\u00e9n es visible en la Maestr\u00eda en Neuroingenier\u00eda, con estudiantes de instituciones de diferentes regiones de Brasil y del exterior.<\/p><p><strong>Ense\u00f1anza-aprendizaje<\/strong><br \/>Durante su pasant\u00eda en el ISD, Ana Paula Monteiro de Ara\u00fajo deber\u00e1 cumplir una carga horaria total de 300 horas, durante las cuales observar\u00e1 la atenci\u00f3n cl\u00ednica, participar\u00e1 de la supervisi\u00f3n t\u00e9cnica y ofrecer\u00e1 capacitaciones a los estudiantes del ISD, como forma de fomentar el intercambio de conocimientos.<\/p><p>El residente realizar\u00e1 actividades en las cl\u00ednicas de autismo, vejiga neurog\u00e9nica, Parkinson, epilepsia, lesi\u00f3n medular pedi\u00e1trica y de adultos. Tendr\u00e1 como escenarios de pr\u00e1ctica tanto a Anita como al IIN-ELS, en proyectos vinculados al Centro de Rehabilitaci\u00f3n Especializada.<\/p><p>En el Programa de Residencia en Neurolog\u00eda de Par\u00e1, dirigido a profesionales de fisioterapia, enfermer\u00eda y nutrici\u00f3n, adquiri\u00f3 experiencia en la UCI y sala con pacientes neurol\u00f3gicos en el hospital de referencia de trauma, as\u00ed como en el \u00e1rea de oncolog\u00eda \u2013 con pacientes con compromiso neurol\u00f3gico \u2013 de donde pasar\u00e1 a la UCI neonatal y atenci\u00f3n pedi\u00e1trica.<\/p><p>\u201cDurante toda mi carrera, mi l\u00ednea de investigaci\u00f3n estuvo enfocada en la Enfermedad de Parkinson, pero siempre quise profundizar en la neuropediatr\u00eda, algo que comenc\u00e9 a hacer durante mi residencia, y creo que la experiencia que tendr\u00e9 en Anita sumar\u00e1 a mi experiencia en todos los sentidos\u201d, se\u00f1ala Ana Paula.<\/p><p>\u201cUna de las ventajas que veo es que el intercambio con el equipo multidisciplinario ser\u00e1 diferente, porque aqu\u00ed el programa re\u00fane profesiones diferentes a las nuestras (adem\u00e1s de fisioterapia, el programa ISD incluye fonoaudiolog\u00eda, trabajo social y psicolog\u00eda). Adem\u00e1s, ganar\u00e9 m\u00e1s tiempo en el \u00e1rea ambulatoria, con la que me identifico m\u00e1s, y experiencia con el autismo, un \u00e1rea en la que todav\u00eda no puedo actuar directamente en Par\u00e1 y en la que todav\u00eda hay mucho por descubrir\u201d.<\/p><p>En el primer d\u00eda de pr\u00e1cticas, este lunes, Ana Paula fue recibida inicialmente con una presentaci\u00f3n institucional del trabajo del ISD.<\/p><p>La presentaci\u00f3n estuvo a cargo de la trabajadora social y tutora Alexandra Lima y cont\u00f3 tambi\u00e9n con la participaci\u00f3n de Raquel Praxedes, residente del Hospital Universitario Onofre Lopes que inicia un mes de pasant\u00eda en la residencia de pediatr\u00eda en Anita, y Pricila Rezende, Ikaro Patr\u00edcio, Lidiane Delgado, Fernanda Elizabeth, Liziane Mafra y Rachel Souza, del 9\u00ba y 10\u00ba periodos de la graduaci\u00f3n en fisioterapia de la UFRN, quienes realizar\u00e1n actividades de pasant\u00eda en las \u00e1reas de ginecolog\u00eda y obstetricia. En la foto de abajo aparecen en una actividad pr\u00e1ctica supervisada.<\/p><figure id=\"attachment_19904\" aria-describedby=\"caption-attachment-19904\" style=\"width: 1024px\" class=\"wp-caption alignnone\"><a href=\"https:\/\/institutosantosdumont.org.br\/wp-content\/uploads\/2020\/10\/Alunos-de-fisioterapia-em-est\u00e1gio-no-Anita-do-ISD-1.jpg\"><img decoding=\"async\" class=\"wp-image-19904 size-large\" src=\"https:\/\/institutosantosdumont.org.br\/wp-content\/uploads\/2020\/10\/Alunos-de-fisioterapia-em-est\u00e1gio-no-Anita-do-ISD-1-1024x576.jpg\" alt=\"\" width=\"1024\" height=\"576\" srcset=\"https:\/\/institutosantosdumont.org.br\/wp-content\/uploads\/2020\/10\/Alunos-de-fisioterapia-em-est\u00e1gio-no-Anita-do-ISD-1-1024x576.jpg 1024w, https:\/\/institutosantosdumont.org.br\/wp-content\/uploads\/2020\/10\/Alunos-de-fisioterapia-em-est\u00e1gio-no-Anita-do-ISD-1-300x169.jpg 300w, https:\/\/institutosantosdumont.org.br\/wp-content\/uploads\/2020\/10\/Alunos-de-fisioterapia-em-est\u00e1gio-no-Anita-do-ISD-1-768x432.jpg 768w\" sizes=\"(max-width: 1024px) 100vw, 1024px\" \/><\/a><figcaption id=\"caption-attachment-19904\" class=\"wp-caption-text\">Estudiantes de fisioterapia de la UFRN en una clase pr\u00e1ctica en Anita, ISD. En la imagen aparecen con la fisioterapeuta y m\u00e1ster en neuroingenier\u00eda del IIN-ELS\/ISD Valeria Azevedo<\/figcaption><\/figure>\t\t\t\t\t\t\t\t<\/div>\n\t\t\t\t<\/div>\n\t\t\t\t\t<\/div>\n\t\t<\/div>\n\t\t\t\t\t<\/div>\n\t\t<\/section>\n\t\t\t\t<section class=\"elementor-section elementor-top-section elementor-element elementor-element-201f704b elementor-section-boxed elementor-section-height-default elementor-section-height-default\" data-id=\"201f704b\" data-element_type=\"section\">\n\t\t\t\t\t\t<div class=\"elementor-container elementor-column-gap-default\">\n\t\t\t\t\t<div class=\"elementor-column elementor-col-100 elementor-top-column elementor-element elementor-element-610fb4b\" data-id=\"610fb4b\" data-element_type=\"column\">\n\t\t\t<div class=\"elementor-widget-wrap elementor-element-populated\">\n\t\t\t\t\t\t<div class=\"elementor-element elementor-element-aeb8cfb elementor-widget-divider--view-line elementor-widget elementor-widget-divider\" data-id=\"aeb8cfb\" data-element_type=\"widget\" data-widget_type=\"divider.default\">\n\t\t\t\t<div class=\"elementor-widget-container\">\n\t\t\t\t\t\t\t<div class=\"elementor-divider\">\n\t\t\t<span class=\"elementor-divider-separator\">\n\t\t\t\t\t\t<\/span>\n\t\t<\/div>\n\t\t\t\t\t\t<\/div>\n\t\t\t\t<\/div>\n\t\t\t\t<div class=\"elementor-element elementor-element-3b9bbc25 elementor-widget elementor-widget-spacer\" data-id=\"3b9bbc25\" data-element_type=\"widget\" data-widget_type=\"spacer.default\">\n\t\t\t\t<div class=\"elementor-widget-container\">\n\t\t\t\t\t\t\t<div class=\"elementor-spacer\">\n\t\t\t<div class=\"elementor-spacer-inner\"><\/div>\n\t\t<\/div>\n\t\t\t\t\t\t<\/div>\n\t\t\t\t<\/div>\n\t\t\t\t<section class=\"elementor-section elementor-inner-section elementor-element elementor-element-782b8c9e elementor-section-boxed elementor-section-height-default elementor-section-height-default\" data-id=\"782b8c9e\" data-element_type=\"section\">\n\t\t\t\t\t\t<div class=\"elementor-container elementor-column-gap-default\">\n\t\t\t\t\t<div class=\"elementor-column elementor-col-50 elementor-inner-column elementor-element elementor-element-64391df3\" data-id=\"64391df3\" data-element_type=\"column\">\n\t\t\t<div class=\"elementor-widget-wrap elementor-element-populated\">\n\t\t\t\t\t\t<div class=\"elementor-element elementor-element-5f5a5862 elementor-view-default elementor-widget elementor-widget-icon\" data-id=\"5f5a5862\" data-element_type=\"widget\" data-widget_type=\"icon.default\">\n\t\t\t\t<div class=\"elementor-widget-container\">\n\t\t\t\t\t\t\t<div class=\"elementor-icon-wrapper\">\n\t\t\t<div class=\"elementor-icon\">\n\t\t\t\t\t\t\t<i class=\"fa fa-pencil-square-o\" aria-hidden=\"true\"><\/i>\n\t\t\t\t\t\t<\/div>\n\t\t<\/div>\n\t\t\t\t\t\t<\/div>\n\t\t\t\t<\/div>\n\t\t\t\t<div class=\"elementor-element elementor-element-1c58db40 elementor-widget elementor-widget-text-editor\" data-id=\"1c58db40\" data-element_type=\"widget\" data-widget_type=\"text-editor.default\">\n\t\t\t\t<div class=\"elementor-widget-container\">\n\t\t\t\t\t\t\t\t\t<div data-id=\"rjpprlj\" data-element_type=\"text-editor.default\"><p><strong>Texto y fotos:\u00a0<\/strong>\u00a0Renata Moura \u2013 Periodista \/ Ascom ISD<\/p><\/div>\t\t\t\t\t\t\t\t<\/div>\n\t\t\t\t<\/div>\n\t\t\t\t<div class=\"elementor-element elementor-element-30152da9 elementor-widget elementor-widget-text-editor\" data-id=\"30152da9\" data-element_type=\"widget\" data-widget_type=\"text-editor.default\">\n\t\t\t\t<div class=\"elementor-widget-container\">\n\t\t\t\t\t\t\t\t\t<p><strong>Consultor\u00eda de comunicaci\u00f3n<\/strong><br \/> comunicacao@isd.org.br<br \/> (84) 99416-1880<\/p>\t\t\t\t\t\t\t\t<\/div>\n\t\t\t\t<\/div>\n\t\t\t\t\t<\/div>\n\t\t<\/div>\n\t\t\t\t<div class=\"elementor-column elementor-col-50 elementor-inner-column elementor-element elementor-element-673e9b13\" data-id=\"673e9b13\" data-element_type=\"column\" data-settings=\"{&quot;background_background&quot;:&quot;classic&quot;}\">\n\t\t\t<div class=\"elementor-widget-wrap elementor-element-populated\">\n\t\t\t\t\t\t<div class=\"elementor-element elementor-element-269fef98 elementor-widget elementor-widget-text-editor\" data-id=\"269fef98\" data-element_type=\"widget\" data-widget_type=\"text-editor.default\">\n\t\t\t\t<div class=\"elementor-widget-container\">\n\t\t\t\t\t\t\t\t\t<h3><strong><span style=\"color: #ffffff;\">Instituto Santos Dumont (ISD)<\/span><\/strong><\/h3><p><span style=\"color: #ffffff;\">Es una Organizaci\u00f3n Social vinculada al Ministerio de Educaci\u00f3n (MEC) y engloba al Instituto Internacional de Neurociencia Edmond y Lily Safra y al Centro de Educaci\u00f3n e Investigaci\u00f3n en Salud Anita Garibaldi, ambos en Maca\u00edba. La misi\u00f3n del ISD es promover la educaci\u00f3n para la vida, formando ciudadanos a trav\u00e9s de acciones integradas de ense\u00f1anza, investigaci\u00f3n y extensi\u00f3n, adem\u00e1s de contribuir para una transformaci\u00f3n m\u00e1s justa y humana de la realidad social brasile\u00f1a.<\/span><\/p>\t\t\t\t\t\t\t\t<\/div>\n\t\t\t\t<\/div>\n\t\t\t\t\t<\/div>\n\t\t<\/div>\n\t\t\t\t\t<\/div>\n\t\t<\/section>\n\t\t\t\t\t<\/div>\n\t\t<\/div>\n\t\t\t\t\t<\/div>\n\t\t<\/section>\n\t\t\t\t<\/div>","protected":false},"excerpt":{"rendered":"<p>Aluna do Programa de Resid\u00eancia em Neurologia do Centro Universit\u00e1rio do Estado do Par\u00e1 far\u00e1 est\u00e1gio durante um m\u00eas no Instituto.<\/p>","protected":false},"author":10,"featured_media":19907,"comment_status":"open","ping_status":"open","sticky":false,"template":"","format":"standard","meta":{"_acf_changed":false,"footnotes":""},"categories":[1],"tags":[],"class_list":["post-19890","post","type-post","status-publish","format-standard","has-post-thumbnail","hentry","category-destaque_noticia"],"acf":[],"_links":{"self":[{"href":"https:\/\/institutosantosdumont.org.br\/es\/wp-json\/wp\/v2\/posts\/19890","targetHints":{"allow":["GET"]}}],"collection":[{"href":"https:\/\/institutosantosdumont.org.br\/es\/wp-json\/wp\/v2\/posts"}],"about":[{"href":"https:\/\/institutosantosdumont.org.br\/es\/wp-json\/wp\/v2\/types\/post"}],"author":[{"embeddable":true,"href":"https:\/\/institutosantosdumont.org.br\/es\/wp-json\/wp\/v2\/users\/10"}],"replies":[{"embeddable":true,"href":"https:\/\/institutosantosdumont.org.br\/es\/wp-json\/wp\/v2\/comments?post=19890"}],"version-history":[{"count":0,"href":"https:\/\/institutosantosdumont.org.br\/es\/wp-json\/wp\/v2\/posts\/19890\/revisions"}],"wp:featuredmedia":[{"embeddable":true,"href":"https:\/\/institutosantosdumont.org.br\/es\/wp-json\/wp\/v2\/media\/19907"}],"wp:attachment":[{"href":"https:\/\/institutosantosdumont.org.br\/es\/wp-json\/wp\/v2\/media?parent=19890"}],"wp:term":[{"taxonomy":"category","embeddable":true,"href":"https:\/\/institutosantosdumont.org.br\/es\/wp-json\/wp\/v2\/categories?post=19890"},{"taxonomy":"post_tag","embeddable":true,"href":"https:\/\/institutosantosdumont.org.br\/es\/wp-json\/wp\/v2\/tags?post=19890"}],"curies":[{"name":"wp","href":"https:\/\/api.w.org\/{rel}","templated":true}]}}