{"id":19927,"date":"2020-10-21T10:47:40","date_gmt":"2020-10-21T13:47:40","guid":{"rendered":"http:\/\/www.institutosantosdumont.org.br\/?p=19927"},"modified":"2020-10-21T11:19:44","modified_gmt":"2020-10-21T14:19:44","slug":"consultor-do-banco-mundial-avalia-pax-e-isd-defende-maior-interseccao-entre-academia-e-setor-produtivo","status":"publish","type":"post","link":"https:\/\/institutosantosdumont.org.br\/es\/consultor-do-banco-mundial-avalia-pax-e-isd-defende-maior-interseccao-entre-academia-e-setor-produtivo\/","title":{"rendered":"Consultor del Banco Mundial eval\u00faa PAX e ISD defiende &#039;mayor intersecci\u00f3n entre academia y sector productivo&#039;"},"content":{"rendered":"<div data-elementor-type=\"wp-post\" data-elementor-id=\"19927\" class=\"elementor elementor-19927\" data-elementor-post-type=\"post\">\n\t\t\t\t\t\t<section class=\"elementor-section elementor-top-section elementor-element elementor-element-54af882 elementor-section-boxed elementor-section-height-default elementor-section-height-default\" data-id=\"54af882\" data-element_type=\"section\">\n\t\t\t\t\t\t<div class=\"elementor-container elementor-column-gap-default\">\n\t\t\t\t\t<div class=\"elementor-column elementor-col-100 elementor-top-column elementor-element elementor-element-13db15f\" data-id=\"13db15f\" data-element_type=\"column\">\n\t\t\t<div class=\"elementor-widget-wrap elementor-element-populated\">\n\t\t\t\t\t\t<div class=\"elementor-element elementor-element-5b587e9 elementor-widget elementor-widget-image\" data-id=\"5b587e9\" data-element_type=\"widget\" data-widget_type=\"image.default\">\n\t\t\t\t<div class=\"elementor-widget-container\">\n\t\t\t\t\t\t\t\t\t\t\t\t<figure class=\"wp-caption\">\n\t\t\t\t\t\t\t\t\t\t<img fetchpriority=\"high\" decoding=\"async\" width=\"800\" height=\"450\" src=\"https:\/\/institutosantosdumont.org.br\/wp-content\/uploads\/2020\/10\/PAX_Reuni\u00e3o-com-Bob-Hodgson-do-Banco-Mundial-capa-1024x576.jpg\" class=\"attachment-large size-large wp-image-19934\" alt=\"\" srcset=\"https:\/\/institutosantosdumont.org.br\/wp-content\/uploads\/2020\/10\/PAX_Reuni\u00e3o-com-Bob-Hodgson-do-Banco-Mundial-capa-1024x576.jpg 1024w, https:\/\/institutosantosdumont.org.br\/wp-content\/uploads\/2020\/10\/PAX_Reuni\u00e3o-com-Bob-Hodgson-do-Banco-Mundial-capa-300x169.jpg 300w, https:\/\/institutosantosdumont.org.br\/wp-content\/uploads\/2020\/10\/PAX_Reuni\u00e3o-com-Bob-Hodgson-do-Banco-Mundial-capa-768x432.jpg 768w, https:\/\/institutosantosdumont.org.br\/wp-content\/uploads\/2020\/10\/PAX_Reuni\u00e3o-com-Bob-Hodgson-do-Banco-Mundial-capa.jpg 1200w\" sizes=\"(max-width: 800px) 100vw, 800px\" \/>\t\t\t\t\t\t\t\t\t\t\t<figcaption class=\"widget-image-caption wp-caption-text\">El director general del ISD, Reginaldo Freitas J\u00fanior, y el director administrativo, Jovan Gadioli dos Santos, que aparecen en la primera fila de la imagen, destacan el papel del Parque Cient\u00edfico y Tecnol\u00f3gico de RN para el desarrollo socioecon\u00f3mico del estado<\/figcaption>\n\t\t\t\t\t\t\t\t\t\t<\/figure>\n\t\t\t\t\t\t\t\t\t<\/div>\n\t\t\t\t<\/div>\n\t\t\t\t<div class=\"elementor-element elementor-element-ad80cfd elementor-widget elementor-widget-text-editor\" data-id=\"ad80cfd\" data-element_type=\"widget\" data-widget_type=\"text-editor.default\">\n\t\t\t\t<div class=\"elementor-widget-container\">\n\t\t\t\t\t\t\t\t\t<p><span style=\"font-weight: 400;\">EL <a href=\"https:\/\/ufrn.br\/imprensa\/noticias\/28641\/ufrn-e-parceiros-analisam-estudo-de-viabilidade-financeira-do-pax\" target=\"_blank\" rel=\"noopener noreferrer nofollow\">Parque Cient\u00edfico y Tecnol\u00f3gico Augusto Severo (PAX)<\/a> que Rio Grande do Norte implementar\u00e1 en la Regi\u00f3n Metropolitana de Natal, en el municipio de Maca\u00edba, necesita promover \u201cuna intersecci\u00f3n m\u00e1s fuerte entre el sector productivo y la academia para impulsar un ecosistema real de desarrollo socioecon\u00f3mico acelerado por la investigaci\u00f3n y la innovaci\u00f3n\u201d.\u00a0<\/span><\/p><p><span style=\"font-weight: 400;\">La opini\u00f3n fue defendida este martes (20) por el director general del Instituto Santos Dumont (ISD), Reginaldo Freitas J\u00fanior, durante una reuni\u00f3n entre directores de universidades, institutos de investigaci\u00f3n, el gobierno estatal y el brit\u00e1nico Bob Hodgson, consultor de la <a href=\"https:\/\/www.worldbank.org\/pt\/country\/brazil\" target=\"_blank\" rel=\"noopener noreferrer nofollow\">Banco mundial<\/a> que eval\u00faa t\u00e9cnicamente el proyecto para su posible financiamiento.\u00a0<\/span><\/p><p><span style=\"font-weight: 400;\">Los participantes en el encuentro -realizado por videoconferencia- destacaron desaf\u00edos, como la necesidad de esta intersecci\u00f3n, as\u00ed como las ventajas de PAX.\u00a0<\/span><\/p><p><span style=\"font-weight: 400;\">Adem\u00e1s del ISD, participaron representantes de instituciones como la Universidad Federal de Rio Grande do Norte (UFRN), Universidad Estadual de RN (UERN), Instituto Federal de Educaci\u00f3n, Ciencia y Tecnolog\u00eda (IFRN), <\/span><span style=\"font-weight: 400;\">Fundaci\u00f3n de Apoyo a la Investigaci\u00f3n del Estado de Rio Grande do Norte (<\/span>fapern<span style=\"font-weight: 400;\">) <\/span><span style=\"font-weight: 400;\">y Secretar\u00eda de Estado de Desarrollo Econ\u00f3mico (Sedec).<\/span><\/p><p><strong>Di\u00e1logo<\/strong><\/p><p><span style=\"font-weight: 400;\">\u201cPongo esperanzas en el Parque Cient\u00edfico y Tecnol\u00f3gico de un di\u00e1logo m\u00e1s cercano con el sector productivo, en un lenguaje que ellos (los empresarios) entiendan, con la objetividad que requieren y con la estrategia de fomentar esa cultura de intersecci\u00f3n m\u00e1s fuerte entre el sector productivo. y la academia\u201d, afirm\u00f3 el director general del ISD.\u00a0<\/span><\/p><p><span style=\"font-weight: 400;\">El Instituto es uno de los fundadores del proyecto y se incorporar\u00e1 a la junta directiva cuando est\u00e9 operativo.<\/span><\/p><p><span style=\"font-weight: 400;\">\u201cActuamos en \u00e1reas de gran inter\u00e9s para el sector productivo, pero es necesario allanar este camino y construir m\u00e1s puentes para que cada vez m\u00e1s productos y patentes se hagan realidad. Es necesario reconocer que nuestra interacci\u00f3n con las empresas a\u00fan est\u00e1 en pa\u00f1ales, pero que tiene fuerza y potencial\u201d, a\u00f1adi\u00f3.\u00a0<\/span><\/p><p><strong>Inversi\u00f3n<\/strong><\/p><p><span style=\"font-weight: 400;\">El Parque Cient\u00edfico y Tecnol\u00f3gico Augusto Severo (PAX) comenz\u00f3 a dise\u00f1arse en 2018, en Rio Grande do Norte, mediante la coordinaci\u00f3n de varios socios, y requerir\u00e1 inversiones de 75,26 millones de rands.<\/span><\/p><p><span style=\"font-weight: 400;\">Los recursos est\u00e1n previstos para cinco etapas de implementaci\u00f3n, distribuidas entre los a\u00f1os 2022 y 2040.<\/span><\/p><p><span style=\"font-weight: 400;\">Del monto total a invertir, se espera que el Banco Mundial aporte alrededor de $ 8 millones, o 10.62%. El resto se destina a financiaci\u00f3n p\u00fablica y asociaciones privadas.<\/span><\/p><p><span style=\"font-weight: 400;\">La expectativa es atraer empresas de Brasil y del extranjero interesadas en tecnolog\u00edas en las \u00e1reas de energ\u00eda, salud e industria 4.0 \u2013 inicialmente anclas del proyecto \u2013 pero tambi\u00e9n en sectores como el aeroespacial, cer\u00e1mico, minerales y cosm\u00e9ticos.<\/span><\/p><p><span style=\"font-weight: 400;\">\u201cEl objetivo principal del proyecto es generar m\u00e1s desarrollo social y econ\u00f3mico\u201d, dijo la asesora de la UFRN y coordinadora de PAX, \u00c2ngela Paiva, en un encuentro con socios que precedi\u00f3 al encuentro con la consultora brit\u00e1nica.\u00a0<\/span><\/p><p><span style=\"font-weight: 400;\">Este martes, Freitas J\u00fanior, de ISD, reforz\u00f3, sin embargo, que \u201cla intersecci\u00f3n de la academia y el sector productivo es una necesidad concreta para que suceda el ecosistema de desarrollo catalizado por la investigaci\u00f3n y la innovaci\u00f3n\u201d.\u00a0<\/span><\/p><p><span style=\"font-weight: 400;\">\u201cEl aporte del sector productivo es fundamental y PAX funcionar\u00e1 como una instituci\u00f3n que coordine estos intereses\u201d, destac\u00f3.<\/span><\/p><p><strong>Mercado<\/strong><\/p><p><span style=\"font-weight: 400;\">Hodgson, consultor del Banco Mundial, cit\u00f3 la visible coordinaci\u00f3n entre instituciones educativas del estado como una ventaja del proyecto y como un movimiento incluso inusual en comparaci\u00f3n con otros que observ\u00f3 en el mundo.<\/span><\/p><p><span style=\"font-weight: 400;\">&quot;Los institutos de investigaci\u00f3n normalmente se sienten muy c\u00f3modos trabajando en sus campos y no est\u00e1n tan interesados en colaborar con otros que trabajan estrechamente con ellos, pero eso no parece suceder aqu\u00ed&quot;, dijo.\u00a0<\/span><\/p><p><span style=\"font-weight: 400;\">Sin embargo, en opini\u00f3n del brit\u00e1nico, los desaf\u00edos que el proyecto enfrenta a lo largo del camino tambi\u00e9n est\u00e1n claros.<\/span><\/p><p><span style=\"font-weight: 400;\">\u00a0\u201cUno de los desaf\u00edos que veo es que Natal tiene muchos recursos, pero est\u00e1 en la &#039;periferia&#039;. \u00bfC\u00f3mo generar el inter\u00e9s del sector productivo, que no necesariamente est\u00e1 aqu\u00ed en Rio Grande do Norte ahora?\u201d, se\u00f1al\u00f3, entre otras preguntas planteadas para la reflexi\u00f3n de investigadores y directores de instituciones que asistieron al encuentro.\u00a0<\/span><\/p><p><span style=\"font-weight: 400;\">\u201c\u00bfEn qu\u00e9 \u00e1reas deber\u00eda centrarse el Parque Cient\u00edfico y Tecnol\u00f3gico Rio Grande do Norte? \u00bfQu\u00e9 puede agregar a lo que ya est\u00e1n haciendo las universidades e institutos de investigaci\u00f3n del estado?\u201d, fueron otras preguntas dentro del an\u00e1lisis inicial que realiz\u00f3 del proyecto.<\/span><\/p><p><strong>Sostenibilidad\u00a0<\/strong><\/p><p><span style=\"font-weight: 400;\">\u201cVeo estas preguntas planteadas (por el consultor) como un escepticismo estrat\u00e9gico y esencial para que el proyecto sea sostenible\u201d, dijo Freitas J\u00fanior, del ISD, en respuesta a las dudas, reforzando que el Instituto Santos Dumont apoya la posici\u00f3n del Parque sobre las \u00e1reas reconocido como m\u00e1s viable y sostenible para integrar el complejo. &quot;La concentraci\u00f3n es esencial&quot;.<\/span><\/p><p><span style=\"font-weight: 400;\">PAX debe operar en un edificio de la UFRN vecino al <a href=\"https:\/\/institutosantosdumont.org.br\/es\/instituto-neurociencias\/\">Instituto Internacional de Neurociencias Edmond y Lily Safra, de ISD<\/a>, en la zona de Maca\u00edba actualmente conocida como <a href=\"https:\/\/institutosantosdumont.org.br\/es\/unidades\/campus-cerebro\/\">Campus del cerebro<\/a>.\u00a0<\/span><\/p><p><span style=\"font-weight: 400;\">Jovan Gadioli dos Santos, director administrativo del ISD y coordinador del grupo de trabajo Mais Gest\u00e3o \u2013 uno de los que estructuran los diversos frentes operativos del Parque y cuya funci\u00f3n es preparar las normas y procedimientos que ser\u00e1n adoptados en la empresa, como los avisos de empresas, regulaciones de compras y plan de empleo y salario \u2013 refuerza la visi\u00f3n de que el Parque es un facilitador de la interacci\u00f3n entre universidades, institutos de investigaci\u00f3n y la industria en las \u00e1reas en las que operar\u00e1.<\/span><\/p><p><span style=\"font-weight: 400;\">\u201cLo que no podemos permitir es que los proyectos desarrollados en universidades e institutos de investigaci\u00f3n se conviertan en proyectos puramente acad\u00e9micos. Necesitamos empresas, negocios, emprendimiento para que estos productos lleguen al mercado, mejoren la calidad de vida de las personas y estimulen el desarrollo\u201d, dijo el director administrativo.<\/span><\/p><p><span style=\"font-weight: 400;\">\u201cY no se trata de tener un &#039;intermediario&#039; que haga esto para los investigadores, sino de tener un facilitador de esta interacci\u00f3n. El parque juega un papel fundamental. Acorta el camino y facilita la interacci\u00f3n entre la academia y las empresas, acercando lo que hace el investigador a lo que necesita el sector productivo y la sociedad. Vemos en esta interacci\u00f3n una oportunidad para salir al mercado con productos con contenido tecnol\u00f3gico que pueden marcar la diferencia\u201d, agreg\u00f3.\u00a0<\/span><\/p><p><span style=\"font-weight: 400;\">El uso de tecnolog\u00edas en el sector de la salud, para mejorar la asistencia m\u00e9dica y la rehabilitaci\u00f3n de personas con discapacidad y\/o lesiones de la m\u00e9dula espinal, es el \u00e1rea en la que ISD deber\u00eda invertir en el proyecto.<\/span><\/p><p><span style=\"font-weight: 400;\">\u201cPodemos ofrecer a las empresas tecnolog\u00edas con potencial de desarrollo y preguntarles cu\u00e1les son los desaf\u00edos y obst\u00e1culos tecnol\u00f3gicos a los que se enfrentan\u201d, afirma Gadioli. &quot;Y creemos que PAX puede acelerar el encuentro entre estas demandas y la provisi\u00f3n de soluciones&quot;.<\/span><\/p>\t\t\t\t\t\t\t\t<\/div>\n\t\t\t\t<\/div>\n\t\t\t\t\t<\/div>\n\t\t<\/div>\n\t\t\t\t\t<\/div>\n\t\t<\/section>\n\t\t\t\t<section class=\"elementor-section elementor-top-section elementor-element elementor-element-315e36d6 elementor-section-boxed elementor-section-height-default elementor-section-height-default\" data-id=\"315e36d6\" data-element_type=\"section\">\n\t\t\t\t\t\t<div class=\"elementor-container elementor-column-gap-default\">\n\t\t\t\t\t<div class=\"elementor-column elementor-col-100 elementor-top-column elementor-element elementor-element-c05a4c4\" data-id=\"c05a4c4\" data-element_type=\"column\">\n\t\t\t<div class=\"elementor-widget-wrap elementor-element-populated\">\n\t\t\t\t\t\t<div class=\"elementor-element elementor-element-2a79c083 elementor-widget-divider--view-line elementor-widget elementor-widget-divider\" data-id=\"2a79c083\" data-element_type=\"widget\" data-widget_type=\"divider.default\">\n\t\t\t\t<div class=\"elementor-widget-container\">\n\t\t\t\t\t\t\t<div class=\"elementor-divider\">\n\t\t\t<span class=\"elementor-divider-separator\">\n\t\t\t\t\t\t<\/span>\n\t\t<\/div>\n\t\t\t\t\t\t<\/div>\n\t\t\t\t<\/div>\n\t\t\t\t<div class=\"elementor-element elementor-element-7e6d9b57 elementor-widget elementor-widget-spacer\" data-id=\"7e6d9b57\" data-element_type=\"widget\" data-widget_type=\"spacer.default\">\n\t\t\t\t<div class=\"elementor-widget-container\">\n\t\t\t\t\t\t\t<div class=\"elementor-spacer\">\n\t\t\t<div class=\"elementor-spacer-inner\"><\/div>\n\t\t<\/div>\n\t\t\t\t\t\t<\/div>\n\t\t\t\t<\/div>\n\t\t\t\t<section class=\"elementor-section elementor-inner-section elementor-element elementor-element-1f6a933d elementor-section-boxed elementor-section-height-default elementor-section-height-default\" data-id=\"1f6a933d\" data-element_type=\"section\">\n\t\t\t\t\t\t<div class=\"elementor-container elementor-column-gap-default\">\n\t\t\t\t\t<div class=\"elementor-column elementor-col-50 elementor-inner-column elementor-element elementor-element-9ce39d3\" data-id=\"9ce39d3\" data-element_type=\"column\">\n\t\t\t<div class=\"elementor-widget-wrap elementor-element-populated\">\n\t\t\t\t\t\t<div class=\"elementor-element elementor-element-1f33209d elementor-view-default elementor-widget elementor-widget-icon\" data-id=\"1f33209d\" data-element_type=\"widget\" data-widget_type=\"icon.default\">\n\t\t\t\t<div class=\"elementor-widget-container\">\n\t\t\t\t\t\t\t<div class=\"elementor-icon-wrapper\">\n\t\t\t<div class=\"elementor-icon\">\n\t\t\t\t\t\t\t<i class=\"fa fa-pencil-square-o\" aria-hidden=\"true\"><\/i>\n\t\t\t\t\t\t<\/div>\n\t\t<\/div>\n\t\t\t\t\t\t<\/div>\n\t\t\t\t<\/div>\n\t\t\t\t<div class=\"elementor-element elementor-element-4bc4f14 elementor-widget elementor-widget-text-editor\" data-id=\"4bc4f14\" data-element_type=\"widget\" data-widget_type=\"text-editor.default\">\n\t\t\t\t<div class=\"elementor-widget-container\">\n\t\t\t\t\t\t\t\t\t<div data-id=\"rjpprlj\" data-element_type=\"text-editor.default\"><p><strong>Texto:\u00a0<\/strong>\u00a0Renata Moura \u2013 Periodista \/ Ascom \u2013 ISD<\/p><p><strong>Im\u00e1genes:<\/strong>\u00a0Reproducci\u00f3n<\/p><\/div>\t\t\t\t\t\t\t\t<\/div>\n\t\t\t\t<\/div>\n\t\t\t\t<div class=\"elementor-element elementor-element-6875c03c elementor-widget elementor-widget-text-editor\" data-id=\"6875c03c\" data-element_type=\"widget\" data-widget_type=\"text-editor.default\">\n\t\t\t\t<div class=\"elementor-widget-container\">\n\t\t\t\t\t\t\t\t\t<p><strong>Consultor\u00eda de comunicaci\u00f3n<\/strong><br \/> comunicacao@isd.org.br<br \/> (84) 99416-1880<\/p>\t\t\t\t\t\t\t\t<\/div>\n\t\t\t\t<\/div>\n\t\t\t\t\t<\/div>\n\t\t<\/div>\n\t\t\t\t<div class=\"elementor-column elementor-col-50 elementor-inner-column elementor-element elementor-element-55f11b15\" data-id=\"55f11b15\" data-element_type=\"column\" data-settings=\"{&quot;background_background&quot;:&quot;classic&quot;}\">\n\t\t\t<div class=\"elementor-widget-wrap elementor-element-populated\">\n\t\t\t\t\t\t<div class=\"elementor-element elementor-element-7483e09e elementor-widget elementor-widget-text-editor\" data-id=\"7483e09e\" data-element_type=\"widget\" data-widget_type=\"text-editor.default\">\n\t\t\t\t<div class=\"elementor-widget-container\">\n\t\t\t\t\t\t\t\t\t<h3><strong><span style=\"color: #ffffff;\">Instituto Santos Dumont (ISD)<\/span><\/strong><\/h3><p><span style=\"color: #ffffff;\">Es una Organizaci\u00f3n Social vinculada al Ministerio de Educaci\u00f3n (MEC) y engloba al Instituto Internacional de Neurociencia Edmond y Lily Safra y al Centro de Educaci\u00f3n e Investigaci\u00f3n en Salud Anita Garibaldi, ambos en Maca\u00edba. La misi\u00f3n del ISD es promover la educaci\u00f3n para la vida, formando ciudadanos a trav\u00e9s de acciones integradas de ense\u00f1anza, investigaci\u00f3n y extensi\u00f3n, adem\u00e1s de contribuir para una transformaci\u00f3n m\u00e1s justa y humana de la realidad social brasile\u00f1a.<\/span><\/p>\t\t\t\t\t\t\t\t<\/div>\n\t\t\t\t<\/div>\n\t\t\t\t\t<\/div>\n\t\t<\/div>\n\t\t\t\t\t<\/div>\n\t\t<\/section>\n\t\t\t\t\t<\/div>\n\t\t<\/div>\n\t\t\t\t\t<\/div>\n\t\t<\/section>\n\t\t\t\t<\/div>","protected":false},"excerpt":{"rendered":"<p>Consultor brit\u00e2nico avalia tecnicamente o Parque para poss\u00edvel financiamento e participou de videoconfer\u00eancia com institui\u00e7\u00f5es envolvidas.<\/p>","protected":false},"author":10,"featured_media":19936,"comment_status":"open","ping_status":"open","sticky":false,"template":"","format":"standard","meta":{"_acf_changed":false,"footnotes":""},"categories":[1],"tags":[],"class_list":["post-19927","post","type-post","status-publish","format-standard","has-post-thumbnail","hentry","category-destaque_noticia"],"acf":[],"_links":{"self":[{"href":"https:\/\/institutosantosdumont.org.br\/es\/wp-json\/wp\/v2\/posts\/19927","targetHints":{"allow":["GET"]}}],"collection":[{"href":"https:\/\/institutosantosdumont.org.br\/es\/wp-json\/wp\/v2\/posts"}],"about":[{"href":"https:\/\/institutosantosdumont.org.br\/es\/wp-json\/wp\/v2\/types\/post"}],"author":[{"embeddable":true,"href":"https:\/\/institutosantosdumont.org.br\/es\/wp-json\/wp\/v2\/users\/10"}],"replies":[{"embeddable":true,"href":"https:\/\/institutosantosdumont.org.br\/es\/wp-json\/wp\/v2\/comments?post=19927"}],"version-history":[{"count":0,"href":"https:\/\/institutosantosdumont.org.br\/es\/wp-json\/wp\/v2\/posts\/19927\/revisions"}],"wp:featuredmedia":[{"embeddable":true,"href":"https:\/\/institutosantosdumont.org.br\/es\/wp-json\/wp\/v2\/media\/19936"}],"wp:attachment":[{"href":"https:\/\/institutosantosdumont.org.br\/es\/wp-json\/wp\/v2\/media?parent=19927"}],"wp:term":[{"taxonomy":"category","embeddable":true,"href":"https:\/\/institutosantosdumont.org.br\/es\/wp-json\/wp\/v2\/categories?post=19927"},{"taxonomy":"post_tag","embeddable":true,"href":"https:\/\/institutosantosdumont.org.br\/es\/wp-json\/wp\/v2\/tags?post=19927"}],"curies":[{"name":"wp","href":"https:\/\/api.w.org\/{rel}","templated":true}]}}