{"id":20200,"date":"2020-11-05T16:37:11","date_gmt":"2020-11-05T19:37:11","guid":{"rendered":"http:\/\/www.institutosantosdumont.org.br\/?p=20200"},"modified":"2020-11-06T12:20:47","modified_gmt":"2020-11-06T15:20:47","slug":"parque-cientifico-e-tecnologico-do-rn-recebe-visita-de-potenciais-investidores","status":"publish","type":"post","link":"https:\/\/institutosantosdumont.org.br\/es\/parque-cientifico-e-tecnologico-do-rn-recebe-visita-de-potenciais-investidores\/","title":{"rendered":"Parque Cient\u00edfico y Tecnol\u00f3gico RN recibe visita de potenciales inversionistas"},"content":{"rendered":"<div data-elementor-type=\"wp-post\" data-elementor-id=\"20200\" class=\"elementor elementor-20200\" data-elementor-post-type=\"post\">\n\t\t\t\t\t\t<section class=\"elementor-section elementor-top-section elementor-element elementor-element-e77970a elementor-section-boxed elementor-section-height-default elementor-section-height-default\" data-id=\"e77970a\" data-element_type=\"section\">\n\t\t\t\t\t\t<div class=\"elementor-container elementor-column-gap-default\">\n\t\t\t\t\t<div class=\"elementor-column elementor-col-100 elementor-top-column elementor-element elementor-element-2c91e21\" data-id=\"2c91e21\" data-element_type=\"column\">\n\t\t\t<div class=\"elementor-widget-wrap elementor-element-populated\">\n\t\t\t\t\t\t<div class=\"elementor-element elementor-element-547ed0d elementor-widget elementor-widget-image\" data-id=\"547ed0d\" data-element_type=\"widget\" data-widget_type=\"image.default\">\n\t\t\t\t<div class=\"elementor-widget-container\">\n\t\t\t\t\t\t\t\t\t\t\t\t<figure class=\"wp-caption\">\n\t\t\t\t\t\t\t\t\t\t<img fetchpriority=\"high\" decoding=\"async\" width=\"800\" height=\"389\" src=\"https:\/\/institutosantosdumont.org.br\/wp-content\/uploads\/2020\/11\/05-11-2020-Potenciais-investidores-visitam-Parque-Cient\u00edfico-e-Tecnol\u00f3gico-do-RN-e-Instituto-Internacional-de-Neuroci\u00eancias-Edmond-e-Lily-Safra_-Fotos-Renata-Mou-7-1024x498.jpg\" class=\"attachment-large size-large wp-image-20208\" alt=\"\" srcset=\"https:\/\/institutosantosdumont.org.br\/wp-content\/uploads\/2020\/11\/05-11-2020-Potenciais-investidores-visitam-Parque-Cient\u00edfico-e-Tecnol\u00f3gico-do-RN-e-Instituto-Internacional-de-Neuroci\u00eancias-Edmond-e-Lily-Safra_-Fotos-Renata-Mou-7-1024x498.jpg 1024w, https:\/\/institutosantosdumont.org.br\/wp-content\/uploads\/2020\/11\/05-11-2020-Potenciais-investidores-visitam-Parque-Cient\u00edfico-e-Tecnol\u00f3gico-do-RN-e-Instituto-Internacional-de-Neuroci\u00eancias-Edmond-e-Lily-Safra_-Fotos-Renata-Mou-7-300x146.jpg 300w, https:\/\/institutosantosdumont.org.br\/wp-content\/uploads\/2020\/11\/05-11-2020-Potenciais-investidores-visitam-Parque-Cient\u00edfico-e-Tecnol\u00f3gico-do-RN-e-Instituto-Internacional-de-Neuroci\u00eancias-Edmond-e-Lily-Safra_-Fotos-Renata-Mou-7-768x373.jpg 768w, https:\/\/institutosantosdumont.org.br\/wp-content\/uploads\/2020\/11\/05-11-2020-Potenciais-investidores-visitam-Parque-Cient\u00edfico-e-Tecnol\u00f3gico-do-RN-e-Instituto-Internacional-de-Neuroci\u00eancias-Edmond-e-Lily-Safra_-Fotos-Renata-Mou-7-e1604608505755.jpg 1200w\" sizes=\"(max-width: 800px) 100vw, 800px\" \/>\t\t\t\t\t\t\t\t\t\t\t<figcaption class=\"widget-image-caption wp-caption-text\">El director general del ISD, Reginaldo Freitas J\u00fanior (a la derecha), present\u00f3 a representantes de empresas y entidades del sector productivo el edificio donde funcionar\u00e1 el Parque Cient\u00edfico y Tecnol\u00f3gico Augusto Severo (PAX)<\/figcaption>\n\t\t\t\t\t\t\t\t\t\t<\/figure>\n\t\t\t\t\t\t\t\t\t<\/div>\n\t\t\t\t<\/div>\n\t\t\t\t<div class=\"elementor-element elementor-element-bc4a74e elementor-widget elementor-widget-text-editor\" data-id=\"bc4a74e\" data-element_type=\"widget\" data-widget_type=\"text-editor.default\">\n\t\t\t\t<div class=\"elementor-widget-container\">\n\t\t\t\t\t\t\t\t\t<p><strong>Renata Moura y Kamila Tuenia<\/strong><\/p><p>Reporteros<\/p><p>\u00a0<\/p><p><span style=\"font-weight: 400;\">El Instituto Santos Dumont (ISD) recibi\u00f3 este jueves (05) a representantes del gobierno estatal, entidades del sector productivo y empresas de los sectores de energ\u00eda y de la industria de materiales de construcci\u00f3n en una visita que incluy\u00f3 el Instituto Internacional de Neurociencia Edmond y Lily Safra (IIN-ELS) y las futuras instalaciones del Parque Cient\u00edfico y Tecnol\u00f3gico Augusto Severo (PAX), proyecto vecino al IIN-ELS que tiene al ISD entre sus fundadores.\u00a0<\/span><\/p><p><span style=\"font-weight: 400;\">El Parque funcionar\u00e1 en el \u00e1rea conocida como Campus Cerebro, en Maca\u00edba (RN), en un edificio de la Universidad Federal de Rio Grande do Norte (UFRN) junto al Instituto Internacional de Neurociencias Edmond y Lily Safra. La expectativa es que los avisos para realizar las obras necesarias para el nuevo proyecto se lancen el pr\u00f3ximo a\u00f1o y que la primera fase de la operaci\u00f3n comience en 2022.<\/span><\/p><p><span style=\"font-weight: 400;\">Una de las principales fortalezas de PAX es su capacidad para articular y reunir a diferentes actores sociales de Rio Grande do Norte, alineados con las estrategias para viabilizar el proyecto, dentro del plazo requerido para un proyecto de esta magnitud. Para lograrlo, contar con la estructura principal lista es otra fortaleza importante, afirm\u00f3 el director general del ISD, Reginaldo Freitas J\u00fanior.<\/span><\/p><p><span style=\"font-weight: 400;\">Seg\u00fan \u00e9l, la ocupaci\u00f3n del Parque fortalece el trabajo que ya realiza el ISD en tecnolog\u00eda y salud y debe acercar las instituciones de investigaci\u00f3n del estado y el sector productivo.\u00a0<\/span><\/p><h4><em>Vea a continuaci\u00f3n una galer\u00eda fotogr\u00e1fica de la visita al edificio donde funcionar\u00e1 el Parque Cient\u00edfico y el Instituto Internacional de Neurociencias Edmond y Lily Safra.<\/em><\/h4><p><div id='gallery-1' class='gallery galleryid-20200 gallery-columns-3 gallery-size-medium'><figure class='gallery-item'>\n\t\t\t<div class='gallery-icon landscape'>\n\t\t\t\t<a href='https:\/\/institutosantosdumont.org.br\/wp-content\/uploads\/2020\/11\/05-11-2020-Potenciais-investidores-visitam-Parque-Cient\u00edfico-e-Tecnol\u00f3gico-do-RN-e-Instituto-Internacional-de-Neuroci\u00eancias-Edmond-e-Lily-Safra_-Fotos-Renata-Mou-4.jpg'><img decoding=\"async\" width=\"300\" height=\"146\" src=\"https:\/\/institutosantosdumont.org.br\/wp-content\/uploads\/2020\/11\/05-11-2020-Potenciais-investidores-visitam-Parque-Cient\u00edfico-e-Tecnol\u00f3gico-do-RN-e-Instituto-Internacional-de-Neuroci\u00eancias-Edmond-e-Lily-Safra_-Fotos-Renata-Mou-4-300x146.jpg\" class=\"attachment-medium size-medium\" alt=\"\" srcset=\"https:\/\/institutosantosdumont.org.br\/wp-content\/uploads\/2020\/11\/05-11-2020-Potenciais-investidores-visitam-Parque-Cient\u00edfico-e-Tecnol\u00f3gico-do-RN-e-Instituto-Internacional-de-Neuroci\u00eancias-Edmond-e-Lily-Safra_-Fotos-Renata-Mou-4-300x146.jpg 300w, https:\/\/institutosantosdumont.org.br\/wp-content\/uploads\/2020\/11\/05-11-2020-Potenciais-investidores-visitam-Parque-Cient\u00edfico-e-Tecnol\u00f3gico-do-RN-e-Instituto-Internacional-de-Neuroci\u00eancias-Edmond-e-Lily-Safra_-Fotos-Renata-Mou-4-768x373.jpg 768w, https:\/\/institutosantosdumont.org.br\/wp-content\/uploads\/2020\/11\/05-11-2020-Potenciais-investidores-visitam-Parque-Cient\u00edfico-e-Tecnol\u00f3gico-do-RN-e-Instituto-Internacional-de-Neuroci\u00eancias-Edmond-e-Lily-Safra_-Fotos-Renata-Mou-4-1024x498.jpg 1024w\" sizes=\"(max-width: 300px) 100vw, 300px\" \/><\/a>\n\t\t\t<\/div><\/figure><figure class='gallery-item'>\n\t\t\t<div class='gallery-icon landscape'>\n\t\t\t\t<a href='https:\/\/institutosantosdumont.org.br\/wp-content\/uploads\/2020\/11\/05-11-2020-Potenciais-investidores-visitam-Parque-Cient\u00edfico-e-Tecnol\u00f3gico-do-RN-e-Instituto-Internacional-de-Neuroci\u00eancias-Edmond-e-Lily-Safra_-Fotos-Renata-Mou-5.jpg'><img decoding=\"async\" width=\"300\" height=\"146\" src=\"https:\/\/institutosantosdumont.org.br\/wp-content\/uploads\/2020\/11\/05-11-2020-Potenciais-investidores-visitam-Parque-Cient\u00edfico-e-Tecnol\u00f3gico-do-RN-e-Instituto-Internacional-de-Neuroci\u00eancias-Edmond-e-Lily-Safra_-Fotos-Renata-Mou-5-300x146.jpg\" class=\"attachment-medium size-medium\" alt=\"\" srcset=\"https:\/\/institutosantosdumont.org.br\/wp-content\/uploads\/2020\/11\/05-11-2020-Potenciais-investidores-visitam-Parque-Cient\u00edfico-e-Tecnol\u00f3gico-do-RN-e-Instituto-Internacional-de-Neuroci\u00eancias-Edmond-e-Lily-Safra_-Fotos-Renata-Mou-5-300x146.jpg 300w, https:\/\/institutosantosdumont.org.br\/wp-content\/uploads\/2020\/11\/05-11-2020-Potenciais-investidores-visitam-Parque-Cient\u00edfico-e-Tecnol\u00f3gico-do-RN-e-Instituto-Internacional-de-Neuroci\u00eancias-Edmond-e-Lily-Safra_-Fotos-Renata-Mou-5-768x373.jpg 768w, https:\/\/institutosantosdumont.org.br\/wp-content\/uploads\/2020\/11\/05-11-2020-Potenciais-investidores-visitam-Parque-Cient\u00edfico-e-Tecnol\u00f3gico-do-RN-e-Instituto-Internacional-de-Neuroci\u00eancias-Edmond-e-Lily-Safra_-Fotos-Renata-Mou-5-1024x498.jpg 1024w\" sizes=\"(max-width: 300px) 100vw, 300px\" \/><\/a>\n\t\t\t<\/div><\/figure><figure class='gallery-item'>\n\t\t\t<div class='gallery-icon landscape'>\n\t\t\t\t<a href='https:\/\/institutosantosdumont.org.br\/wp-content\/uploads\/2020\/11\/05-11-2020-Potenciais-investidores-visitam-Parque-Cient\u00edfico-e-Tecnol\u00f3gico-do-RN-e-Instituto-Internacional-de-Neuroci\u00eancias-Edmond-e-Lily-Safra_-Fotos-Renata-Mou-6-e1604605732223.jpg'><img loading=\"lazy\" decoding=\"async\" width=\"300\" height=\"300\" src=\"https:\/\/institutosantosdumont.org.br\/wp-content\/uploads\/2020\/11\/05-11-2020-Potenciais-investidores-visitam-Parque-Cient\u00edfico-e-Tecnol\u00f3gico-do-RN-e-Instituto-Internacional-de-Neuroci\u00eancias-Edmond-e-Lily-Safra_-Fotos-Renata-Mou-6-e1604605732223-300x300.jpg\" class=\"attachment-medium size-medium\" alt=\"\" srcset=\"https:\/\/institutosantosdumont.org.br\/wp-content\/uploads\/2020\/11\/05-11-2020-Potenciais-investidores-visitam-Parque-Cient\u00edfico-e-Tecnol\u00f3gico-do-RN-e-Instituto-Internacional-de-Neuroci\u00eancias-Edmond-e-Lily-Safra_-Fotos-Renata-Mou-6-e1604605732223-300x300.jpg 300w, https:\/\/institutosantosdumont.org.br\/wp-content\/uploads\/2020\/11\/05-11-2020-Potenciais-investidores-visitam-Parque-Cient\u00edfico-e-Tecnol\u00f3gico-do-RN-e-Instituto-Internacional-de-Neuroci\u00eancias-Edmond-e-Lily-Safra_-Fotos-Renata-Mou-6-e1604605732223-150x150.jpg 150w, https:\/\/institutosantosdumont.org.br\/wp-content\/uploads\/2020\/11\/05-11-2020-Potenciais-investidores-visitam-Parque-Cient\u00edfico-e-Tecnol\u00f3gico-do-RN-e-Instituto-Internacional-de-Neuroci\u00eancias-Edmond-e-Lily-Safra_-Fotos-Renata-Mou-6-e1604605732223-768x768.jpg 768w, https:\/\/institutosantosdumont.org.br\/wp-content\/uploads\/2020\/11\/05-11-2020-Potenciais-investidores-visitam-Parque-Cient\u00edfico-e-Tecnol\u00f3gico-do-RN-e-Instituto-Internacional-de-Neuroci\u00eancias-Edmond-e-Lily-Safra_-Fotos-Renata-Mou-6-e1604605732223-1024x1024.jpg 1024w\" sizes=\"(max-width: 300px) 100vw, 300px\" \/><\/a>\n\t\t\t<\/div><\/figure><figure class='gallery-item'>\n\t\t\t<div class='gallery-icon landscape'>\n\t\t\t\t<a href='https:\/\/institutosantosdumont.org.br\/wp-content\/uploads\/2020\/11\/05-11-2020-Potenciais-investidores-visitam-Parque-Cient\u00edfico-e-Tecnol\u00f3gico-do-RN-e-Instituto-Internacional-de-Neuroci\u00eancias-Edmond-e-Lily-Safra_-Fotos-Renata-Mou-8.jpg'><img loading=\"lazy\" decoding=\"async\" width=\"300\" height=\"146\" src=\"https:\/\/institutosantosdumont.org.br\/wp-content\/uploads\/2020\/11\/05-11-2020-Potenciais-investidores-visitam-Parque-Cient\u00edfico-e-Tecnol\u00f3gico-do-RN-e-Instituto-Internacional-de-Neuroci\u00eancias-Edmond-e-Lily-Safra_-Fotos-Renata-Mou-8-300x146.jpg\" class=\"attachment-medium size-medium\" alt=\"\" srcset=\"https:\/\/institutosantosdumont.org.br\/wp-content\/uploads\/2020\/11\/05-11-2020-Potenciais-investidores-visitam-Parque-Cient\u00edfico-e-Tecnol\u00f3gico-do-RN-e-Instituto-Internacional-de-Neuroci\u00eancias-Edmond-e-Lily-Safra_-Fotos-Renata-Mou-8-300x146.jpg 300w, https:\/\/institutosantosdumont.org.br\/wp-content\/uploads\/2020\/11\/05-11-2020-Potenciais-investidores-visitam-Parque-Cient\u00edfico-e-Tecnol\u00f3gico-do-RN-e-Instituto-Internacional-de-Neuroci\u00eancias-Edmond-e-Lily-Safra_-Fotos-Renata-Mou-8-768x373.jpg 768w, https:\/\/institutosantosdumont.org.br\/wp-content\/uploads\/2020\/11\/05-11-2020-Potenciais-investidores-visitam-Parque-Cient\u00edfico-e-Tecnol\u00f3gico-do-RN-e-Instituto-Internacional-de-Neuroci\u00eancias-Edmond-e-Lily-Safra_-Fotos-Renata-Mou-8-1024x498.jpg 1024w\" sizes=\"(max-width: 300px) 100vw, 300px\" \/><\/a>\n\t\t\t<\/div><\/figure><figure class='gallery-item'>\n\t\t\t<div class='gallery-icon landscape'>\n\t\t\t\t<a href='https:\/\/institutosantosdumont.org.br\/wp-content\/uploads\/2020\/11\/05-11-2020-Potenciais-investidores-visitam-Parque-Cient\u00edfico-e-Tecnol\u00f3gico-do-RN-e-Instituto-Internacional-de-Neuroci\u00eancias-Edmond-e-Lily-Safra_-Fotos-Renata-Mou-9.jpg'><img loading=\"lazy\" decoding=\"async\" width=\"300\" height=\"146\" src=\"https:\/\/institutosantosdumont.org.br\/wp-content\/uploads\/2020\/11\/05-11-2020-Potenciais-investidores-visitam-Parque-Cient\u00edfico-e-Tecnol\u00f3gico-do-RN-e-Instituto-Internacional-de-Neuroci\u00eancias-Edmond-e-Lily-Safra_-Fotos-Renata-Mou-9-300x146.jpg\" class=\"attachment-medium size-medium\" alt=\"\" srcset=\"https:\/\/institutosantosdumont.org.br\/wp-content\/uploads\/2020\/11\/05-11-2020-Potenciais-investidores-visitam-Parque-Cient\u00edfico-e-Tecnol\u00f3gico-do-RN-e-Instituto-Internacional-de-Neuroci\u00eancias-Edmond-e-Lily-Safra_-Fotos-Renata-Mou-9-300x146.jpg 300w, https:\/\/institutosantosdumont.org.br\/wp-content\/uploads\/2020\/11\/05-11-2020-Potenciais-investidores-visitam-Parque-Cient\u00edfico-e-Tecnol\u00f3gico-do-RN-e-Instituto-Internacional-de-Neuroci\u00eancias-Edmond-e-Lily-Safra_-Fotos-Renata-Mou-9-768x373.jpg 768w, https:\/\/institutosantosdumont.org.br\/wp-content\/uploads\/2020\/11\/05-11-2020-Potenciais-investidores-visitam-Parque-Cient\u00edfico-e-Tecnol\u00f3gico-do-RN-e-Instituto-Internacional-de-Neuroci\u00eancias-Edmond-e-Lily-Safra_-Fotos-Renata-Mou-9-1024x498.jpg 1024w\" sizes=\"(max-width: 300px) 100vw, 300px\" \/><\/a>\n\t\t\t<\/div><\/figure><figure class='gallery-item'>\n\t\t\t<div class='gallery-icon landscape'>\n\t\t\t\t<a href='https:\/\/institutosantosdumont.org.br\/wp-content\/uploads\/2020\/11\/05-11-2020-Potenciais-investidores-visitam-Parque-Cient\u00edfico-e-Tecnol\u00f3gico-do-RN-e-Instituto-Internacional-de-Neuroci\u00eancias-Edmond-e-Lily-Safra_-Fotos-Renata-Mou-10.jpg'><img loading=\"lazy\" decoding=\"async\" width=\"300\" height=\"146\" src=\"https:\/\/institutosantosdumont.org.br\/wp-content\/uploads\/2020\/11\/05-11-2020-Potenciais-investidores-visitam-Parque-Cient\u00edfico-e-Tecnol\u00f3gico-do-RN-e-Instituto-Internacional-de-Neuroci\u00eancias-Edmond-e-Lily-Safra_-Fotos-Renata-Mou-10-300x146.jpg\" class=\"attachment-medium size-medium\" alt=\"\" srcset=\"https:\/\/institutosantosdumont.org.br\/wp-content\/uploads\/2020\/11\/05-11-2020-Potenciais-investidores-visitam-Parque-Cient\u00edfico-e-Tecnol\u00f3gico-do-RN-e-Instituto-Internacional-de-Neuroci\u00eancias-Edmond-e-Lily-Safra_-Fotos-Renata-Mou-10-300x146.jpg 300w, https:\/\/institutosantosdumont.org.br\/wp-content\/uploads\/2020\/11\/05-11-2020-Potenciais-investidores-visitam-Parque-Cient\u00edfico-e-Tecnol\u00f3gico-do-RN-e-Instituto-Internacional-de-Neuroci\u00eancias-Edmond-e-Lily-Safra_-Fotos-Renata-Mou-10-768x373.jpg 768w, https:\/\/institutosantosdumont.org.br\/wp-content\/uploads\/2020\/11\/05-11-2020-Potenciais-investidores-visitam-Parque-Cient\u00edfico-e-Tecnol\u00f3gico-do-RN-e-Instituto-Internacional-de-Neuroci\u00eancias-Edmond-e-Lily-Safra_-Fotos-Renata-Mou-10-1024x498.jpg 1024w\" sizes=\"(max-width: 300px) 100vw, 300px\" \/><\/a>\n\t\t\t<\/div><\/figure><figure class='gallery-item'>\n\t\t\t<div class='gallery-icon landscape'>\n\t\t\t\t<a href='https:\/\/institutosantosdumont.org.br\/wp-content\/uploads\/2020\/11\/05-11-2020-Potenciais-investidores-visitam-Parque-Cient\u00edfico-e-Tecnol\u00f3gico-do-RN-e-Instituto-Internacional-de-Neuroci\u00eancias-Edmond-e-Lily-Safra_-Fotos-Renata-Mou-11.jpg'><img loading=\"lazy\" decoding=\"async\" width=\"300\" height=\"146\" src=\"https:\/\/institutosantosdumont.org.br\/wp-content\/uploads\/2020\/11\/05-11-2020-Potenciais-investidores-visitam-Parque-Cient\u00edfico-e-Tecnol\u00f3gico-do-RN-e-Instituto-Internacional-de-Neuroci\u00eancias-Edmond-e-Lily-Safra_-Fotos-Renata-Mou-11-300x146.jpg\" class=\"attachment-medium size-medium\" alt=\"\" srcset=\"https:\/\/institutosantosdumont.org.br\/wp-content\/uploads\/2020\/11\/05-11-2020-Potenciais-investidores-visitam-Parque-Cient\u00edfico-e-Tecnol\u00f3gico-do-RN-e-Instituto-Internacional-de-Neuroci\u00eancias-Edmond-e-Lily-Safra_-Fotos-Renata-Mou-11-300x146.jpg 300w, https:\/\/institutosantosdumont.org.br\/wp-content\/uploads\/2020\/11\/05-11-2020-Potenciais-investidores-visitam-Parque-Cient\u00edfico-e-Tecnol\u00f3gico-do-RN-e-Instituto-Internacional-de-Neuroci\u00eancias-Edmond-e-Lily-Safra_-Fotos-Renata-Mou-11-768x373.jpg 768w, https:\/\/institutosantosdumont.org.br\/wp-content\/uploads\/2020\/11\/05-11-2020-Potenciais-investidores-visitam-Parque-Cient\u00edfico-e-Tecnol\u00f3gico-do-RN-e-Instituto-Internacional-de-Neuroci\u00eancias-Edmond-e-Lily-Safra_-Fotos-Renata-Mou-11-1024x498.jpg 1024w\" sizes=\"(max-width: 300px) 100vw, 300px\" \/><\/a>\n\t\t\t<\/div><\/figure><figure class='gallery-item'>\n\t\t\t<div class='gallery-icon landscape'>\n\t\t\t\t<a href='https:\/\/institutosantosdumont.org.br\/wp-content\/uploads\/2020\/11\/05-11-2020-Potenciais-investidores-visitam-Parque-Cient\u00edfico-e-Tecnol\u00f3gico-do-RN-e-Instituto-Internacional-de-Neuroci\u00eancias-Edmond-e-Lily-Safra_-Fotos-Renata-Mou-12.jpg'><img loading=\"lazy\" decoding=\"async\" width=\"300\" height=\"146\" src=\"https:\/\/institutosantosdumont.org.br\/wp-content\/uploads\/2020\/11\/05-11-2020-Potenciais-investidores-visitam-Parque-Cient\u00edfico-e-Tecnol\u00f3gico-do-RN-e-Instituto-Internacional-de-Neuroci\u00eancias-Edmond-e-Lily-Safra_-Fotos-Renata-Mou-12-300x146.jpg\" class=\"attachment-medium size-medium\" alt=\"\" srcset=\"https:\/\/institutosantosdumont.org.br\/wp-content\/uploads\/2020\/11\/05-11-2020-Potenciais-investidores-visitam-Parque-Cient\u00edfico-e-Tecnol\u00f3gico-do-RN-e-Instituto-Internacional-de-Neuroci\u00eancias-Edmond-e-Lily-Safra_-Fotos-Renata-Mou-12-300x146.jpg 300w, https:\/\/institutosantosdumont.org.br\/wp-content\/uploads\/2020\/11\/05-11-2020-Potenciais-investidores-visitam-Parque-Cient\u00edfico-e-Tecnol\u00f3gico-do-RN-e-Instituto-Internacional-de-Neuroci\u00eancias-Edmond-e-Lily-Safra_-Fotos-Renata-Mou-12-768x373.jpg 768w, https:\/\/institutosantosdumont.org.br\/wp-content\/uploads\/2020\/11\/05-11-2020-Potenciais-investidores-visitam-Parque-Cient\u00edfico-e-Tecnol\u00f3gico-do-RN-e-Instituto-Internacional-de-Neuroci\u00eancias-Edmond-e-Lily-Safra_-Fotos-Renata-Mou-12-1024x498.jpg 1024w\" sizes=\"(max-width: 300px) 100vw, 300px\" \/><\/a>\n\t\t\t<\/div><\/figure><figure class='gallery-item'>\n\t\t\t<div class='gallery-icon landscape'>\n\t\t\t\t<a href='https:\/\/institutosantosdumont.org.br\/wp-content\/uploads\/2020\/11\/05-11-2020-Potenciais-investidores-visitam-Parque-Cient\u00edfico-e-Tecnol\u00f3gico-do-RN-e-Instituto-Internacional-de-Neuroci\u00eancias-Edmond-e-Lily-Safra_-Fotos-Renata-Mou-13.jpg'><img loading=\"lazy\" decoding=\"async\" width=\"300\" height=\"146\" src=\"https:\/\/institutosantosdumont.org.br\/wp-content\/uploads\/2020\/11\/05-11-2020-Potenciais-investidores-visitam-Parque-Cient\u00edfico-e-Tecnol\u00f3gico-do-RN-e-Instituto-Internacional-de-Neuroci\u00eancias-Edmond-e-Lily-Safra_-Fotos-Renata-Mou-13-300x146.jpg\" class=\"attachment-medium size-medium\" alt=\"\" srcset=\"https:\/\/institutosantosdumont.org.br\/wp-content\/uploads\/2020\/11\/05-11-2020-Potenciais-investidores-visitam-Parque-Cient\u00edfico-e-Tecnol\u00f3gico-do-RN-e-Instituto-Internacional-de-Neuroci\u00eancias-Edmond-e-Lily-Safra_-Fotos-Renata-Mou-13-300x146.jpg 300w, https:\/\/institutosantosdumont.org.br\/wp-content\/uploads\/2020\/11\/05-11-2020-Potenciais-investidores-visitam-Parque-Cient\u00edfico-e-Tecnol\u00f3gico-do-RN-e-Instituto-Internacional-de-Neuroci\u00eancias-Edmond-e-Lily-Safra_-Fotos-Renata-Mou-13-768x373.jpg 768w, https:\/\/institutosantosdumont.org.br\/wp-content\/uploads\/2020\/11\/05-11-2020-Potenciais-investidores-visitam-Parque-Cient\u00edfico-e-Tecnol\u00f3gico-do-RN-e-Instituto-Internacional-de-Neuroci\u00eancias-Edmond-e-Lily-Safra_-Fotos-Renata-Mou-13-1024x498.jpg 1024w\" sizes=\"(max-width: 300px) 100vw, 300px\" \/><\/a>\n\t\t\t<\/div><\/figure><figure class='gallery-item'>\n\t\t\t<div class='gallery-icon landscape'>\n\t\t\t\t<a href='https:\/\/institutosantosdumont.org.br\/wp-content\/uploads\/2020\/11\/05-11-2020-Potenciais-investidores-visitam-Parque-Cient\u00edfico-e-Tecnol\u00f3gico-do-RN-e-Instituto-Internacional-de-Neuroci\u00eancias-Edmond-e-Lily-Safra_-Fotos-Renata-Mou-14.jpg'><img loading=\"lazy\" decoding=\"async\" width=\"300\" height=\"146\" src=\"https:\/\/institutosantosdumont.org.br\/wp-content\/uploads\/2020\/11\/05-11-2020-Potenciais-investidores-visitam-Parque-Cient\u00edfico-e-Tecnol\u00f3gico-do-RN-e-Instituto-Internacional-de-Neuroci\u00eancias-Edmond-e-Lily-Safra_-Fotos-Renata-Mou-14-300x146.jpg\" class=\"attachment-medium size-medium\" alt=\"\" srcset=\"https:\/\/institutosantosdumont.org.br\/wp-content\/uploads\/2020\/11\/05-11-2020-Potenciais-investidores-visitam-Parque-Cient\u00edfico-e-Tecnol\u00f3gico-do-RN-e-Instituto-Internacional-de-Neuroci\u00eancias-Edmond-e-Lily-Safra_-Fotos-Renata-Mou-14-300x146.jpg 300w, https:\/\/institutosantosdumont.org.br\/wp-content\/uploads\/2020\/11\/05-11-2020-Potenciais-investidores-visitam-Parque-Cient\u00edfico-e-Tecnol\u00f3gico-do-RN-e-Instituto-Internacional-de-Neuroci\u00eancias-Edmond-e-Lily-Safra_-Fotos-Renata-Mou-14-768x373.jpg 768w, https:\/\/institutosantosdumont.org.br\/wp-content\/uploads\/2020\/11\/05-11-2020-Potenciais-investidores-visitam-Parque-Cient\u00edfico-e-Tecnol\u00f3gico-do-RN-e-Instituto-Internacional-de-Neuroci\u00eancias-Edmond-e-Lily-Safra_-Fotos-Renata-Mou-14-1024x498.jpg 1024w\" sizes=\"(max-width: 300px) 100vw, 300px\" \/><\/a>\n\t\t\t<\/div><\/figure><figure class='gallery-item'>\n\t\t\t<div class='gallery-icon landscape'>\n\t\t\t\t<a href='https:\/\/institutosantosdumont.org.br\/wp-content\/uploads\/2020\/11\/05-11-2020-Potenciais-investidores-visitam-Parque-Cient\u00edfico-e-Tecnol\u00f3gico-do-RN-e-Instituto-Internacional-de-Neuroci\u00eancias-Edmond-e-Lily-Safra_-Fotos-Renata-Mou-15.jpg'><img loading=\"lazy\" decoding=\"async\" width=\"300\" height=\"146\" src=\"https:\/\/institutosantosdumont.org.br\/wp-content\/uploads\/2020\/11\/05-11-2020-Potenciais-investidores-visitam-Parque-Cient\u00edfico-e-Tecnol\u00f3gico-do-RN-e-Instituto-Internacional-de-Neuroci\u00eancias-Edmond-e-Lily-Safra_-Fotos-Renata-Mou-15-300x146.jpg\" class=\"attachment-medium size-medium\" alt=\"\" srcset=\"https:\/\/institutosantosdumont.org.br\/wp-content\/uploads\/2020\/11\/05-11-2020-Potenciais-investidores-visitam-Parque-Cient\u00edfico-e-Tecnol\u00f3gico-do-RN-e-Instituto-Internacional-de-Neuroci\u00eancias-Edmond-e-Lily-Safra_-Fotos-Renata-Mou-15-300x146.jpg 300w, https:\/\/institutosantosdumont.org.br\/wp-content\/uploads\/2020\/11\/05-11-2020-Potenciais-investidores-visitam-Parque-Cient\u00edfico-e-Tecnol\u00f3gico-do-RN-e-Instituto-Internacional-de-Neuroci\u00eancias-Edmond-e-Lily-Safra_-Fotos-Renata-Mou-15-768x373.jpg 768w, https:\/\/institutosantosdumont.org.br\/wp-content\/uploads\/2020\/11\/05-11-2020-Potenciais-investidores-visitam-Parque-Cient\u00edfico-e-Tecnol\u00f3gico-do-RN-e-Instituto-Internacional-de-Neuroci\u00eancias-Edmond-e-Lily-Safra_-Fotos-Renata-Mou-15-1024x498.jpg 1024w\" sizes=\"(max-width: 300px) 100vw, 300px\" \/><\/a>\n\t\t\t<\/div><\/figure><figure class='gallery-item'>\n\t\t\t<div class='gallery-icon landscape'>\n\t\t\t\t<a href='https:\/\/institutosantosdumont.org.br\/wp-content\/uploads\/2020\/11\/05-11-2020-Potenciais-investidores-visitam-Parque-Cient\u00edfico-e-Tecnol\u00f3gico-do-RN-e-Instituto-Internacional-de-Neuroci\u00eancias-Edmond-e-Lily-Safra_-Fotos-Renata-Mou-16.jpg'><img loading=\"lazy\" decoding=\"async\" width=\"300\" height=\"146\" src=\"https:\/\/institutosantosdumont.org.br\/wp-content\/uploads\/2020\/11\/05-11-2020-Potenciais-investidores-visitam-Parque-Cient\u00edfico-e-Tecnol\u00f3gico-do-RN-e-Instituto-Internacional-de-Neuroci\u00eancias-Edmond-e-Lily-Safra_-Fotos-Renata-Mou-16-300x146.jpg\" class=\"attachment-medium size-medium\" alt=\"\" srcset=\"https:\/\/institutosantosdumont.org.br\/wp-content\/uploads\/2020\/11\/05-11-2020-Potenciais-investidores-visitam-Parque-Cient\u00edfico-e-Tecnol\u00f3gico-do-RN-e-Instituto-Internacional-de-Neuroci\u00eancias-Edmond-e-Lily-Safra_-Fotos-Renata-Mou-16-300x146.jpg 300w, https:\/\/institutosantosdumont.org.br\/wp-content\/uploads\/2020\/11\/05-11-2020-Potenciais-investidores-visitam-Parque-Cient\u00edfico-e-Tecnol\u00f3gico-do-RN-e-Instituto-Internacional-de-Neuroci\u00eancias-Edmond-e-Lily-Safra_-Fotos-Renata-Mou-16-768x373.jpg 768w, https:\/\/institutosantosdumont.org.br\/wp-content\/uploads\/2020\/11\/05-11-2020-Potenciais-investidores-visitam-Parque-Cient\u00edfico-e-Tecnol\u00f3gico-do-RN-e-Instituto-Internacional-de-Neuroci\u00eancias-Edmond-e-Lily-Safra_-Fotos-Renata-Mou-16-1024x498.jpg 1024w\" sizes=\"(max-width: 300px) 100vw, 300px\" \/><\/a>\n\t\t\t<\/div><\/figure><figure class='gallery-item'>\n\t\t\t<div class='gallery-icon landscape'>\n\t\t\t\t<a href='https:\/\/institutosantosdumont.org.br\/wp-content\/uploads\/2020\/11\/05-11-2020-Potenciais-investidores-visitam-Parque-Cient\u00edfico-e-Tecnol\u00f3gico-do-RN-e-Instituto-Internacional-de-Neuroci\u00eancias-Edmond-e-Lily-Safra_-Fotos-Renata-Mou-17.jpg'><img loading=\"lazy\" decoding=\"async\" width=\"300\" height=\"146\" src=\"https:\/\/institutosantosdumont.org.br\/wp-content\/uploads\/2020\/11\/05-11-2020-Potenciais-investidores-visitam-Parque-Cient\u00edfico-e-Tecnol\u00f3gico-do-RN-e-Instituto-Internacional-de-Neuroci\u00eancias-Edmond-e-Lily-Safra_-Fotos-Renata-Mou-17-300x146.jpg\" class=\"attachment-medium size-medium\" alt=\"\" srcset=\"https:\/\/institutosantosdumont.org.br\/wp-content\/uploads\/2020\/11\/05-11-2020-Potenciais-investidores-visitam-Parque-Cient\u00edfico-e-Tecnol\u00f3gico-do-RN-e-Instituto-Internacional-de-Neuroci\u00eancias-Edmond-e-Lily-Safra_-Fotos-Renata-Mou-17-300x146.jpg 300w, https:\/\/institutosantosdumont.org.br\/wp-content\/uploads\/2020\/11\/05-11-2020-Potenciais-investidores-visitam-Parque-Cient\u00edfico-e-Tecnol\u00f3gico-do-RN-e-Instituto-Internacional-de-Neuroci\u00eancias-Edmond-e-Lily-Safra_-Fotos-Renata-Mou-17-768x373.jpg 768w, https:\/\/institutosantosdumont.org.br\/wp-content\/uploads\/2020\/11\/05-11-2020-Potenciais-investidores-visitam-Parque-Cient\u00edfico-e-Tecnol\u00f3gico-do-RN-e-Instituto-Internacional-de-Neuroci\u00eancias-Edmond-e-Lily-Safra_-Fotos-Renata-Mou-17-1024x498.jpg 1024w\" sizes=\"(max-width: 300px) 100vw, 300px\" \/><\/a>\n\t\t\t<\/div><\/figure><figure class='gallery-item'>\n\t\t\t<div class='gallery-icon landscape'>\n\t\t\t\t<a href='https:\/\/institutosantosdumont.org.br\/wp-content\/uploads\/2020\/11\/05-11-2020-Potenciais-investidores-visitam-Parque-Cient\u00edfico-e-Tecnol\u00f3gico-do-RN-e-Instituto-Internacional-de-Neuroci\u00eancias-Edmond-e-Lily-Safra_-Fotos-Renata-Mou.jpg'><img loading=\"lazy\" decoding=\"async\" width=\"300\" height=\"146\" src=\"https:\/\/institutosantosdumont.org.br\/wp-content\/uploads\/2020\/11\/05-11-2020-Potenciais-investidores-visitam-Parque-Cient\u00edfico-e-Tecnol\u00f3gico-do-RN-e-Instituto-Internacional-de-Neuroci\u00eancias-Edmond-e-Lily-Safra_-Fotos-Renata-Mou-300x146.jpg\" class=\"attachment-medium size-medium\" alt=\"\" srcset=\"https:\/\/institutosantosdumont.org.br\/wp-content\/uploads\/2020\/11\/05-11-2020-Potenciais-investidores-visitam-Parque-Cient\u00edfico-e-Tecnol\u00f3gico-do-RN-e-Instituto-Internacional-de-Neuroci\u00eancias-Edmond-e-Lily-Safra_-Fotos-Renata-Mou-300x146.jpg 300w, https:\/\/institutosantosdumont.org.br\/wp-content\/uploads\/2020\/11\/05-11-2020-Potenciais-investidores-visitam-Parque-Cient\u00edfico-e-Tecnol\u00f3gico-do-RN-e-Instituto-Internacional-de-Neuroci\u00eancias-Edmond-e-Lily-Safra_-Fotos-Renata-Mou-768x373.jpg 768w, https:\/\/institutosantosdumont.org.br\/wp-content\/uploads\/2020\/11\/05-11-2020-Potenciais-investidores-visitam-Parque-Cient\u00edfico-e-Tecnol\u00f3gico-do-RN-e-Instituto-Internacional-de-Neuroci\u00eancias-Edmond-e-Lily-Safra_-Fotos-Renata-Mou-1024x498.jpg 1024w\" sizes=\"(max-width: 300px) 100vw, 300px\" \/><\/a>\n\t\t\t<\/div><\/figure><figure class='gallery-item'>\n\t\t\t<div class='gallery-icon landscape'>\n\t\t\t\t<a href='https:\/\/institutosantosdumont.org.br\/wp-content\/uploads\/2020\/11\/05-11-2020-Potenciais-investidores-visitam-Parque-Cient\u00edfico-e-Tecnol\u00f3gico-do-RN-e-Instituto-Internacional-de-Neuroci\u00eancias-Edmond-e-Lily-Safra_-Fotos-Renata-Moura-1.jpg'><img loading=\"lazy\" decoding=\"async\" width=\"300\" height=\"146\" src=\"https:\/\/institutosantosdumont.org.br\/wp-content\/uploads\/2020\/11\/05-11-2020-Potenciais-investidores-visitam-Parque-Cient\u00edfico-e-Tecnol\u00f3gico-do-RN-e-Instituto-Internacional-de-Neuroci\u00eancias-Edmond-e-Lily-Safra_-Fotos-Renata-Moura-1-300x146.jpg\" class=\"attachment-medium size-medium\" alt=\"\" srcset=\"https:\/\/institutosantosdumont.org.br\/wp-content\/uploads\/2020\/11\/05-11-2020-Potenciais-investidores-visitam-Parque-Cient\u00edfico-e-Tecnol\u00f3gico-do-RN-e-Instituto-Internacional-de-Neuroci\u00eancias-Edmond-e-Lily-Safra_-Fotos-Renata-Moura-1-300x146.jpg 300w, https:\/\/institutosantosdumont.org.br\/wp-content\/uploads\/2020\/11\/05-11-2020-Potenciais-investidores-visitam-Parque-Cient\u00edfico-e-Tecnol\u00f3gico-do-RN-e-Instituto-Internacional-de-Neuroci\u00eancias-Edmond-e-Lily-Safra_-Fotos-Renata-Moura-1-768x373.jpg 768w, https:\/\/institutosantosdumont.org.br\/wp-content\/uploads\/2020\/11\/05-11-2020-Potenciais-investidores-visitam-Parque-Cient\u00edfico-e-Tecnol\u00f3gico-do-RN-e-Instituto-Internacional-de-Neuroci\u00eancias-Edmond-e-Lily-Safra_-Fotos-Renata-Moura-1-1024x498.jpg 1024w\" sizes=\"(max-width: 300px) 100vw, 300px\" \/><\/a>\n\t\t\t<\/div><\/figure>\n\t\t<\/div>\n<\/p><p><strong>Inversiones<\/strong><\/p><p><span style=\"font-weight: 400;\">Durante la visita de este jueves, PAX e IIN-ELS recibieron a potenciales inversionistas de las empresas SIMM Solu\u00e7\u00f5es, Texas Controls y <\/span><span style=\"font-weight: 400;\">Brasil Miner\u00eda Qu\u00edmica e Industrial (<\/span><span style=\"font-weight: 400;\">BQMIL). La posibilidad de operar e invertir en el parque es considerada &quot;interesante&quot; y est\u00e1 bajo an\u00e1lisis, seg\u00fan Jos\u00e9 Perales, presidente de SIMM Solu\u00e7\u00f5es, empresa del \u00e1rea de ingenier\u00eda y consultor\u00eda para energ\u00eda e\u00f3lica y solar.\u00a0<\/span><\/p><p><span style=\"font-weight: 400;\">\u201cTenemos varios segmentos dentro de nuestra empresa, trabajamos con construcci\u00f3n, ingenier\u00eda y desarrollo de nuevas soluciones y parte de nuestras actividades &#039;coinciden&#039; con el proyecto y el objetivo que tenemos aqu\u00ed\u201d, afirm\u00f3.\u00a0<\/span><\/p><p><strong>Implantaci\u00f3n<\/strong><\/p><p><span style=\"font-weight: 400;\">El Parque de Ciencia y Tecnolog\u00eda Augusto Severo (PAX) comenz\u00f3 a dise\u00f1arse en 2018 en Rio Grande do Norte, mediante la articulaci\u00f3n de varios socios, y requerir\u00e1 R$ 75,26 millones en inversiones. Los recursos est\u00e1n previstos para cinco etapas de implementaci\u00f3n, distribuidas entre 2022 y 2040, sin embargo, seg\u00fan Olavo Bueno, coordinador de Desarrollo Industrial de la Secretar\u00eda de Estado de Desarrollo Econ\u00f3mico, el PAX deber\u00e1 estar listo en 2021.\u00a0<\/span><\/p><p><span style=\"font-weight: 400;\">\u201cLa primera etapa en la que estamos trabajando es que el parque est\u00e9 listo en 2021, cuando se liciten las obras finales, para que pueda empezar a operar en 2022. Las empresas est\u00e1n viniendo inicialmente a estudiar la posibilidad de operar aqu\u00ed y, gradualmente, ocupar todo este espacio\u201d, dijo Bueno.\u00a0<\/span><\/p><p><span style=\"font-weight: 400;\">Se espera que Bob Hodgson, el consultor responsable de la evaluaci\u00f3n t\u00e9cnica del Parque por parte del Banco Mundial para su posible financiamiento, complete este mes el informe en el que est\u00e1 trabajando luego de una serie de reuniones con las instituciones involucradas en el proyecto. La expectativa es que <\/span><span style=\"font-weight: 400;\">Del valor total a invertir, aproximadamente R$ 1,8 millones, o R$ 10.621, ser\u00e1n liberados por el banco. El resto se financiar\u00e1 mediante financiaci\u00f3n p\u00fablica y asociaciones privadas.<\/span><\/p><p><span style=\"font-weight: 400;\">\u201cEst\u00e1n evaluando nuestra propuesta y har\u00e1n sugerencias para mejorar el proyecto. Emitir\u00e1n una opini\u00f3n sobre el ecosistema de innovaci\u00f3n que validar\u00e1 la propuesta como una excelente oportunidad para atraer inversi\u00f3n del Gobierno Estatal a trav\u00e9s del Banco Mundial. En cuanto contemos con estos recursos, comenzaremos a trabajar para mejorar la infraestructura\u201d, declar\u00f3 el director de la Agencia de Innovaci\u00f3n de la UFRN (AGIR\/UFRN), Daniel Pontes, quien represent\u00f3 a la asesora de la UFRN y coordinadora del Parque, \u00c2ngela Paiva, durante la visita.<\/span><\/p><p><span style=\"font-weight: 400;\">\u201cSi bien no tendremos el edificio en pleno funcionamiento en 2021, desde 2020 iniciamos actividades para acercar el Parque a los empresarios y ya estamos iniciando acciones para que el p\u00fablico externo tambi\u00e9n conozca la existencia de este proyecto\u201d, afirma.\u00a0<\/span><\/p><p><span style=\"font-weight: 400;\">Otros empresarios de Brasil y del exterior ya han visto el potencial de PAX y, seg\u00fan Pontes, las visitas de prospecci\u00f3n han se\u00f1alado un futuro prometedor.\u00a0<\/span><\/p><p><span style=\"font-weight: 400;\">\u201cEn todos estos momentos donde traemos empresarios, traemos creadores de opini\u00f3n a visitar el parque, hemos recibido buenas impresiones y opiniones positivas respecto a la estructura, adem\u00e1s de futuras intenciones de colaboraci\u00f3n y participaci\u00f3n en el proyecto\u201d, informa Daniel Pontes.\u00a0<\/span><\/p><p><span style=\"font-weight: 400;\">Participaron tambi\u00e9n de la visita de este jueves el director administrativo del ISD, Jovan Gadioli dos Santos, el gerente del IIN-ELS y coordinador de investigaciones del Instituto, Edgard Morya, adem\u00e1s de representantes del Servicio de Apoyo a las Micro y Peque\u00f1as Empresas de Rio Grande do Norte (Sebrae\/RN), de la Fundaci\u00f3n de Apoyo a la Investigaci\u00f3n de RN (Fapern) y de la Secretar\u00eda de Estado de Desarrollo Econ\u00f3mico, instituciones fundadoras del proyecto Parque Cient\u00edfico, junto a la UFRN, el Instituto Santos Dumont, la Gobernaci\u00f3n de RN, Fecom\u00e9rcio, Fiern, UERN, IFRN y las alcald\u00edas de Parnamirim, Maca\u00edba, S\u00e3o Gon\u00e7alo do Amarante y Natal.<\/span><\/p><p><span style=\"font-weight: 400;\">El objetivo principal de PAX es generar m\u00e1s desarrollo social y econ\u00f3mico, acelerado por la investigaci\u00f3n y la innovaci\u00f3n.<\/span><\/p>\t\t\t\t\t\t\t\t<\/div>\n\t\t\t\t<\/div>\n\t\t\t\t\t<\/div>\n\t\t<\/div>\n\t\t\t\t\t<\/div>\n\t\t<\/section>\n\t\t\t\t<section class=\"elementor-section elementor-top-section elementor-element elementor-element-476dfd2f elementor-section-boxed elementor-section-height-default elementor-section-height-default\" data-id=\"476dfd2f\" data-element_type=\"section\">\n\t\t\t\t\t\t<div class=\"elementor-container elementor-column-gap-default\">\n\t\t\t\t\t<div class=\"elementor-column elementor-col-100 elementor-top-column elementor-element elementor-element-48ec9095\" data-id=\"48ec9095\" data-element_type=\"column\">\n\t\t\t<div class=\"elementor-widget-wrap elementor-element-populated\">\n\t\t\t\t\t\t<div class=\"elementor-element elementor-element-724fa109 elementor-widget-divider--view-line elementor-widget elementor-widget-divider\" data-id=\"724fa109\" data-element_type=\"widget\" data-widget_type=\"divider.default\">\n\t\t\t\t<div class=\"elementor-widget-container\">\n\t\t\t\t\t\t\t<div class=\"elementor-divider\">\n\t\t\t<span class=\"elementor-divider-separator\">\n\t\t\t\t\t\t<\/span>\n\t\t<\/div>\n\t\t\t\t\t\t<\/div>\n\t\t\t\t<\/div>\n\t\t\t\t<div class=\"elementor-element elementor-element-5f4523dc elementor-widget elementor-widget-spacer\" data-id=\"5f4523dc\" data-element_type=\"widget\" data-widget_type=\"spacer.default\">\n\t\t\t\t<div class=\"elementor-widget-container\">\n\t\t\t\t\t\t\t<div class=\"elementor-spacer\">\n\t\t\t<div class=\"elementor-spacer-inner\"><\/div>\n\t\t<\/div>\n\t\t\t\t\t\t<\/div>\n\t\t\t\t<\/div>\n\t\t\t\t<section class=\"elementor-section elementor-inner-section elementor-element elementor-element-4d8c9731 elementor-section-boxed elementor-section-height-default elementor-section-height-default\" data-id=\"4d8c9731\" data-element_type=\"section\">\n\t\t\t\t\t\t<div class=\"elementor-container elementor-column-gap-default\">\n\t\t\t\t\t<div class=\"elementor-column elementor-col-50 elementor-inner-column elementor-element elementor-element-43f50de1\" data-id=\"43f50de1\" data-element_type=\"column\">\n\t\t\t<div class=\"elementor-widget-wrap elementor-element-populated\">\n\t\t\t\t\t\t<div class=\"elementor-element elementor-element-932334d elementor-view-default elementor-widget elementor-widget-icon\" data-id=\"932334d\" data-element_type=\"widget\" data-widget_type=\"icon.default\">\n\t\t\t\t<div class=\"elementor-widget-container\">\n\t\t\t\t\t\t\t<div class=\"elementor-icon-wrapper\">\n\t\t\t<div class=\"elementor-icon\">\n\t\t\t\t\t\t\t<i class=\"fa fa-pencil-square-o\" aria-hidden=\"true\"><\/i>\n\t\t\t\t\t\t<\/div>\n\t\t<\/div>\n\t\t\t\t\t\t<\/div>\n\t\t\t\t<\/div>\n\t\t\t\t<div class=\"elementor-element elementor-element-408dc19 elementor-widget elementor-widget-text-editor\" data-id=\"408dc19\" data-element_type=\"widget\" data-widget_type=\"text-editor.default\">\n\t\t\t\t<div class=\"elementor-widget-container\">\n\t\t\t\t\t\t\t\t\t<div data-id=\"rjpprlj\" data-element_type=\"text-editor.default\"><p><strong>Texto:\u00a0\u00a0<\/strong>\u00a0Renata Moura \u2013 Periodista \u2013 y Kamila Tuenia \u2013 Pasante de periodismo\/Ascom \u2013 ISD<\/p><p><strong>Fotos:<\/strong>\u00a0Renata Moura \/ Ascom \u2013 ISD<\/p><\/div>\t\t\t\t\t\t\t\t<\/div>\n\t\t\t\t<\/div>\n\t\t\t\t<div class=\"elementor-element elementor-element-58a1fa0c elementor-widget elementor-widget-text-editor\" data-id=\"58a1fa0c\" data-element_type=\"widget\" data-widget_type=\"text-editor.default\">\n\t\t\t\t<div class=\"elementor-widget-container\">\n\t\t\t\t\t\t\t\t\t<p><strong>Consultor\u00eda de comunicaci\u00f3n<\/strong><br \/> comunicacao@isd.org.br<br \/> (84) 99416-1880<\/p>\t\t\t\t\t\t\t\t<\/div>\n\t\t\t\t<\/div>\n\t\t\t\t\t<\/div>\n\t\t<\/div>\n\t\t\t\t<div class=\"elementor-column elementor-col-50 elementor-inner-column elementor-element elementor-element-4a1e3c04\" data-id=\"4a1e3c04\" data-element_type=\"column\" data-settings=\"{&quot;background_background&quot;:&quot;classic&quot;}\">\n\t\t\t<div class=\"elementor-widget-wrap elementor-element-populated\">\n\t\t\t\t\t\t<div class=\"elementor-element elementor-element-7d25dc1a elementor-widget elementor-widget-text-editor\" data-id=\"7d25dc1a\" data-element_type=\"widget\" data-widget_type=\"text-editor.default\">\n\t\t\t\t<div class=\"elementor-widget-container\">\n\t\t\t\t\t\t\t\t\t<h3><strong><span style=\"color: #ffffff;\">Instituto Santos Dumont (ISD)<\/span><\/strong><\/h3><p><span style=\"color: #ffffff;\">Es una Organizaci\u00f3n Social vinculada al Ministerio de Educaci\u00f3n (MEC) y engloba al Instituto Internacional de Neurociencia Edmond y Lily Safra y al Centro de Educaci\u00f3n e Investigaci\u00f3n en Salud Anita Garibaldi, ambos en Maca\u00edba. La misi\u00f3n del ISD es promover la educaci\u00f3n para la vida, formando ciudadanos a trav\u00e9s de acciones integradas de ense\u00f1anza, investigaci\u00f3n y extensi\u00f3n, adem\u00e1s de contribuir para una transformaci\u00f3n m\u00e1s justa y humana de la realidad social brasile\u00f1a.<\/span><\/p>\t\t\t\t\t\t\t\t<\/div>\n\t\t\t\t<\/div>\n\t\t\t\t\t<\/div>\n\t\t<\/div>\n\t\t\t\t\t<\/div>\n\t\t<\/section>\n\t\t\t\t\t<\/div>\n\t\t<\/div>\n\t\t\t\t\t<\/div>\n\t\t<\/section>\n\t\t\t\t<\/div>","protected":false},"excerpt":{"rendered":"<p>Representantes de empresas dos setores de energia e ind\u00fastria conheceram as futuras instala\u00e7\u00f5es do projeto, que tem in\u00edcio de opera\u00e7\u00e3o previsto para 2022.<\/p>","protected":false},"author":10,"featured_media":20208,"comment_status":"open","ping_status":"open","sticky":false,"template":"","format":"standard","meta":{"_acf_changed":false,"footnotes":""},"categories":[1],"tags":[],"class_list":["post-20200","post","type-post","status-publish","format-standard","has-post-thumbnail","hentry","category-destaque_noticia"],"acf":[],"_links":{"self":[{"href":"https:\/\/institutosantosdumont.org.br\/es\/wp-json\/wp\/v2\/posts\/20200","targetHints":{"allow":["GET"]}}],"collection":[{"href":"https:\/\/institutosantosdumont.org.br\/es\/wp-json\/wp\/v2\/posts"}],"about":[{"href":"https:\/\/institutosantosdumont.org.br\/es\/wp-json\/wp\/v2\/types\/post"}],"author":[{"embeddable":true,"href":"https:\/\/institutosantosdumont.org.br\/es\/wp-json\/wp\/v2\/users\/10"}],"replies":[{"embeddable":true,"href":"https:\/\/institutosantosdumont.org.br\/es\/wp-json\/wp\/v2\/comments?post=20200"}],"version-history":[{"count":0,"href":"https:\/\/institutosantosdumont.org.br\/es\/wp-json\/wp\/v2\/posts\/20200\/revisions"}],"wp:featuredmedia":[{"embeddable":true,"href":"https:\/\/institutosantosdumont.org.br\/es\/wp-json\/wp\/v2\/media\/20208"}],"wp:attachment":[{"href":"https:\/\/institutosantosdumont.org.br\/es\/wp-json\/wp\/v2\/media?parent=20200"}],"wp:term":[{"taxonomy":"category","embeddable":true,"href":"https:\/\/institutosantosdumont.org.br\/es\/wp-json\/wp\/v2\/categories?post=20200"},{"taxonomy":"post_tag","embeddable":true,"href":"https:\/\/institutosantosdumont.org.br\/es\/wp-json\/wp\/v2\/tags?post=20200"}],"curies":[{"name":"wp","href":"https:\/\/api.w.org\/{rel}","templated":true}]}}