{"id":20281,"date":"2020-11-10T10:16:06","date_gmt":"2020-11-10T13:16:06","guid":{"rendered":"http:\/\/www.institutosantosdumont.org.br\/?p=20281"},"modified":"2020-11-24T09:38:58","modified_gmt":"2020-11-24T12:38:58","slug":"videos-do-isd-sobre-a-covid-19-concorrem-a-exibicao-em-mostra-nacional-da-sbpc","status":"publish","type":"post","link":"https:\/\/institutosantosdumont.org.br\/es\/videos-do-isd-sobre-a-covid-19-concorrem-a-exibicao-em-mostra-nacional-da-sbpc\/","title":{"rendered":"V\u00eddeos de ISD sobre la COVID-19 compiten por participar en la exposici\u00f3n SBPC"},"content":{"rendered":"<div data-elementor-type=\"wp-post\" data-elementor-id=\"20281\" class=\"elementor elementor-20281\" data-elementor-post-type=\"post\">\n\t\t\t\t\t\t<section class=\"elementor-section elementor-top-section elementor-element elementor-element-61ac738 elementor-section-boxed elementor-section-height-default elementor-section-height-default\" data-id=\"61ac738\" data-element_type=\"section\">\n\t\t\t\t\t\t<div class=\"elementor-container elementor-column-gap-default\">\n\t\t\t\t\t<div class=\"elementor-column elementor-col-100 elementor-top-column elementor-element elementor-element-4929311\" data-id=\"4929311\" data-element_type=\"column\">\n\t\t\t<div class=\"elementor-widget-wrap elementor-element-populated\">\n\t\t\t\t\t\t<div class=\"elementor-element elementor-element-2faa216 elementor-widget elementor-widget-image\" data-id=\"2faa216\" data-element_type=\"widget\" data-widget_type=\"image.default\">\n\t\t\t\t<div class=\"elementor-widget-container\">\n\t\t\t\t\t\t\t\t\t\t\t\t\t\t\t<img decoding=\"async\" src=\"https:\/\/institutosantosdumont.org.br\/wp-content\/uploads\/2020\/11\/V\u00eddeos-do-ISD-concorrem-em-mostra-da-SBPC-1-e1606159428453.jpg\" title=\"\" alt=\"\" loading=\"lazy\" \/>\t\t\t\t\t\t\t\t\t\t\t\t\t\t\t<\/div>\n\t\t\t\t<\/div>\n\t\t\t\t<div class=\"elementor-element elementor-element-6223129 elementor-widget elementor-widget-text-editor\" data-id=\"6223129\" data-element_type=\"widget\" data-widget_type=\"text-editor.default\">\n\t\t\t\t<div class=\"elementor-widget-container\">\n\t\t\t\t\t\t\t\t\t<p><span style=\"font-weight: 400;\">Dos v\u00eddeos producidos por el Instituto Santos Dumont (ISD) compiten por ser proyectados en <a href=\"https:\/\/ra.sbpcnet.org.br\/72RA\/mostra-de-videos\/\" target=\"_blank\" rel=\"noopener noreferrer nofollow\">Exposici\u00f3n \u00abLa ciencia y la pandemia de la Covid-19\u00bb<\/a>, organizada por la Sociedad Brasile\u00f1a para el Avance de la Ciencia (SBPC). La Exposici\u00f3n forma parte de las actividades de SBPC Jovem, de la versi\u00f3n virtual y extendida de la 72.\u00aa Reuni\u00f3n Anual de la SBPC, y recibi\u00f3 inscripciones de varios estados brasile\u00f1os. De las 27 universidades e instituciones educativas y de investigaci\u00f3n participantes, siete \u2014incluida la ISD\u2014 pertenecen a la regi\u00f3n Nordeste, la mayor\u00eda de las cuales participan en el concurso.<\/span><\/p><p><span style=\"font-weight: 400;\">En total, 58 v\u00eddeos compiten por su proyecci\u00f3n en la Mostra. Tres de ellos ser\u00e1n seleccionados por un jurado seleccionado por la SBPC y los otros nueve por votaci\u00f3n p\u00fablica, que se ha extendido del 20 al 24 de noviembre. <a href=\"https:\/\/www.youtube.com\/channel\/UCH3fR8lXd-XxjBCC1ChsBSw\" target=\"_blank\" rel=\"noopener noreferrer nofollow\">Canal de YouTube de SBPC<\/a>La votaci\u00f3n se realizar\u00e1 d\u00e1ndole &quot;me gusta&quot; a los videos. Para votar, debes iniciar sesi\u00f3n en YouTube y darle &quot;me gusta&quot; a tus videos favoritos (una opci\u00f3n disponible junto al bot\u00f3n para compartir). <\/span><\/p>\t\t\t\t\t\t\t\t<\/div>\n\t\t\t\t<\/div>\n\t\t\t\t\t<\/div>\n\t\t<\/div>\n\t\t\t\t\t<\/div>\n\t\t<\/section>\n\t\t\t\t<section class=\"elementor-section elementor-top-section elementor-element elementor-element-0393c77 elementor-section-boxed elementor-section-height-default elementor-section-height-default\" data-id=\"0393c77\" data-element_type=\"section\">\n\t\t\t\t\t\t<div class=\"elementor-container elementor-column-gap-default\">\n\t\t\t\t\t<div class=\"elementor-column elementor-col-100 elementor-top-column elementor-element elementor-element-419f26c\" data-id=\"419f26c\" data-element_type=\"column\">\n\t\t\t<div class=\"elementor-widget-wrap elementor-element-populated\">\n\t\t\t\t\t\t<div class=\"elementor-element elementor-element-af82a5d elementor-widget elementor-widget-text-editor\" data-id=\"af82a5d\" data-element_type=\"widget\" data-widget_type=\"text-editor.default\">\n\t\t\t\t<div class=\"elementor-widget-container\">\n\t\t\t\t\t\t\t\t\t<p><em><span style=\"font-weight: 400;\">Haga clic a continuaci\u00f3n para ver los v\u00eddeos \u201c<\/span><a href=\"https:\/\/www.youtube.com\/watch?v=y6-WCHmuWzc&amp;list=PLVigrCJ_g6LfZNi2dyzQAv3_ZReXMZ1RN&amp;index=20\" target=\"_blank\" rel=\"noopener noreferrer nofollow\"><span style=\"font-weight: 400;\">Coronavirus: C\u00f3mo desinfectar alimentos y envases<\/span><\/a><span style=\"font-weight: 400;\">&quot; <\/span><span style=\"font-weight: 400;\">\u00a0y &quot;<\/span><a href=\"https:\/\/www.youtube.com\/watch?v=2MCDINzWh_Y&amp;list=PLVigrCJ_g6LfZNi2dyzQAv3_ZReXMZ1RN&amp;index=33\" target=\"_blank\" rel=\"noopener noreferrer nofollow\"><span style=\"font-weight: 400;\">ISD Explica: Dificultades respiratorias que son se\u00f1ales de alerta de la enfermedad<\/span><\/a><span style=\"font-weight: 400;\">&quot; <\/span><span style=\"font-weight: 400;\">, con los que compite el ISD (Pero, para votar por ellos, es necesario acceder a YouTube, en las siguientes direcciones:\u00a0<a href=\"https:\/\/bit.ly\/youtubevideo1_ISDxCovid19\" target=\"_blank\" rel=\"noopener noreferrer nofollow\">https:\/\/bit.ly\/youtubevideo1_ISDxCovid19<\/a>\u00a0y <a href=\"https:\/\/bit.ly\/youtubevideo2_ISDxCovid19\" target=\"_blank\" rel=\"noopener noreferrer nofollow\">https:\/\/bit.ly\/youtubevideo2_ISDxCovid19<\/a> y me gustan)<\/span><\/em><\/p>\t\t\t\t\t\t\t\t<\/div>\n\t\t\t\t<\/div>\n\t\t\t\t\t<\/div>\n\t\t<\/div>\n\t\t\t\t\t<\/div>\n\t\t<\/section>\n\t\t\t\t<section class=\"elementor-section elementor-top-section elementor-element elementor-element-247a1b5 elementor-section-boxed elementor-section-height-default elementor-section-height-default\" data-id=\"247a1b5\" data-element_type=\"section\">\n\t\t\t\t\t\t<div class=\"elementor-container elementor-column-gap-default\">\n\t\t\t\t\t<div class=\"elementor-column elementor-col-100 elementor-top-column elementor-element elementor-element-d6b78ba\" data-id=\"d6b78ba\" data-element_type=\"column\">\n\t\t\t<div class=\"elementor-widget-wrap elementor-element-populated\">\n\t\t\t\t\t\t<div class=\"elementor-element elementor-element-7a46db1 elementor-widget-divider--view-line elementor-widget elementor-widget-divider\" data-id=\"7a46db1\" data-element_type=\"widget\" data-widget_type=\"divider.default\">\n\t\t\t\t<div class=\"elementor-widget-container\">\n\t\t\t\t\t\t\t<div class=\"elementor-divider\">\n\t\t\t<span class=\"elementor-divider-separator\">\n\t\t\t\t\t\t<\/span>\n\t\t<\/div>\n\t\t\t\t\t\t<\/div>\n\t\t\t\t<\/div>\n\t\t\t\t\t<\/div>\n\t\t<\/div>\n\t\t\t\t\t<\/div>\n\t\t<\/section>\n\t\t\t\t<section class=\"elementor-section elementor-top-section elementor-element elementor-element-ac2a3a0 elementor-section-boxed elementor-section-height-default elementor-section-height-default\" data-id=\"ac2a3a0\" data-element_type=\"section\">\n\t\t\t\t\t\t<div class=\"elementor-container elementor-column-gap-default\">\n\t\t\t\t\t<div class=\"elementor-column elementor-col-100 elementor-top-column elementor-element elementor-element-4ff2dc6\" data-id=\"4ff2dc6\" data-element_type=\"column\">\n\t\t\t<div class=\"elementor-widget-wrap elementor-element-populated\">\n\t\t\t\t\t\t<div class=\"elementor-element elementor-element-59a3457 elementor-skin-carousel elementor-arrows-yes elementor-pagination-type-bullets elementor-pagination-position-outside elementor-widget elementor-widget-media-carousel\" data-id=\"59a3457\" data-element_type=\"widget\" data-settings=\"{&quot;skin&quot;:&quot;carousel&quot;,&quot;effect&quot;:&quot;slide&quot;,&quot;show_arrows&quot;:&quot;yes&quot;,&quot;pagination&quot;:&quot;bullets&quot;,&quot;speed&quot;:500,&quot;autoplay&quot;:&quot;yes&quot;,&quot;autoplay_speed&quot;:5000,&quot;loop&quot;:&quot;yes&quot;,&quot;pause_on_hover&quot;:&quot;yes&quot;,&quot;pause_on_interaction&quot;:&quot;yes&quot;,&quot;space_between&quot;:{&quot;unit&quot;:&quot;px&quot;,&quot;size&quot;:10,&quot;sizes&quot;:[]},&quot;space_between_tablet&quot;:{&quot;unit&quot;:&quot;px&quot;,&quot;size&quot;:10,&quot;sizes&quot;:[]},&quot;space_between_mobile&quot;:{&quot;unit&quot;:&quot;px&quot;,&quot;size&quot;:10,&quot;sizes&quot;:[]}}\" data-widget_type=\"media-carousel.default\">\n\t\t\t\t<div class=\"elementor-widget-container\">\n\t\t\t\t\t\t\t\t\t<div class=\"elementor-swiper\">\n\t\t\t\t\t<div class=\"elementor-main-swiper swiper\" role=\"region\" aria-roledescription=\"carousel\" aria-label=\"Slides\" data-no-translation-aria-label=\"\">\n\t\t\t\t<div class=\"swiper-wrapper\">\n\t\t\t\t\t\t\t\t\t\t\t<div class=\"swiper-slide\" role=\"group\" aria-roledescription=\"slide\">\n\t\t\t\t\t\t\t<a href=\"https:\/\/institutosantosdumont.org.br\/wp-content\/uploads\/2020\/11\/Coronav\u00edrus-como-higienizar-alimentos-e-embalagens-thumbnail.png\" data-elementor-open-lightbox=\"yes\" data-elementor-lightbox-slideshow=\"59a3457\" data-elementor-lightbox-title=\"Coronav\u00edrus - como higienizar alimentos e embalagens - thumbnail\" data-e-action-hash=\"#elementor-action%3Aaction%3Dlightbox%26settings%3DeyJpZCI6MjAyODQsInVybCI6Imh0dHBzOlwvXC9pbnN0aXR1dG9zYW50b3NkdW1vbnQub3JnLmJyXC93cC1jb250ZW50XC91cGxvYWRzXC8yMDIwXC8xMVwvQ29yb25hdlx1MDBlZHJ1cy1jb21vLWhpZ2llbml6YXItYWxpbWVudG9zLWUtZW1iYWxhZ2Vucy10aHVtYm5haWwucG5nIiwic2xpZGVzaG93IjoiNTlhMzQ1NyJ9\" data-elementor-lightbox-video=\"https:\/\/www.youtube.com\/embed\/2MCDINzWh_Y?feature=oembed&amp;autoplay=1&amp;rel=0&amp;controls=0\">\t\t<div class=\"elementor-carousel-image\" role=\"img\" aria-label=\"Coronav\u00edrus - como higienizar alimentos e embalagens - thumbnail\" style=\"background-image: url(&#039;https:\/\/institutosantosdumont.org.br\/wp-content\/uploads\/2020\/11\/Coronav\u00edrus-como-higienizar-alimentos-e-embalagens-thumbnail.png&#039;)\">\n\n\t\t\t\n\t\t\t\t\t\t\t<div class=\"elementor-custom-embed-play\">\n\t\t\t\t\t<i aria-hidden=\"true\" class=\"eicon-play\"><\/i>\t\t\t\t\t<span class=\"elementor-screen-only\" data-no-translation=\"\" data-trp-gettext=\"\">Play<\/span>\n\t\t\t\t<\/div>\n\t\t\t\t\t<\/div>\n\t\t<\/a>\t\t\t\t\t\t<\/div>\n\t\t\t\t\t\t\t\t\t\t\t<div class=\"swiper-slide\" role=\"group\" aria-roledescription=\"slide\">\n\t\t\t\t\t\t\t<a href=\"https:\/\/institutosantosdumont.org.br\/wp-content\/uploads\/2020\/11\/FOTO-7.png\" data-elementor-open-lightbox=\"yes\" data-elementor-lightbox-slideshow=\"59a3457\" data-elementor-lightbox-title=\"FOTO 7\" data-e-action-hash=\"#elementor-action%3Aaction%3Dlightbox%26settings%3DeyJpZCI6MjAyODUsInVybCI6Imh0dHBzOlwvXC9pbnN0aXR1dG9zYW50b3NkdW1vbnQub3JnLmJyXC93cC1jb250ZW50XC91cGxvYWRzXC8yMDIwXC8xMVwvRk9UTy03LnBuZyIsInNsaWRlc2hvdyI6IjU5YTM0NTcifQ%3D%3D\" data-elementor-lightbox-video=\"https:\/\/www.youtube.com\/embed\/y6-WCHmuWzc?feature=oembed&amp;autoplay=1&amp;rel=0&amp;controls=0\">\t\t<div class=\"elementor-carousel-image\" role=\"img\" aria-label=\"FOTO 7\" style=\"background-image: url(&#039;https:\/\/institutosantosdumont.org.br\/wp-content\/uploads\/2020\/11\/FOTO-7.png&#039;)\">\n\n\t\t\t\n\t\t\t\t\t\t\t<div class=\"elementor-custom-embed-play\">\n\t\t\t\t\t<i aria-hidden=\"true\" class=\"eicon-play\"><\/i>\t\t\t\t\t<span class=\"elementor-screen-only\" data-no-translation=\"\" data-trp-gettext=\"\">Play<\/span>\n\t\t\t\t<\/div>\n\t\t\t\t\t<\/div>\n\t\t<\/a>\t\t\t\t\t\t<\/div>\n\t\t\t\t\t\t\t\t\t<\/div>\n\t\t\t\t\t\t\t\t\t\t\t\t\t\t\t<div class=\"elementor-swiper-button elementor-swiper-button-prev\" role=\"button\" tabindex=\"0\" aria-label=\"Previous\" data-no-translation-aria-label=\"\">\n\t\t\t\t\t\t\t<i aria-hidden=\"true\" class=\"eicon-chevron-left\"><\/i>\t\t\t\t\t\t<\/div>\n\t\t\t\t\t\t<div class=\"elementor-swiper-button elementor-swiper-button-next\" role=\"button\" tabindex=\"0\" aria-label=\"Next\" data-no-translation-aria-label=\"\">\n\t\t\t\t\t\t\t<i aria-hidden=\"true\" class=\"eicon-chevron-right\"><\/i>\t\t\t\t\t\t<\/div>\n\t\t\t\t\t\t\t\t\t\t\t\t\t\t\t\t<div class=\"swiper-pagination\"><\/div>\n\t\t\t\t\t\t\t\t\t\t\t\t<\/div>\n\t\t\t\t<\/div>\n\t\t\t\t\t\t\t\t<\/div>\n\t\t\t\t<\/div>\n\t\t\t\t\t<\/div>\n\t\t<\/div>\n\t\t\t\t\t<\/div>\n\t\t<\/section>\n\t\t\t\t<section class=\"elementor-section elementor-top-section elementor-element elementor-element-33903df elementor-section-boxed elementor-section-height-default elementor-section-height-default\" data-id=\"33903df\" data-element_type=\"section\">\n\t\t\t\t\t\t<div class=\"elementor-container elementor-column-gap-default\">\n\t\t\t\t\t<div class=\"elementor-column elementor-col-100 elementor-top-column elementor-element elementor-element-12fee82\" data-id=\"12fee82\" data-element_type=\"column\">\n\t\t\t<div class=\"elementor-widget-wrap elementor-element-populated\">\n\t\t\t\t\t\t<div class=\"elementor-element elementor-element-0a1a705 elementor-widget-divider--view-line elementor-widget elementor-widget-divider\" data-id=\"0a1a705\" data-element_type=\"widget\" data-widget_type=\"divider.default\">\n\t\t\t\t<div class=\"elementor-widget-container\">\n\t\t\t\t\t\t\t<div class=\"elementor-divider\">\n\t\t\t<span class=\"elementor-divider-separator\">\n\t\t\t\t\t\t<\/span>\n\t\t<\/div>\n\t\t\t\t\t\t<\/div>\n\t\t\t\t<\/div>\n\t\t\t\t\t<\/div>\n\t\t<\/div>\n\t\t\t\t\t<\/div>\n\t\t<\/section>\n\t\t\t\t<section class=\"elementor-section elementor-top-section elementor-element elementor-element-43ae542 elementor-section-boxed elementor-section-height-default elementor-section-height-default\" data-id=\"43ae542\" data-element_type=\"section\">\n\t\t\t\t\t\t<div class=\"elementor-container elementor-column-gap-default\">\n\t\t\t\t\t<div class=\"elementor-column elementor-col-100 elementor-top-column elementor-element elementor-element-689dd2e\" data-id=\"689dd2e\" data-element_type=\"column\">\n\t\t\t<div class=\"elementor-widget-wrap elementor-element-populated\">\n\t\t\t\t\t\t<div class=\"elementor-element elementor-element-4f357ec elementor-widget elementor-widget-text-editor\" data-id=\"4f357ec\" data-element_type=\"widget\" data-widget_type=\"text-editor.default\">\n\t\t\t\t<div class=\"elementor-widget-container\">\n\t\t\t\t\t\t\t\t\t<p>Los 9 videos m\u00e1s gustados por el p\u00fablico y los 3 seleccionados por el jurado ser\u00e1n lanzados en los canales de SBPC el 25 de noviembre. <span style=\"font-weight: 400;\">Los ganadores tambi\u00e9n participar\u00e1n en sesiones de presentaci\u00f3n y charlas durante la semana que concluye la 72 Reuni\u00f3n Anual de la SBPC, entre el 1 y el 5 de diciembre de 2020.\u00a0<\/span><\/p><p><span style=\"font-weight: 400;\">Entre las instituciones de ense\u00f1anza e investigaci\u00f3n que compiten tambi\u00e9n se incluyen la Universidad Federal de Rio Grande do Norte (UFRN), el Instituto Oswaldo Cruz (Fiocruz), la Academia Brasile\u00f1a de Ciencias, la Universidad de S\u00e3o Paulo, la Universidad Federal de Pernambuco (UFPE), la PUC-MG y el Observatorio Covid-19 en Brasil.<\/span><\/p><p><strong>V\u00eddeos de ISD<\/strong><\/p><p><span style=\"font-weight: 400;\">Los videos \u201c<\/span><a href=\"https:\/\/www.youtube.com\/watch?v=y6-WCHmuWzc&amp;list=PLVigrCJ_g6LfZNi2dyzQAv3_ZReXMZ1RN&amp;index=20\" target=\"_blank\" rel=\"noopener noreferrer nofollow\"><span style=\"font-weight: 400;\">Coronavirus: C\u00f3mo desinfectar alimentos y envases<\/span><\/a><span style=\"font-weight: 400;\">\u201d (a la que se puede acceder en esta direcci\u00f3n: <\/span><a href=\"https:\/\/bit.ly\/youtubevideo1_ISDxCovid19\" target=\"_blank\" rel=\"noopener noreferrer nofollow\"><span style=\"font-weight: 400;\">https:\/\/bit.ly\/youtubevideo1_ISDxCovid19<\/span><\/a><span style=\"font-weight: 400;\">) y &quot;<\/span><a href=\"https:\/\/www.youtube.com\/watch?v=2MCDINzWh_Y&amp;list=PLVigrCJ_g6LfZNi2dyzQAv3_ZReXMZ1RN&amp;index=33\" target=\"_blank\" rel=\"noopener noreferrer nofollow\"><span style=\"font-weight: 400;\">ISD Explica: Dificultades respiratorias que son se\u00f1ales de alerta de la enfermedad<\/span><\/a><span style=\"font-weight: 400;\">&quot; (disponible aqu\u00ed: <\/span><a href=\"https:\/\/bit.ly\/youtubevideo2_ISDxCovid19\" target=\"_blank\" rel=\"noopener noreferrer nofollow\"><span style=\"font-weight: 400;\">https:\/\/bit.ly\/youtubevideo2_ISDxCovid19<\/span><\/a><span style=\"font-weight: 400;\">), con el cual compite el Instituto Santos Dumont, fueron producidos por estudiantes de la Residencia Multiprofesional en Atenci\u00f3n a la Salud para Personas con Discapacidad, del Centro de Educaci\u00f3n e Investigaci\u00f3n en Salud Anita Garibaldi, del ISD, con la supervisi\u00f3n de los preceptores multiprofesionales de Anita.<\/span><\/p><p><span style=\"font-weight: 400;\">Para Camila Sim\u00e3o, fisioterapeuta, preceptora multidisciplinaria y coordinadora del &quot;Comit\u00e9 COVID-19&quot; de Anita\/ISD \u2014uno de los tres comit\u00e9s creados para abordar las demandas prioritarias de servicios relacionadas con la pandemia\u2014, los residentes afrontaban el reto con determinaci\u00f3n, produciendo los videos a distancia. &quot;Nuestro objetivo era informar al p\u00fablico en un momento de gran incertidumbre sobre la COVID-19, animando a la gente a tomar las precauciones necesarias y ense\u00f1\u00e1ndoles a reconocer los posibles s\u00edntomas. Esta misi\u00f3n fue acogida con entusiasmo por nuestros residentes, quienes adquirieron una nueva habilidad, ya que producir videos como estos no formaba parte de su experiencia previa&quot;, afirma Camila.<\/span><\/p><p><span style=\"font-weight: 400;\">El proceso de producci\u00f3n del video tuvo en cuenta diversos matices del inicio de la pandemia y la accesibilidad del contenido, que fue subtitulado y los dos que ahora se incluyen en la exposici\u00f3n de la SBPC fueron traducidos a la Lengua de Se\u00f1as Brasile\u00f1a (LSB). Los temas m\u00e1s relevantes fueron seleccionados y debatidos conjuntamente por preceptores y estudiantes a trav\u00e9s de grupos de trabajo de la Comisi\u00f3n Covid-19, y tambi\u00e9n se consideraron las preguntas m\u00e1s frecuentes del p\u00fablico de Anita.<\/span><\/p><p><span style=\"font-weight: 400;\">Destacamos la importancia de hablar sobre la higiene de los alimentos y los envases, algo necesario y poco accesible. El video sobre los s\u00edntomas respiratorios se realiz\u00f3 pensando en muchos de nuestros pacientes, como ni\u00f1os, personas con discapacidad o lesiones medulares, que necesitar\u00edan que sus cuidadores y familiares estuvieran bien informados sobre la situaci\u00f3n para identificar posibles s\u00edntomas, explica el fisioterapeuta.<\/span><\/p><p><b>ISD x Covid-19<\/b><\/p><p><span style=\"font-weight: 400;\">Desde que la pandemia fue declarada por la Organizaci\u00f3n Mundial de la Salud (OMS) en marzo de 2020, estudiantes, investigadores y preceptores del Instituto Santos Dumont han unido fuerzas en un esfuerzo colectivo para responder a las demandas de la sociedad, que van desde m\u00e1scaras protectoras, producidas y donadas para proteger a los equipos en las unidades de salud, hasta la producci\u00f3n de videos, folletos, artes y ciencias para mostrar a la poblaci\u00f3n posibles formas de superar este momento, cuidar su salud f\u00edsica y mental, denunciar la violencia y tomar decisiones en este contexto.<\/span><\/p><p><span style=\"font-weight: 400;\">En Anita, se crearon tres comit\u00e9s para trabajar en \u00e1reas espec\u00edficas de servicio. El Comit\u00e9 de Psicolog\u00eda, centrado en el apoyo psicol\u00f3gico, se encarg\u00f3 de garantizar la salud mental tanto del personal como de los pacientes. El Comit\u00e9 de Servicios Sociales, a su vez, se encarg\u00f3 de abordar los derechos de las personas durante la pandemia. Y el Comit\u00e9 COVID-19, que reuni\u00f3 a residentes y preceptores de logopedia, fisioterapia, terapia ocupacional y nutrici\u00f3n para abordar temas espec\u00edficos relacionados con la lucha contra la pandemia, se encarg\u00f3 de generar informaci\u00f3n accesible para los pacientes y la comunidad en general durante este per\u00edodo.<\/span><\/p><p><span style=\"font-weight: 400;\">El ISD tambi\u00e9n experiment\u00f3 una adaptaci\u00f3n de servicios sin precedentes durante la pandemia, cuando Anita comenz\u00f3 a operar temporalmente como sala de emergencias para casos sospechosos de Covid-19 y emergencias de menor riesgo en mujeres embarazadas y ni\u00f1os.<\/span><\/p><p><span style=\"font-weight: 400;\">Otros frentes de trabajo incluyeron el combate a la informaci\u00f3n falsa, utilizando informaci\u00f3n oficial y cient\u00edfica recolectada por estudiantes de la Maestr\u00eda en Neuroingenier\u00eda, y la producci\u00f3n de protectores faciales en el Instituto Internacional de Neurociencias Edmond y Lily Safra (IIN-ELS) para donaci\u00f3n a unidades de salud de Para\u00edba y Rio Grande do Norte.\u00a0<\/span><\/p><p><span style=\"font-weight: 400;\">Tambi\u00e9n se adoptaron estrategias como la adopci\u00f3n de atenci\u00f3n telesalud para mantener la motivaci\u00f3n de los pacientes en rehabilitaci\u00f3n, la sensibilizaci\u00f3n en l\u00ednea sobre el abuso y la explotaci\u00f3n sexual durante el per\u00edodo de aislamiento y una l\u00ednea telef\u00f3nica abierta al p\u00fablico para apoyo psicol\u00f3gico y emocional.<\/span><\/p>\t\t\t\t\t\t\t\t<\/div>\n\t\t\t\t<\/div>\n\t\t\t\t<div class=\"elementor-element elementor-element-d785fef elementor-view-default elementor-position-block-start elementor-mobile-position-block-start elementor-widget elementor-widget-icon-box\" data-id=\"d785fef\" data-element_type=\"widget\" data-widget_type=\"icon-box.default\">\n\t\t\t\t<div class=\"elementor-widget-container\">\n\t\t\t\t\t\t\t<div class=\"elementor-icon-box-wrapper\">\n\n\t\t\t\t\t\t<div class=\"elementor-icon-box-icon\">\n\t\t\t\t<span  class=\"elementor-icon\">\n\t\t\t\t<i class=\"fa fa-question\" aria-hidden=\"true\"><\/i>\t\t\t\t<\/span>\n\t\t\t<\/div>\n\t\t\t\n\t\t\t\t\t\t<div class=\"elementor-icon-box-content\">\n\n\t\t\t\t\t\t\t\t\t<h3 class=\"elementor-icon-box-title\">\n\t\t\t\t\t\t<span  >\n\t\t\t\t\t\t\tM\u00c1S INFORMACI\u00d3N SOBRE LA PRESENTACI\u00d3N DE VIDEOS DE SBPC\t\t\t\t\t\t<\/span>\n\t\t\t\t\t<\/h3>\n\t\t\t\t\n\t\t\t\t\t\t\t\t\t<p class=\"elementor-icon-box-description\">\n\t\t\t\t\t\tLa exposici\u00f3n &quot;Ciencia y la Pandemia de la Covid-19&quot; busca estimular, promover y difundir iniciativas audiovisuales para difundir y concientizar sobre la pandemia del coronavirus en Brasil. Participan tres categor\u00edas: Gotas, con videos de hasta 1 minuto de duraci\u00f3n; Cortometrajes (en la que compite el Instituto Santos Dumont), con producciones de hasta 10 minutos de duraci\u00f3n; y Mediometrajes, con videos de entre 10 y 20 minutos de duraci\u00f3n. A continuaci\u00f3n, conozca m\u00e1s sobre los videos producidos por estudiantes y preceptores de Anita\/ISD, presentados a la exposici\u00f3n por el fisioterapeuta Gentil Fonseca.\n\t\t\t\t\t<\/p>\n\t\t\t\t\n\t\t\t<\/div>\n\t\t\t\n\t\t<\/div>\n\t\t\t\t\t\t<\/div>\n\t\t\t\t<\/div>\n\t\t\t\t\t<\/div>\n\t\t<\/div>\n\t\t\t\t\t<\/div>\n\t\t<\/section>\n\t\t\t\t<section class=\"elementor-section elementor-top-section elementor-element elementor-element-5d8a042 elementor-section-boxed elementor-section-height-default elementor-section-height-default\" data-id=\"5d8a042\" data-element_type=\"section\">\n\t\t\t\t\t\t<div class=\"elementor-container elementor-column-gap-default\">\n\t\t\t\t\t<div class=\"elementor-column elementor-col-100 elementor-top-column elementor-element elementor-element-e2294d7\" data-id=\"e2294d7\" data-element_type=\"column\">\n\t\t\t<div class=\"elementor-widget-wrap elementor-element-populated\">\n\t\t\t\t\t\t<div class=\"elementor-element elementor-element-2209025 elementor-position-top elementor-widget elementor-widget-image-box\" data-id=\"2209025\" data-element_type=\"widget\" data-widget_type=\"image-box.default\">\n\t\t\t\t<div class=\"elementor-widget-container\">\n\t\t\t\t\t<div class=\"elementor-image-box-wrapper\"><figure class=\"elementor-image-box-img\"><img fetchpriority=\"high\" decoding=\"async\" width=\"2560\" height=\"1440\" src=\"https:\/\/institutosantosdumont.org.br\/wp-content\/uploads\/2020\/11\/Como-reconhecer-a-dificuldade-respirat\u00f3ria-causada-pela-Covid-19.png\" class=\"attachment-full size-full wp-image-20290\" alt=\"\" srcset=\"https:\/\/institutosantosdumont.org.br\/wp-content\/uploads\/2020\/11\/Como-reconhecer-a-dificuldade-respirat\u00f3ria-causada-pela-Covid-19.png 2560w, https:\/\/institutosantosdumont.org.br\/wp-content\/uploads\/2020\/11\/Como-reconhecer-a-dificuldade-respirat\u00f3ria-causada-pela-Covid-19-300x169.png 300w, https:\/\/institutosantosdumont.org.br\/wp-content\/uploads\/2020\/11\/Como-reconhecer-a-dificuldade-respirat\u00f3ria-causada-pela-Covid-19-768x432.png 768w, https:\/\/institutosantosdumont.org.br\/wp-content\/uploads\/2020\/11\/Como-reconhecer-a-dificuldade-respirat\u00f3ria-causada-pela-Covid-19-1024x576.png 1024w\" sizes=\"(max-width: 2560px) 100vw, 2560px\" \/><\/figure><div class=\"elementor-image-box-content\"><h3 class=\"elementor-image-box-title\"> ISD Explica - Dificultades respiratorias que son se\u00f1ales de advertencia de Covid<\/h3><p class=\"elementor-image-box-description\">Los s\u00edntomas del #COVID-19, el nuevo coronavirus #, pueden parecerse a los de un resfriado com\u00fan o tener el potencial de causar una neumon\u00eda grave. Fiebre acompa\u00f1ada de tos, dolor en el pecho o dificultad para respirar se encuentran entre las posibles se\u00f1ales de alerta de la enfermedad, y el Ministerio de Salud recomienda a las personas que experimentan dificultad para respirar que busquen tratamiento hospitalario para la investigaci\u00f3n y la atenci\u00f3n necesaria. Pero \u00bfc\u00f3mo podemos diferenciar las posibles dificultades respiratorias causadas por la COVID-19 de las causadas por otras enfermedades? \u00bfY qu\u00e9 se\u00f1ales deben tener en cuenta los padres o cuidadores de ni\u00f1os y otras personas que no pueden explicar sus sentimientos? Este tema se aborda en este video, el primero de una serie creada por preceptores y estudiantes de la Residencia Multiprofesional en Atenci\u00f3n M\u00e9dica para Personas con Discapacidad del Instituto Santos Dumont (ISD), con pautas para la educaci\u00f3n en el contexto de la pandemia. El contenido de estreno se basa en recomendaciones del Ministerio de Salud.\n<\/p><\/div><\/div>\t\t\t\t<\/div>\n\t\t\t\t<\/div>\n\t\t\t\t<div class=\"elementor-element elementor-element-8fed2f9 elementor-position-top elementor-widget elementor-widget-image-box\" data-id=\"8fed2f9\" data-element_type=\"widget\" data-widget_type=\"image-box.default\">\n\t\t\t\t<div class=\"elementor-widget-container\">\n\t\t\t\t\t<div class=\"elementor-image-box-wrapper\"><figure class=\"elementor-image-box-img\"><img decoding=\"async\" width=\"2560\" height=\"1440\" src=\"https:\/\/institutosantosdumont.org.br\/wp-content\/uploads\/2020\/11\/Coronav\u00edrus-como-higienizar-alimentos-e-embalagens-thumbnail-1.png\" class=\"attachment-full size-full wp-image-20289\" alt=\"\" srcset=\"https:\/\/institutosantosdumont.org.br\/wp-content\/uploads\/2020\/11\/Coronav\u00edrus-como-higienizar-alimentos-e-embalagens-thumbnail-1.png 2560w, https:\/\/institutosantosdumont.org.br\/wp-content\/uploads\/2020\/11\/Coronav\u00edrus-como-higienizar-alimentos-e-embalagens-thumbnail-1-300x169.png 300w, https:\/\/institutosantosdumont.org.br\/wp-content\/uploads\/2020\/11\/Coronav\u00edrus-como-higienizar-alimentos-e-embalagens-thumbnail-1-768x432.png 768w, https:\/\/institutosantosdumont.org.br\/wp-content\/uploads\/2020\/11\/Coronav\u00edrus-como-higienizar-alimentos-e-embalagens-thumbnail-1-1024x576.png 1024w\" sizes=\"(max-width: 2560px) 100vw, 2560px\" \/><\/figure><div class=\"elementor-image-box-content\"><h3 class=\"elementor-image-box-title\">Coronavirus: C\u00f3mo desinfectar alimentos y envases<\/h3><p class=\"elementor-image-box-description\">\u00bfSab\u00edas que, adem\u00e1s de desinfectarte las manos, es importante lavar bien los alimentos y los envases como medida preventiva contra el nuevo coronavirus #? En este video, preceptores y estudiantes de la Residencia Multiprofesional en Atenci\u00f3n a Personas con Discapacidad, desarrollada por el Instituto Santos Dumont (ISD), ense\u00f1an c\u00f3mo hacerlo. La informaci\u00f3n se basa en las directrices nutricionales para afrontar la COVID-19 de la Universidad Federal de Rio Grande do Norte (UFRN), la Sociedad Brasile\u00f1a de Diabetes, la Sociedad Internacional de Inmunonutrici\u00f3n, la Asociaci\u00f3n Brasile\u00f1a de Nutrici\u00f3n y la Organizaci\u00f3n Mundial de la Salud (OMS).  \n<\/p><\/div><\/div>\t\t\t\t<\/div>\n\t\t\t\t<\/div>\n\t\t\t\t<div class=\"elementor-element elementor-element-2f02692 elementor-widget-divider--view-line elementor-widget elementor-widget-divider\" data-id=\"2f02692\" data-element_type=\"widget\" data-widget_type=\"divider.default\">\n\t\t\t\t<div class=\"elementor-widget-container\">\n\t\t\t\t\t\t\t<div class=\"elementor-divider\">\n\t\t\t<span class=\"elementor-divider-separator\">\n\t\t\t\t\t\t<\/span>\n\t\t<\/div>\n\t\t\t\t\t\t<\/div>\n\t\t\t\t<\/div>\n\t\t\t\t\t<\/div>\n\t\t<\/div>\n\t\t\t\t\t<\/div>\n\t\t<\/section>\n\t\t\t\t<section class=\"elementor-section elementor-top-section elementor-element elementor-element-6d4bd40c elementor-section-boxed elementor-section-height-default elementor-section-height-default\" data-id=\"6d4bd40c\" data-element_type=\"section\">\n\t\t\t\t\t\t<div class=\"elementor-container elementor-column-gap-default\">\n\t\t\t\t\t<div class=\"elementor-column elementor-col-100 elementor-top-column elementor-element elementor-element-5506af75\" data-id=\"5506af75\" data-element_type=\"column\">\n\t\t\t<div class=\"elementor-widget-wrap elementor-element-populated\">\n\t\t\t\t\t\t<div class=\"elementor-element elementor-element-5928256d elementor-widget-divider--view-line elementor-widget elementor-widget-divider\" data-id=\"5928256d\" data-element_type=\"widget\" data-widget_type=\"divider.default\">\n\t\t\t\t<div class=\"elementor-widget-container\">\n\t\t\t\t\t\t\t<div class=\"elementor-divider\">\n\t\t\t<span class=\"elementor-divider-separator\">\n\t\t\t\t\t\t<\/span>\n\t\t<\/div>\n\t\t\t\t\t\t<\/div>\n\t\t\t\t<\/div>\n\t\t\t\t<div class=\"elementor-element elementor-element-51e8d13d elementor-widget elementor-widget-spacer\" data-id=\"51e8d13d\" data-element_type=\"widget\" data-widget_type=\"spacer.default\">\n\t\t\t\t<div class=\"elementor-widget-container\">\n\t\t\t\t\t\t\t<div class=\"elementor-spacer\">\n\t\t\t<div class=\"elementor-spacer-inner\"><\/div>\n\t\t<\/div>\n\t\t\t\t\t\t<\/div>\n\t\t\t\t<\/div>\n\t\t\t\t<section class=\"elementor-section elementor-inner-section elementor-element elementor-element-2bf89c3 elementor-section-boxed elementor-section-height-default elementor-section-height-default\" data-id=\"2bf89c3\" data-element_type=\"section\">\n\t\t\t\t\t\t<div class=\"elementor-container elementor-column-gap-default\">\n\t\t\t\t\t<div class=\"elementor-column elementor-col-50 elementor-inner-column elementor-element elementor-element-4805b6c3\" data-id=\"4805b6c3\" data-element_type=\"column\">\n\t\t\t<div class=\"elementor-widget-wrap elementor-element-populated\">\n\t\t\t\t\t\t<div class=\"elementor-element elementor-element-60d1e210 elementor-view-default elementor-widget elementor-widget-icon\" data-id=\"60d1e210\" data-element_type=\"widget\" data-widget_type=\"icon.default\">\n\t\t\t\t<div class=\"elementor-widget-container\">\n\t\t\t\t\t\t\t<div class=\"elementor-icon-wrapper\">\n\t\t\t<div class=\"elementor-icon\">\n\t\t\t\t\t\t\t<i class=\"fa fa-pencil-square-o\" aria-hidden=\"true\"><\/i>\n\t\t\t\t\t\t<\/div>\n\t\t<\/div>\n\t\t\t\t\t\t<\/div>\n\t\t\t\t<\/div>\n\t\t\t\t<div class=\"elementor-element elementor-element-5d284a80 elementor-widget elementor-widget-text-editor\" data-id=\"5d284a80\" data-element_type=\"widget\" data-widget_type=\"text-editor.default\">\n\t\t\t\t<div class=\"elementor-widget-container\">\n\t\t\t\t\t\t\t\t\t<div data-id=\"rjpprlj\" data-element_type=\"text-editor.default\"><p><strong>Texto:\u00a0<\/strong>\u00a0Renata Moura \u2013 Periodista \u2013 y Kamila Tuenia \u2013 Estudiante de Periodismo \/ Ascom \u2013 ISD<\/p><\/div>\t\t\t\t\t\t\t\t<\/div>\n\t\t\t\t<\/div>\n\t\t\t\t<div class=\"elementor-element elementor-element-2310d5d elementor-widget elementor-widget-text-editor\" data-id=\"2310d5d\" data-element_type=\"widget\" data-widget_type=\"text-editor.default\">\n\t\t\t\t<div class=\"elementor-widget-container\">\n\t\t\t\t\t\t\t\t\t<p><strong>Consultor\u00eda de comunicaci\u00f3n<\/strong><br \/> comunicacao@isd.org.br<br \/> (84) 99416-1880<\/p>\t\t\t\t\t\t\t\t<\/div>\n\t\t\t\t<\/div>\n\t\t\t\t\t<\/div>\n\t\t<\/div>\n\t\t\t\t<div class=\"elementor-column elementor-col-50 elementor-inner-column elementor-element elementor-element-7a769205\" data-id=\"7a769205\" data-element_type=\"column\" data-settings=\"{&quot;background_background&quot;:&quot;classic&quot;}\">\n\t\t\t<div class=\"elementor-widget-wrap elementor-element-populated\">\n\t\t\t\t\t\t<div class=\"elementor-element elementor-element-2778e36d elementor-widget elementor-widget-text-editor\" data-id=\"2778e36d\" data-element_type=\"widget\" data-widget_type=\"text-editor.default\">\n\t\t\t\t<div class=\"elementor-widget-container\">\n\t\t\t\t\t\t\t\t\t<h3><strong><span style=\"color: #ffffff;\">Instituto Santos Dumont (ISD)<\/span><\/strong><\/h3><p><span style=\"color: #ffffff;\">Es una Organizaci\u00f3n Social vinculada al Ministerio de Educaci\u00f3n (MEC) y engloba al Instituto Internacional de Neurociencia Edmond y Lily Safra y al Centro de Educaci\u00f3n e Investigaci\u00f3n en Salud Anita Garibaldi, ambos en Maca\u00edba. La misi\u00f3n del ISD es promover la educaci\u00f3n para la vida, formando ciudadanos a trav\u00e9s de acciones integradas de ense\u00f1anza, investigaci\u00f3n y extensi\u00f3n, adem\u00e1s de contribuir para una transformaci\u00f3n m\u00e1s justa y humana de la realidad social brasile\u00f1a.<\/span><\/p>\t\t\t\t\t\t\t\t<\/div>\n\t\t\t\t<\/div>\n\t\t\t\t\t<\/div>\n\t\t<\/div>\n\t\t\t\t\t<\/div>\n\t\t<\/section>\n\t\t\t\t\t<\/div>\n\t\t<\/div>\n\t\t\t\t\t<\/div>\n\t\t<\/section>\n\t\t\t\t<\/div>","protected":false},"excerpt":{"rendered":"<p>Ao todo, 58 v\u00eddeos concorrem \u00e0 exibi\u00e7\u00e3o. Nove deles ser\u00e3o eleitos por vota\u00e7\u00e3o do p\u00fablico, aberta at\u00e9 20 de novembro no YouTube.<\/p>","protected":false},"author":10,"featured_media":20533,"comment_status":"open","ping_status":"open","sticky":false,"template":"","format":"standard","meta":{"_acf_changed":false,"footnotes":""},"categories":[1],"tags":[],"class_list":["post-20281","post","type-post","status-publish","format-standard","has-post-thumbnail","hentry","category-destaque_noticia"],"acf":[],"_links":{"self":[{"href":"https:\/\/institutosantosdumont.org.br\/es\/wp-json\/wp\/v2\/posts\/20281","targetHints":{"allow":["GET"]}}],"collection":[{"href":"https:\/\/institutosantosdumont.org.br\/es\/wp-json\/wp\/v2\/posts"}],"about":[{"href":"https:\/\/institutosantosdumont.org.br\/es\/wp-json\/wp\/v2\/types\/post"}],"author":[{"embeddable":true,"href":"https:\/\/institutosantosdumont.org.br\/es\/wp-json\/wp\/v2\/users\/10"}],"replies":[{"embeddable":true,"href":"https:\/\/institutosantosdumont.org.br\/es\/wp-json\/wp\/v2\/comments?post=20281"}],"version-history":[{"count":0,"href":"https:\/\/institutosantosdumont.org.br\/es\/wp-json\/wp\/v2\/posts\/20281\/revisions"}],"wp:featuredmedia":[{"embeddable":true,"href":"https:\/\/institutosantosdumont.org.br\/es\/wp-json\/wp\/v2\/media\/20533"}],"wp:attachment":[{"href":"https:\/\/institutosantosdumont.org.br\/es\/wp-json\/wp\/v2\/media?parent=20281"}],"wp:term":[{"taxonomy":"category","embeddable":true,"href":"https:\/\/institutosantosdumont.org.br\/es\/wp-json\/wp\/v2\/categories?post=20281"},{"taxonomy":"post_tag","embeddable":true,"href":"https:\/\/institutosantosdumont.org.br\/es\/wp-json\/wp\/v2\/tags?post=20281"}],"curies":[{"name":"wp","href":"https:\/\/api.w.org\/{rel}","templated":true}]}}