{"id":20586,"date":"2020-12-01T16:50:27","date_gmt":"2020-12-01T19:50:27","guid":{"rendered":"http:\/\/www.institutosantosdumont.org.br\/?p=20586"},"modified":"2020-12-02T09:19:41","modified_gmt":"2020-12-02T12:19:41","slug":"fundacao-bill-gates-e-cnpq-vao-financiar-projeto-do-isd-sobre-gravidez-de-risco","status":"publish","type":"post","link":"https:\/\/institutosantosdumont.org.br\/es\/fundacao-bill-gates-e-cnpq-vao-financiar-projeto-do-isd-sobre-gravidez-de-risco\/","title":{"rendered":"La &#039;Fundaci\u00f3n Bill Gates&#039; y el CNPQ financiar\u00e1n proyecto del ISD sobre embarazos de alto riesgo"},"content":{"rendered":"<div data-elementor-type=\"wp-post\" data-elementor-id=\"20586\" class=\"elementor elementor-20586\" data-elementor-post-type=\"post\">\n\t\t\t\t\t\t<section class=\"elementor-section elementor-top-section elementor-element elementor-element-01d441f elementor-section-boxed elementor-section-height-default elementor-section-height-default\" data-id=\"01d441f\" data-element_type=\"section\">\n\t\t\t\t\t\t<div class=\"elementor-container elementor-column-gap-default\">\n\t\t\t\t\t<div class=\"elementor-column elementor-col-100 elementor-top-column elementor-element elementor-element-29b9ac7\" data-id=\"29b9ac7\" data-element_type=\"column\">\n\t\t\t<div class=\"elementor-widget-wrap elementor-element-populated\">\n\t\t\t\t\t\t<div class=\"elementor-element elementor-element-95b6057 elementor-widget elementor-widget-text-editor\" data-id=\"95b6057\" data-element_type=\"widget\" data-widget_type=\"text-editor.default\">\n\t\t\t\t<div class=\"elementor-widget-container\">\n\t\t\t\t\t\t\t\t\t<p><strong>Renata Moura<\/strong><\/p><p>Periodista<\/p><p><span style=\"font-weight: 400;\">Rio Grande do Norte recibir\u00e1 financiaci\u00f3n de la Fundaci\u00f3n estadounidense Bill &amp; Melinda Gates \u2013y recursos federales\u2013 para crear en Brasil un indicador que pueda ayudar a prevenir casos de \u201ccasi muerte\u201d y <a href=\"https:\/\/institutosantosdumont.org.br\/es\/2020\/05\/28\/brasil-tem-mais-mortes-maternas-associadas-a-covid-19-do-que-8-paises-juntos\/\">Fallecidos<\/a> durante el embarazo, parto y posparto.<\/span><\/p><p><span style=\"font-weight: 400;\">La propuesta fue presentada por investigadores del Instituto Santos Dumont (ISD) y <\/span><span style=\"font-weight: 400;\"><a href=\"http:\/\/www.cnpq.br\/web\/guest\/chamadas-publicas?p_p_id=resultadosportlet_WAR_resultadoscnpqportlet_INSTANCE_0ZaM&amp;filtro=resultados&amp;detalha=chamadaDivulgada&amp;idDivulgacao=9902\" target=\"_blank\" rel=\"noopener noreferrer nofollow\">anunciado este martes (1)<\/a> como uno de los 12 ganadores entre 233 inscritos en la convocatoria de propuestas \u201cCiencia de datos para mejorar la salud materna e infantil, la salud de la mujer y la salud infantil en Brasil\u201d \u2013 lanzada en agosto por la Fundaci\u00f3n Bill y Melinda Gates en conjunto con el Consejo Nacional de Desarrollo Cient\u00edfica y Tecnol\u00f3gica (CNPq) y el Departamento de Ciencia y Tecnolog\u00eda de la Secretar\u00eda de Ciencia, Tecnolog\u00eda e Insumos Estrat\u00e9gicos del Ministerio de Salud.<\/span><\/p><p><span style=\"font-weight: 400;\">Del total de 5,5 millones de rands previstos en la convocatoria, 137.000 rands se asignar\u00e1n al Instituto.<\/span><\/p><p><span style=\"font-weight: 400;\">El trabajo que culminar\u00e1 en el indicador se desarrollar\u00e1 a lo largo de 18 meses, cuyo inicio est\u00e1 previsto para 2021.<\/span><\/p><p><strong>INNOVACI\u00d3N<\/strong><\/p><p><span style=\"font-weight: 400;\">La propuesta del ISD tuvo m\u00e9rito reconocido y el tema fue evaluado por el Comit\u00e9 de Relevancia Social, que analiz\u00f3 los proyectos como \u201csumamente relevantes para el SUS\u201d, seg\u00fan el dictamen que el CNPQ public\u00f3 con el resultado.<\/span><\/p><p><span style=\"font-weight: 400;\">Referente regional en salud maternoinfantil, personas con discapacidad, neurociencias y neuroingenier\u00eda, el Instituto propone utilizar inteligencia artificial para identificar y predecir correctamente los casos de \u201cmaternal near-miss\u201d -como se denomina en ingl\u00e9s a los registros de mujeres que casi mueren durante la \u00e9poca-. embarazo, parto o posparto por complicaciones graves por hemorragia, hipertensi\u00f3n o infecci\u00f3n, por ejemplo.<\/span><\/p><p><span style=\"font-weight: 400;\">\u00a0\u201cEsas cifras no se conocen precisamente en Brasil. Est\u00e1n subregistrados, aunque son indicadores importantes de la calidad de la salud y la ciencia reconoce que es necesario estudiarlos\u201d, dicen Abner Rodrigues y Reginaldo Freitas J\u00fanior, investigadores que desarrollaron la propuesta.<\/span><\/p><p><span style=\"font-weight: 400;\">Inform\u00e1tico y doctor en Bioinform\u00e1tica con investigaciones en las \u00e1reas de inteligencia artificial, procesamiento de se\u00f1ales y an\u00e1lisis de series temporales, Rodrigues coordinar\u00e1 el proyecto con el apoyo de Freitas J\u00fanior, doctor en Ciencias M\u00e9dicas, especialista en medicina fetal e instructor nacional de la Estrategia Cero. Muerte Materna por Hemorragia Posparto de la Organizaci\u00f3n Panamericana de la Salud y Ministerio de Salud, as\u00ed como director general del Instituto.<\/span><\/p><p><span style=\"font-weight: 400;\">\u201cLa innovaci\u00f3n de la propuesta es crear un sistema basado en el uso de un conjunto de algoritmos de aprendizaje autom\u00e1tico para mapear y clasificar los casos de cuasi accidente materno ya reconocidos y aquellos que pasan desapercibidos en los registros oficiales. Buscaremos patrones en grandes bases de datos p\u00fablicas para llegar al indicador que se pondr\u00e1 a disposici\u00f3n de las autoridades p\u00fablicas. La expectativa es que sirva para analizar c\u00f3mo es la atenci\u00f3n b\u00e1sica en el municipio o estado en esta materia, una herramienta para la toma de decisiones para mejorar la calidad de vida y la asistencia a las familias\u201d.<\/span><\/p><p><strong>DATOS<\/strong><\/p><p><span style=\"font-weight: 400;\">El sistema propuesto por el ISD clasificar\u00e1 los casos con base en los registros de pacientes disponibles, por ejemplo, en el Sistema de Informaci\u00f3n de Nacidos Vivos (Sinasc), el Sistema de Informaci\u00f3n Hospitalaria (SIH) y el Sistema de Informaci\u00f3n de Mortalidad (SIM), mantenidos por el gobierno federal. En el caso del SIM, se utilizar\u00e1n datos sobre mortalidad materna para identificar patrones similares a los observados en los registros de cuasi accidentes.<\/span><\/p><p><span style=\"font-weight: 400;\">Luego de completar la encuesta y llegar a los indicadores que buscan, los investigadores planean como siguiente paso incorporar informaci\u00f3n socioecon\u00f3mica de la regi\u00f3n de los pacientes al sistema de inteligencia artificial, considerando una de las variables identificadas en diferentes estudios como directamente relacionada con la proximidad. muerte materna: pobreza.<\/span><\/p><p><span style=\"font-weight: 400;\">\u201cDe esta manera esperamos obtener un valor m\u00e1s preciso y, sobre todo, m\u00e1s r\u00e1pido del n\u00famero de cuasi accidentes maternos en una regi\u00f3n. Con esta informaci\u00f3n, ser\u00e1 posible que los tomadores de decisiones en pol\u00edticas de salud p\u00fablica eval\u00faen el impacto de las acciones y pol\u00edticas implementadas y planifiquen las intervenciones necesarias en la red de salud p\u00fablica\u201d, a\u00f1aden los investigadores.<\/span><\/p><p><span style=\"font-weight: 400;\">El trabajo se desarrollar\u00e1 con la participaci\u00f3n de estudiantes de la maestr\u00eda en Neuroingenier\u00eda de la <a href=\"https:\/\/institutosantosdumont.org.br\/es\/instituto-neurociencias\/\">ISD Edmond y Lily Safra Instituto Internacional de Neurociencia (IIN-ELS\/ISD)<\/a>, cual <a href=\"https:\/\/institutosantosdumont.org.br\/es\/2020\/11\/16\/mestrado-em-neuroengenharia-lanca-edital-e-recebe-inscricoes-ate-17-de-janeiro\/\">Inscripciones abiertas hasta el 17 de enero.<\/a>. Se asignar\u00e1n cuatro becas al proyecto. El Instituto Santos Dumont es una Organizaci\u00f3n Social vinculada al Ministerio de Educaci\u00f3n y tiene sede en Maca\u00edba, en Rio Grande do Norte.<\/span><\/p>\t\t\t\t\t\t\t\t<\/div>\n\t\t\t\t<\/div>\n\t\t\t\t\t<\/div>\n\t\t<\/div>\n\t\t\t\t\t<\/div>\n\t\t<\/section>\n\t\t\t\t<section class=\"elementor-section elementor-top-section elementor-element elementor-element-2f4aab72 elementor-section-boxed elementor-section-height-default elementor-section-height-default\" data-id=\"2f4aab72\" data-element_type=\"section\">\n\t\t\t\t\t\t<div class=\"elementor-container elementor-column-gap-default\">\n\t\t\t\t\t<div class=\"elementor-column elementor-col-100 elementor-top-column elementor-element elementor-element-4242b70f\" data-id=\"4242b70f\" data-element_type=\"column\">\n\t\t\t<div class=\"elementor-widget-wrap elementor-element-populated\">\n\t\t\t\t\t\t<div class=\"elementor-element elementor-element-3fde4ae5 elementor-widget-divider--view-line elementor-widget elementor-widget-divider\" data-id=\"3fde4ae5\" data-element_type=\"widget\" data-widget_type=\"divider.default\">\n\t\t\t\t<div class=\"elementor-widget-container\">\n\t\t\t\t\t\t\t<div class=\"elementor-divider\">\n\t\t\t<span class=\"elementor-divider-separator\">\n\t\t\t\t\t\t<\/span>\n\t\t<\/div>\n\t\t\t\t\t\t<\/div>\n\t\t\t\t<\/div>\n\t\t\t\t<div class=\"elementor-element elementor-element-62004c88 elementor-widget elementor-widget-spacer\" data-id=\"62004c88\" data-element_type=\"widget\" data-widget_type=\"spacer.default\">\n\t\t\t\t<div class=\"elementor-widget-container\">\n\t\t\t\t\t\t\t<div class=\"elementor-spacer\">\n\t\t\t<div class=\"elementor-spacer-inner\"><\/div>\n\t\t<\/div>\n\t\t\t\t\t\t<\/div>\n\t\t\t\t<\/div>\n\t\t\t\t<section class=\"elementor-section elementor-inner-section elementor-element elementor-element-48e6ab97 elementor-section-boxed elementor-section-height-default elementor-section-height-default\" data-id=\"48e6ab97\" data-element_type=\"section\">\n\t\t\t\t\t\t<div class=\"elementor-container elementor-column-gap-default\">\n\t\t\t\t\t<div class=\"elementor-column elementor-col-50 elementor-inner-column elementor-element elementor-element-4aebff2d\" data-id=\"4aebff2d\" data-element_type=\"column\">\n\t\t\t<div class=\"elementor-widget-wrap elementor-element-populated\">\n\t\t\t\t\t\t<div class=\"elementor-element elementor-element-5ac00551 elementor-view-default elementor-widget elementor-widget-icon\" data-id=\"5ac00551\" data-element_type=\"widget\" data-widget_type=\"icon.default\">\n\t\t\t\t<div class=\"elementor-widget-container\">\n\t\t\t\t\t\t\t<div class=\"elementor-icon-wrapper\">\n\t\t\t<div class=\"elementor-icon\">\n\t\t\t\t\t\t\t<i class=\"fa fa-pencil-square-o\" aria-hidden=\"true\"><\/i>\n\t\t\t\t\t\t<\/div>\n\t\t<\/div>\n\t\t\t\t\t\t<\/div>\n\t\t\t\t<\/div>\n\t\t\t\t<div class=\"elementor-element elementor-element-60061758 elementor-widget elementor-widget-text-editor\" data-id=\"60061758\" data-element_type=\"widget\" data-widget_type=\"text-editor.default\">\n\t\t\t\t<div class=\"elementor-widget-container\">\n\t\t\t\t\t\t\t\t\t<div data-id=\"rjpprlj\" data-element_type=\"text-editor.default\"><p><strong>Texto:\u00a0<\/strong>\u00a0Renata Moura \u2013 Periodista \/ Ascom \u2013 ISD<\/p><p>\u00a0<\/p><\/div>\t\t\t\t\t\t\t\t<\/div>\n\t\t\t\t<\/div>\n\t\t\t\t<div class=\"elementor-element elementor-element-b850b23 elementor-widget elementor-widget-text-editor\" data-id=\"b850b23\" data-element_type=\"widget\" data-widget_type=\"text-editor.default\">\n\t\t\t\t<div class=\"elementor-widget-container\">\n\t\t\t\t\t\t\t\t\t<p><strong>Consultor\u00eda de comunicaci\u00f3n<\/strong><br \/> comunicacao@isd.org.br<br \/> (84) 99416-1880<\/p>\t\t\t\t\t\t\t\t<\/div>\n\t\t\t\t<\/div>\n\t\t\t\t\t<\/div>\n\t\t<\/div>\n\t\t\t\t<div class=\"elementor-column elementor-col-50 elementor-inner-column elementor-element elementor-element-195439f7\" data-id=\"195439f7\" data-element_type=\"column\" data-settings=\"{&quot;background_background&quot;:&quot;classic&quot;}\">\n\t\t\t<div class=\"elementor-widget-wrap elementor-element-populated\">\n\t\t\t\t\t\t<div class=\"elementor-element elementor-element-757c2e9 elementor-widget elementor-widget-text-editor\" data-id=\"757c2e9\" data-element_type=\"widget\" data-widget_type=\"text-editor.default\">\n\t\t\t\t<div class=\"elementor-widget-container\">\n\t\t\t\t\t\t\t\t\t<h3><strong><span style=\"color: #ffffff;\">Instituto Santos Dumont (ISD)<\/span><\/strong><\/h3><p><span style=\"color: #ffffff;\">Es una Organizaci\u00f3n Social vinculada al Ministerio de Educaci\u00f3n (MEC) y engloba al Instituto Internacional de Neurociencia Edmond y Lily Safra y al Centro de Educaci\u00f3n e Investigaci\u00f3n en Salud Anita Garibaldi, ambos en Maca\u00edba. La misi\u00f3n del ISD es promover la educaci\u00f3n para la vida, formando ciudadanos a trav\u00e9s de acciones integradas de ense\u00f1anza, investigaci\u00f3n y extensi\u00f3n, adem\u00e1s de contribuir para una transformaci\u00f3n m\u00e1s justa y humana de la realidad social brasile\u00f1a.<\/span><\/p>\t\t\t\t\t\t\t\t<\/div>\n\t\t\t\t<\/div>\n\t\t\t\t\t<\/div>\n\t\t<\/div>\n\t\t\t\t\t<\/div>\n\t\t<\/section>\n\t\t\t\t\t<\/div>\n\t\t<\/div>\n\t\t\t\t\t<\/div>\n\t\t<\/section>\n\t\t\t\t<\/div>","protected":false},"excerpt":{"rendered":"<p>Proposta do Instituto foi uma das 12 aprovadas entre 233 inscritas no edital \u201cCi\u00eancia de dados para melhorar a sa\u00fade materno-infantil, sa\u00fade da mulher e sa\u00fade da crian\u00e7a no Brasil\u201d. <\/p>","protected":false},"author":10,"featured_media":20592,"comment_status":"open","ping_status":"open","sticky":false,"template":"","format":"standard","meta":{"_acf_changed":false,"footnotes":""},"categories":[1],"tags":[],"class_list":["post-20586","post","type-post","status-publish","format-standard","has-post-thumbnail","hentry","category-destaque_noticia"],"acf":[],"_links":{"self":[{"href":"https:\/\/institutosantosdumont.org.br\/es\/wp-json\/wp\/v2\/posts\/20586","targetHints":{"allow":["GET"]}}],"collection":[{"href":"https:\/\/institutosantosdumont.org.br\/es\/wp-json\/wp\/v2\/posts"}],"about":[{"href":"https:\/\/institutosantosdumont.org.br\/es\/wp-json\/wp\/v2\/types\/post"}],"author":[{"embeddable":true,"href":"https:\/\/institutosantosdumont.org.br\/es\/wp-json\/wp\/v2\/users\/10"}],"replies":[{"embeddable":true,"href":"https:\/\/institutosantosdumont.org.br\/es\/wp-json\/wp\/v2\/comments?post=20586"}],"version-history":[{"count":0,"href":"https:\/\/institutosantosdumont.org.br\/es\/wp-json\/wp\/v2\/posts\/20586\/revisions"}],"wp:featuredmedia":[{"embeddable":true,"href":"https:\/\/institutosantosdumont.org.br\/es\/wp-json\/wp\/v2\/media\/20592"}],"wp:attachment":[{"href":"https:\/\/institutosantosdumont.org.br\/es\/wp-json\/wp\/v2\/media?parent=20586"}],"wp:term":[{"taxonomy":"category","embeddable":true,"href":"https:\/\/institutosantosdumont.org.br\/es\/wp-json\/wp\/v2\/categories?post=20586"},{"taxonomy":"post_tag","embeddable":true,"href":"https:\/\/institutosantosdumont.org.br\/es\/wp-json\/wp\/v2\/tags?post=20586"}],"curies":[{"name":"wp","href":"https:\/\/api.w.org\/{rel}","templated":true}]}}