{"id":22018,"date":"2021-07-14T11:48:04","date_gmt":"2021-07-14T14:48:04","guid":{"rendered":"http:\/\/www.institutosantosdumont.org.br\/?p=22018"},"modified":"2021-07-14T11:48:04","modified_gmt":"2021-07-14T14:48:04","slug":"isd-discute-estrategias-para-zerar-mortes-maternas-por-hemorragia","status":"publish","type":"post","link":"https:\/\/institutosantosdumont.org.br\/es\/isd-discute-estrategias-para-zerar-mortes-maternas-por-hemorragia\/","title":{"rendered":"ISD analiza estrategias para eliminar las muertes maternas por hemorragia"},"content":{"rendered":"<div data-elementor-type=\"wp-post\" data-elementor-id=\"22018\" class=\"elementor elementor-22018\" data-elementor-post-type=\"post\">\n\t\t\t\t\t\t<section class=\"elementor-section elementor-top-section elementor-element elementor-element-1227328 elementor-section-boxed elementor-section-height-default elementor-section-height-default\" data-id=\"1227328\" data-element_type=\"section\">\n\t\t\t\t\t\t<div class=\"elementor-container elementor-column-gap-default\">\n\t\t\t\t\t<div class=\"elementor-column elementor-col-100 elementor-top-column elementor-element elementor-element-d2359d4\" data-id=\"d2359d4\" data-element_type=\"column\">\n\t\t\t<div class=\"elementor-widget-wrap elementor-element-populated\">\n\t\t\t\t\t\t<div class=\"elementor-element elementor-element-437f990 elementor-widget elementor-widget-text-editor\" data-id=\"437f990\" data-element_type=\"widget\" data-widget_type=\"text-editor.default\">\n\t\t\t\t<div class=\"elementor-widget-container\">\n\t\t\t\t\t\t\t\t\t<p>Reducir la mortalidad materna es uno de los objetivos de Brasil dentro de los Objetivos de Desarrollo Sostenible 2030, impulsados por las Naciones Unidas (ONU). En Rio Grande do Norte, la Secretar\u00eda Estatal de Salud P\u00fablica (Sesap) planea invertir R$1.400.000 en la reestructuraci\u00f3n de la red de salud materna del estado en los pr\u00f3ximos a\u00f1os.<\/p><p>L\u00edder en estrategias para reducir la mortalidad materna e infantil, el ISD ha seguido de cerca este debate: el martes (13), el director del Instituto, Reginaldo Freitas, particip\u00f3 en el primero de siete talleres que se realizar\u00e1n con un consultor de la Organizaci\u00f3n Panamericana de la Salud (OPS) para implementar estrategias para eliminar la mortalidad materna en el estado. Tambi\u00e9n supervis\u00f3 la implementaci\u00f3n de la Estrategia Cero Muertes Maternas por Hemorragia en los estados de Maranh\u00e3o, Piau\u00ed, Pernambuco, Minas Gerais y S\u00e3o Paulo.<\/p><p>Ver esto en Rio Grande do Norte es un sue\u00f1o hecho realidad y renueva nuestras esperanzas en un momento cr\u00edtico para nuestro estado, cuando la pandemia de COVID-19 ha agravado la tragedia de la mortalidad materna. Con gran tristeza, observamos que el n\u00famero de muertes maternas en el primer semestre de 2021 ya supera todas las muertes del a\u00f1o pasado, declar\u00f3 Reginaldo.<\/p><p>Sesap y la OPS formular\u00e1n conjuntamente acciones para mejorar cuatro \u00e1reas: acceso y cobertura de servicios, intervenciones para equipos de salud y sistemas de informaci\u00f3n y comunicaci\u00f3n. Los procesos se centrar\u00e1n en los 54 servicios de salud identificados por Sesap como lugares de parto en Rio Grande do Norte. Solo 18 de estos son servicios estructurados con atenci\u00f3n 24 horas, personal completo y centro quir\u00fargico, y adem\u00e1s son responsables de m\u00e1s de 801 partos 3T3T.<\/p><p>El taller forma parte del Plan de Reducci\u00f3n de la Mortalidad Maternoinfantil, lanzado en mayo. Necesitamos reducir las muertes por hemorragia; estas cifras representan una tragedia para muchas familias. Como administradores, somos conscientes del problema y estamos comprometidos a resolver la situaci\u00f3n. Esperamos salir de estos dos d\u00edas m\u00e1s motivados y capacitados, coment\u00f3 Cipriano Maia, Secretario de Salud P\u00fablica.\u00a0<\/p><p><strong>Plan de Reducci\u00f3n de la Mortalidad Materna\u00a0<\/strong><\/p><p>El ISD ayudar\u00e1 al gobierno estatal a desarrollar e implementar estrategias de educaci\u00f3n sanitaria continua para mejorar los servicios de atenci\u00f3n sanitaria a la poblaci\u00f3n y, en consecuencia, reducir las tasas de mortalidad materna e infantil en el estado.\u00a0<\/p><p>El proyecto est\u00e1 planificado en el\u00a0<a href=\"http:\/\/www.rn.gov.br\/Conteudo.asp?TRAN=ITEM&amp;TARG=256793&amp;ACT=&amp;PAGE=&amp;PARM=&amp;LBL=NOT%CDCIA\" target=\"_blank\" rel=\"noopener noreferrer nofollow\">Plan de reducci\u00f3n de la mortalidad materna e infantil<\/a>, y tendr\u00e1 inicio en Maca\u00edba, ciudad donde tiene su sede el Instituto, con perspectivas de expansi\u00f3n a otras regiones del estado.<\/p><p>Dentro del Plan, ser\u00e1 responsable por contribuir al desarrollo de la estrategia de Educaci\u00f3n Permanente en Salud dirigida a la cualificaci\u00f3n de la atenci\u00f3n obst\u00e9trica hospitalaria inicialmente en el Hospital Regional Alfredo Mesquita Filho, en Maca\u00edba.<\/p>\t\t\t\t\t\t\t\t<\/div>\n\t\t\t\t<\/div>\n\t\t\t\t\t<\/div>\n\t\t<\/div>\n\t\t\t\t\t<\/div>\n\t\t<\/section>\n\t\t\t\t<section class=\"elementor-section elementor-top-section elementor-element elementor-element-61d0af0d elementor-section-boxed elementor-section-height-default elementor-section-height-default\" data-id=\"61d0af0d\" data-element_type=\"section\">\n\t\t\t\t\t\t<div class=\"elementor-container elementor-column-gap-default\">\n\t\t\t\t\t<div class=\"elementor-column elementor-col-100 elementor-top-column elementor-element elementor-element-69d6a906\" data-id=\"69d6a906\" data-element_type=\"column\">\n\t\t\t<div class=\"elementor-widget-wrap elementor-element-populated\">\n\t\t\t\t\t\t<div class=\"elementor-element elementor-element-22daaea8 elementor-widget-divider--view-line elementor-widget elementor-widget-divider\" data-id=\"22daaea8\" data-element_type=\"widget\" data-widget_type=\"divider.default\">\n\t\t\t\t<div class=\"elementor-widget-container\">\n\t\t\t\t\t\t\t<div class=\"elementor-divider\">\n\t\t\t<span class=\"elementor-divider-separator\">\n\t\t\t\t\t\t<\/span>\n\t\t<\/div>\n\t\t\t\t\t\t<\/div>\n\t\t\t\t<\/div>\n\t\t\t\t<div class=\"elementor-element elementor-element-47a807bd elementor-widget elementor-widget-spacer\" data-id=\"47a807bd\" data-element_type=\"widget\" data-widget_type=\"spacer.default\">\n\t\t\t\t<div class=\"elementor-widget-container\">\n\t\t\t\t\t\t\t<div class=\"elementor-spacer\">\n\t\t\t<div class=\"elementor-spacer-inner\"><\/div>\n\t\t<\/div>\n\t\t\t\t\t\t<\/div>\n\t\t\t\t<\/div>\n\t\t\t\t<section class=\"elementor-section elementor-inner-section elementor-element elementor-element-720abe46 elementor-section-boxed elementor-section-height-default elementor-section-height-default\" data-id=\"720abe46\" data-element_type=\"section\">\n\t\t\t\t\t\t<div class=\"elementor-container elementor-column-gap-default\">\n\t\t\t\t\t<div class=\"elementor-column elementor-col-50 elementor-inner-column elementor-element elementor-element-5a8fdb09\" data-id=\"5a8fdb09\" data-element_type=\"column\">\n\t\t\t<div class=\"elementor-widget-wrap elementor-element-populated\">\n\t\t\t\t\t\t<div class=\"elementor-element elementor-element-48a23650 elementor-view-default elementor-widget elementor-widget-icon\" data-id=\"48a23650\" data-element_type=\"widget\" data-widget_type=\"icon.default\">\n\t\t\t\t<div class=\"elementor-widget-container\">\n\t\t\t\t\t\t\t<div class=\"elementor-icon-wrapper\">\n\t\t\t<div class=\"elementor-icon\">\n\t\t\t\t\t\t\t<i class=\"fa fa-pencil-square-o\" aria-hidden=\"true\"><\/i>\n\t\t\t\t\t\t<\/div>\n\t\t<\/div>\n\t\t\t\t\t\t<\/div>\n\t\t\t\t<\/div>\n\t\t\t\t<div class=\"elementor-element elementor-element-38be3a76 elementor-widget elementor-widget-text-editor\" data-id=\"38be3a76\" data-element_type=\"widget\" data-widget_type=\"text-editor.default\">\n\t\t\t\t<div class=\"elementor-widget-container\">\n\t\t\t\t\t\t\t\t\t<div data-id=\"rjpprlj\" data-element_type=\"text-editor.default\"><p><strong>Texto:\u00a0<\/strong>\u00a0Mariana Ceci \/ Ascom \u2013 ISD<\/p><p><strong>Foto:<\/strong>\u00a0Paulo Nascimento \/ Ascom \u2013 Gobierno de RN\u00a0<\/p><\/div>\t\t\t\t\t\t\t\t<\/div>\n\t\t\t\t<\/div>\n\t\t\t\t<div class=\"elementor-element elementor-element-1ee1a922 elementor-widget elementor-widget-text-editor\" data-id=\"1ee1a922\" data-element_type=\"widget\" data-widget_type=\"text-editor.default\">\n\t\t\t\t<div class=\"elementor-widget-container\">\n\t\t\t\t\t\t\t\t\t<p><strong>Consultor\u00eda de comunicaci\u00f3n<\/strong><br \/> comunicacao@isd.org.br<br \/> (84) 99416-1880<\/p>\t\t\t\t\t\t\t\t<\/div>\n\t\t\t\t<\/div>\n\t\t\t\t\t<\/div>\n\t\t<\/div>\n\t\t\t\t<div class=\"elementor-column elementor-col-50 elementor-inner-column elementor-element elementor-element-315bed2e\" data-id=\"315bed2e\" data-element_type=\"column\" data-settings=\"{&quot;background_background&quot;:&quot;classic&quot;}\">\n\t\t\t<div class=\"elementor-widget-wrap elementor-element-populated\">\n\t\t\t\t\t\t<div class=\"elementor-element elementor-element-4cc48804 elementor-widget elementor-widget-text-editor\" data-id=\"4cc48804\" data-element_type=\"widget\" data-widget_type=\"text-editor.default\">\n\t\t\t\t<div class=\"elementor-widget-container\">\n\t\t\t\t\t\t\t\t\t<h3><strong><span style=\"color: #ffffff;\">Instituto Santos Dumont (ISD)<\/span><\/strong><\/h3><p><span style=\"color: #ffffff;\">Es una Organizaci\u00f3n Social vinculada al Ministerio de Educaci\u00f3n (MEC) y engloba al Instituto Internacional de Neurociencia Edmond y Lily Safra y al Centro de Educaci\u00f3n e Investigaci\u00f3n en Salud Anita Garibaldi, ambos en Maca\u00edba. La misi\u00f3n del ISD es promover la educaci\u00f3n para la vida, formando ciudadanos a trav\u00e9s de acciones integradas de ense\u00f1anza, investigaci\u00f3n y extensi\u00f3n, adem\u00e1s de contribuir para una transformaci\u00f3n m\u00e1s justa y humana de la realidad social brasile\u00f1a.<\/span><\/p>\t\t\t\t\t\t\t\t<\/div>\n\t\t\t\t<\/div>\n\t\t\t\t\t<\/div>\n\t\t<\/div>\n\t\t\t\t\t<\/div>\n\t\t<\/section>\n\t\t\t\t\t<\/div>\n\t\t<\/div>\n\t\t\t\t\t<\/div>\n\t\t<\/section>\n\t\t\t\t<\/div>","protected":false},"excerpt":{"rendered":"<p>ISD acompanha a\u00e7\u00f5es que visam reduzir a mortalidade materno-infantil no Rio Grande do Norte. <\/p>","protected":false},"author":10,"featured_media":22022,"comment_status":"open","ping_status":"open","sticky":false,"template":"","format":"standard","meta":{"_acf_changed":false,"footnotes":""},"categories":[1],"tags":[],"class_list":["post-22018","post","type-post","status-publish","format-standard","has-post-thumbnail","hentry","category-destaque_noticia"],"acf":[],"_links":{"self":[{"href":"https:\/\/institutosantosdumont.org.br\/es\/wp-json\/wp\/v2\/posts\/22018","targetHints":{"allow":["GET"]}}],"collection":[{"href":"https:\/\/institutosantosdumont.org.br\/es\/wp-json\/wp\/v2\/posts"}],"about":[{"href":"https:\/\/institutosantosdumont.org.br\/es\/wp-json\/wp\/v2\/types\/post"}],"author":[{"embeddable":true,"href":"https:\/\/institutosantosdumont.org.br\/es\/wp-json\/wp\/v2\/users\/10"}],"replies":[{"embeddable":true,"href":"https:\/\/institutosantosdumont.org.br\/es\/wp-json\/wp\/v2\/comments?post=22018"}],"version-history":[{"count":0,"href":"https:\/\/institutosantosdumont.org.br\/es\/wp-json\/wp\/v2\/posts\/22018\/revisions"}],"wp:featuredmedia":[{"embeddable":true,"href":"https:\/\/institutosantosdumont.org.br\/es\/wp-json\/wp\/v2\/media\/22022"}],"wp:attachment":[{"href":"https:\/\/institutosantosdumont.org.br\/es\/wp-json\/wp\/v2\/media?parent=22018"}],"wp:term":[{"taxonomy":"category","embeddable":true,"href":"https:\/\/institutosantosdumont.org.br\/es\/wp-json\/wp\/v2\/categories?post=22018"},{"taxonomy":"post_tag","embeddable":true,"href":"https:\/\/institutosantosdumont.org.br\/es\/wp-json\/wp\/v2\/tags?post=22018"}],"curies":[{"name":"wp","href":"https:\/\/api.w.org\/{rel}","templated":true}]}}