{"id":24013,"date":"2022-03-23T09:19:40","date_gmt":"2022-03-23T12:19:40","guid":{"rendered":"http:\/\/www.institutosantosdumont.org.br\/?p=24013"},"modified":"2022-03-23T09:23:45","modified_gmt":"2022-03-23T12:23:45","slug":"representatives-of-the-state-government-know-the-structure-of-the-technological-park-and-isd","status":"publish","type":"post","link":"https:\/\/institutosantosdumont.org.br\/es\/representatives-of-the-state-government-know-the-structure-of-the-technological-park-and-isd\/","title":{"rendered":"Representantes del Gobierno del Estado conocen la estructura del Parque Tecnol\u00f3gico (PAX) e ISD"},"content":{"rendered":"<div data-elementor-type=\"wp-post\" data-elementor-id=\"24013\" class=\"elementor elementor-24013\" data-elementor-post-type=\"post\">\n\t\t\t\t\t\t<section class=\"elementor-section elementor-top-section elementor-element elementor-element-50ac6fd0 elementor-section-boxed elementor-section-height-default elementor-section-height-default\" data-id=\"50ac6fd0\" data-element_type=\"section\">\n\t\t\t\t\t\t<div class=\"elementor-container elementor-column-gap-default\">\n\t\t\t\t\t<div class=\"elementor-column elementor-col-100 elementor-top-column elementor-element elementor-element-7b08c04c\" data-id=\"7b08c04c\" data-element_type=\"column\">\n\t\t\t<div class=\"elementor-widget-wrap elementor-element-populated\">\n\t\t\t\t\t\t<div class=\"elementor-element elementor-element-671c33e7 elementor-widget elementor-widget-text-editor\" data-id=\"671c33e7\" data-element_type=\"widget\" data-widget_type=\"text-editor.default\">\n\t\t\t\t<div class=\"elementor-widget-container\">\n\t\t\t\t\t\t\t\t\t<p><span style=\"font-size: 23.66px;\">Representantes del Gobierno de Rio Grande do Norte, de la Defensa Civil del Estado y de la Universidad Federal de Rio Grande do Norte (UFRN) visitaron la estructura donde se encuentra el Parque Cient\u00edfico y Tecnol\u00f3gico Augusto Severo (PAX), en la ciudad de Maca\u00edba, el pasado lunes de marzo. 21. El objetivo de la visita fue conocer el \u00e1rea de 15 mil metros cuadrados donde se ubicar\u00e1 el complejo tecnol\u00f3gico que pretende unir ciencia, tecnolog\u00eda, industria e innovaci\u00f3n en el Estado de Rio Grande do Norte, y pensar en posibles alianzas futuras para hacer que la operaci\u00f3n alcance su m\u00e1ximo potencial. Los representantes tambi\u00e9n visitaron el Instituto Internacional de Neurociencias Edmond y Lily Safra (IIN-ELS), una de las unidades del Instituto Santos Dumont (ISD) que se encuentra ubicada al lado del PAX. El ISD es una de las instituciones socias del proyecto, que albergar\u00e1 soluciones integradas en las \u00e1reas de Salud, Energ\u00edas Renovables e Industria 4.0.<\/span><\/p><p><span style=\"font-size: 23.66px;\">\u00a0<\/span><\/p><p><span style=\"font-size: 23.66px;\">\u201cTuve la oportunidad de ver nacer el sue\u00f1o del Instituto Santos Dumont, y en ese momento muchos no cre\u00edan que ser\u00eda posible tener un proyecto como este en una zona rural, fuera de un centro urbano. Hoy, viendo los resultados presentados por el Instituto, los testimonios de las personas que vieron sus vidas transformadas por las acciones de la Instituci\u00f3n, puedo decir que el futuro que visualizamos para PAX es muy similar a lo que vemos en el ISD\u201d , afirm\u00f3 el coordinador general de la Escuela Agr\u00edcola de Jundia\u00ed (EAJ), vinculada a la UFRN, Ivan Max Freire.<\/span><\/p><p><span style=\"font-size: 23.66px;\">\u00a0<\/span><\/p><p><span style=\"font-size: 23.66px;\">La PAX lleva el nombre de un ciudadano de Maca\u00edba reconocido internacionalmente por sus contribuciones a la aviaci\u00f3n mundial: Augusto Severo de Albuquerque Maranh\u00e3o. Inspirado en el legado del creador del dirigible Pax, que despeg\u00f3 en Par\u00eds en 1902, el Parque Tecnol\u00f3gico est\u00e1 dise\u00f1ado para ser una estructura inteligente, integrada con la comunidad y las empresas a trav\u00e9s de la Federaci\u00f3n de Industrias de Rio Grande do Norte (Fiern) y el Apoyo a la Micro y Peque\u00f1a Empresa (Sebrae). Adem\u00e1s, las aceleradoras de startups deber\u00edan formar parte de la estructura para poner en funcionamiento los productos desarrollados en las numerosas l\u00edneas de investigaci\u00f3n llevadas a cabo en ISD.<\/span><\/p><p><span style=\"font-size: 23.66px;\">\u00a0<\/span><\/p><p><span style=\"font-size: 23.66px;\">Junto a la delegaci\u00f3n particip\u00f3 de la visita el subcoordinador de la Defensa Civil de Rio Grande do Norte, Dalchem Viana. Recientemente, la Defensa Civil firm\u00f3 un acuerdo de cooperaci\u00f3n con la UFRN para la implementaci\u00f3n de tecnolog\u00edas relacionadas con la prevenci\u00f3n de desastres, con el objetivo de crear, en el futuro, un Centro de Estudios e Investigaciones en Desastres. \u201cEsos centros ya existen en otros estados, pero no tenemos ninguno en la regi\u00f3n Nordeste de Brasil. El desarrollo de tecnolog\u00edas que tengan una mirada especial hacia el \u00e1rea social es de nuestro inter\u00e9s directo y estamos muy contentos de saber m\u00e1s del trabajo que se hace aqu\u00ed\u201d, afirm\u00f3. Seg\u00fan \u00e9l, una de las \u00e1reas de inter\u00e9s es la creaci\u00f3n de tecnolog\u00edas y soluciones que puedan ayudar, por ejemplo, en acciones de Defensa Civil espec\u00edficamente dirigidas a la poblaci\u00f3n con discapacidad. \u201cEsta es una poblaci\u00f3n en la que tenemos una mirada especial a la hora de prevenir desastres, crear procedimientos, entonces es un trabajo muy importante\u201d, destac\u00f3. Las principales \u00e1reas de concentraci\u00f3n de la investigaci\u00f3n en ISD son la salud materno-infantil y la salud de las personas con discapacidad.\u00a0<\/span><\/p><p><span style=\"font-size: 23.66px;\">\u00a0<\/span><\/p><p><span style=\"font-size: 23.66px;\">La estructura que ser\u00e1 la sede de la PAX se encuentra actualmente en remodelaci\u00f3n en las estructuras el\u00e9ctricas e hidr\u00e1ulicas. Los servicios deber\u00e1n estar listos en el segundo semestre de 2022 y las obras est\u00e1n bajo la supervisi\u00f3n del Gobierno de Rio Grande do Norte, a quien la UFRN cedi\u00f3 el terreno en 2021.\u00a0<\/span><\/p><p>\u00a0<\/p>\t\t\t\t\t\t\t\t<\/div>\n\t\t\t\t<\/div>\n\t\t\t\t\t<\/div>\n\t\t<\/div>\n\t\t\t\t\t<\/div>\n\t\t<\/section>\n\t\t\t\t<section class=\"elementor-section elementor-top-section elementor-element elementor-element-4b9a1f3 elementor-section-boxed elementor-section-height-default elementor-section-height-default\" data-id=\"4b9a1f3\" data-element_type=\"section\">\n\t\t\t\t\t\t<div class=\"elementor-container elementor-column-gap-default\">\n\t\t\t\t\t<div class=\"elementor-column elementor-col-100 elementor-top-column elementor-element elementor-element-36fd25f\" data-id=\"36fd25f\" data-element_type=\"column\">\n\t\t\t<div class=\"elementor-widget-wrap elementor-element-populated\">\n\t\t\t\t\t\t<div class=\"elementor-element elementor-element-b4c2499 elementor-widget-divider--view-line elementor-widget elementor-widget-divider\" data-id=\"b4c2499\" data-element_type=\"widget\" data-widget_type=\"divider.default\">\n\t\t\t\t<div class=\"elementor-widget-container\">\n\t\t\t\t\t\t\t<div class=\"elementor-divider\">\n\t\t\t<span class=\"elementor-divider-separator\">\n\t\t\t\t\t\t<\/span>\n\t\t<\/div>\n\t\t\t\t\t\t<\/div>\n\t\t\t\t<\/div>\n\t\t\t\t<div class=\"elementor-element elementor-element-df5f86b elementor-widget elementor-widget-spacer\" data-id=\"df5f86b\" data-element_type=\"widget\" data-widget_type=\"spacer.default\">\n\t\t\t\t<div class=\"elementor-widget-container\">\n\t\t\t\t\t\t\t<div class=\"elementor-spacer\">\n\t\t\t<div class=\"elementor-spacer-inner\"><\/div>\n\t\t<\/div>\n\t\t\t\t\t\t<\/div>\n\t\t\t\t<\/div>\n\t\t\t\t<section class=\"elementor-section elementor-inner-section elementor-element elementor-element-7cd8d82 elementor-section-boxed elementor-section-height-default elementor-section-height-default\" data-id=\"7cd8d82\" data-element_type=\"section\">\n\t\t\t\t\t\t<div class=\"elementor-container elementor-column-gap-default\">\n\t\t\t\t\t<div class=\"elementor-column elementor-col-50 elementor-inner-column elementor-element elementor-element-14a74f6\" data-id=\"14a74f6\" data-element_type=\"column\">\n\t\t\t<div class=\"elementor-widget-wrap elementor-element-populated\">\n\t\t\t\t\t\t<div class=\"elementor-element elementor-element-099f36c elementor-view-default elementor-widget elementor-widget-icon\" data-id=\"099f36c\" data-element_type=\"widget\" data-widget_type=\"icon.default\">\n\t\t\t\t<div class=\"elementor-widget-container\">\n\t\t\t\t\t\t\t<div class=\"elementor-icon-wrapper\">\n\t\t\t<div class=\"elementor-icon\">\n\t\t\t\t\t\t\t<i class=\"fa fa-pencil-square-o\" aria-hidden=\"true\"><\/i>\n\t\t\t\t\t\t<\/div>\n\t\t<\/div>\n\t\t\t\t\t\t<\/div>\n\t\t\t\t<\/div>\n\t\t\t\t<div class=\"elementor-element elementor-element-5cf1888 elementor-widget elementor-widget-text-editor\" data-id=\"5cf1888\" data-element_type=\"widget\" data-widget_type=\"text-editor.default\">\n\t\t\t\t<div class=\"elementor-widget-container\">\n\t\t\t\t\t\t\t\t\t<div data-id=\"rjpprlj\" data-element_type=\"text-editor.default\"><p><strong>Texto: <\/strong>Mariana Ceci \/ Ascom \u2013 ISD<\/p><p><strong>Imagen:<\/strong>\u00a0Mariana Ceci \/ Ascom \u2013 ISD<\/p><\/div>\t\t\t\t\t\t\t\t<\/div>\n\t\t\t\t<\/div>\n\t\t\t\t<div class=\"elementor-element elementor-element-ad03f7f elementor-widget elementor-widget-text-editor\" data-id=\"ad03f7f\" data-element_type=\"widget\" data-widget_type=\"text-editor.default\">\n\t\t\t\t<div class=\"elementor-widget-container\">\n\t\t\t\t\t\t\t\t\t<p><b>Contacto<\/b><br \/>comunicacao@isd.org.br<br \/>(84) 99416-1880<\/p>\t\t\t\t\t\t\t\t<\/div>\n\t\t\t\t<\/div>\n\t\t\t\t\t<\/div>\n\t\t<\/div>\n\t\t\t\t<div class=\"elementor-column elementor-col-50 elementor-inner-column elementor-element elementor-element-2f600db\" data-id=\"2f600db\" data-element_type=\"column\" data-settings=\"{&quot;background_background&quot;:&quot;classic&quot;}\">\n\t\t\t<div class=\"elementor-widget-wrap elementor-element-populated\">\n\t\t\t\t\t\t<div class=\"elementor-element elementor-element-9b490e3 elementor-widget elementor-widget-text-editor\" data-id=\"9b490e3\" data-element_type=\"widget\" data-widget_type=\"text-editor.default\">\n\t\t\t\t<div class=\"elementor-widget-container\">\n\t\t\t\t\t\t\t\t\t<h3><span style=\"color: #ffffff;\"><b>El Instituto Santos Dumont<\/b><\/span><\/h3><h3><span style=\"font-size: 23.66px; color: #ffffff;\">Es una organizaci\u00f3n privada y sin fines de lucro, dependiente del Ministerio de Educaci\u00f3n de Brasil, que tiene como misi\u00f3n promover la educaci\u00f3n para la vida. La Instituci\u00f3n cuenta con el primer programa de Maestr\u00eda en Neuroingenier\u00eda reconocido por el Ministerio de Educaci\u00f3n de Brasil, junto con la primera Residencia Multiprofesional en la Atenci\u00f3n de la Salud de la Persona con Discapacidad. Estos programas trabajan en conjunto para desarrollar soluciones integradas que tendr\u00e1n un impacto directo en la atenci\u00f3n y calidad de vida de la poblaci\u00f3n, combinando atenci\u00f3n en salud, trabajo multidisciplinario e investigaci\u00f3n cient\u00edfica.<\/span><\/h3>\t\t\t\t\t\t\t\t<\/div>\n\t\t\t\t<\/div>\n\t\t\t\t\t<\/div>\n\t\t<\/div>\n\t\t\t\t\t<\/div>\n\t\t<\/section>\n\t\t\t\t\t<\/div>\n\t\t<\/div>\n\t\t\t\t\t<\/div>\n\t\t<\/section>\n\t\t\t\t<\/div>","protected":false},"excerpt":{"rendered":"<p>The buildings were visited by representatives of the State Secretariat for Economic Development (SEDEC-RN) and State&#8217;s Civil Defense<\/p>","protected":false},"author":10,"featured_media":24002,"comment_status":"open","ping_status":"open","sticky":false,"template":"","format":"standard","meta":{"_acf_changed":false,"footnotes":""},"categories":[316],"tags":[],"class_list":["post-24013","post","type-post","status-publish","format-standard","has-post-thumbnail","hentry","category-institutional"],"acf":[],"_links":{"self":[{"href":"https:\/\/institutosantosdumont.org.br\/es\/wp-json\/wp\/v2\/posts\/24013","targetHints":{"allow":["GET"]}}],"collection":[{"href":"https:\/\/institutosantosdumont.org.br\/es\/wp-json\/wp\/v2\/posts"}],"about":[{"href":"https:\/\/institutosantosdumont.org.br\/es\/wp-json\/wp\/v2\/types\/post"}],"author":[{"embeddable":true,"href":"https:\/\/institutosantosdumont.org.br\/es\/wp-json\/wp\/v2\/users\/10"}],"replies":[{"embeddable":true,"href":"https:\/\/institutosantosdumont.org.br\/es\/wp-json\/wp\/v2\/comments?post=24013"}],"version-history":[{"count":0,"href":"https:\/\/institutosantosdumont.org.br\/es\/wp-json\/wp\/v2\/posts\/24013\/revisions"}],"wp:featuredmedia":[{"embeddable":true,"href":"https:\/\/institutosantosdumont.org.br\/es\/wp-json\/wp\/v2\/media\/24002"}],"wp:attachment":[{"href":"https:\/\/institutosantosdumont.org.br\/es\/wp-json\/wp\/v2\/media?parent=24013"}],"wp:term":[{"taxonomy":"category","embeddable":true,"href":"https:\/\/institutosantosdumont.org.br\/es\/wp-json\/wp\/v2\/categories?post=24013"},{"taxonomy":"post_tag","embeddable":true,"href":"https:\/\/institutosantosdumont.org.br\/es\/wp-json\/wp\/v2\/tags?post=24013"}],"curies":[{"name":"wp","href":"https:\/\/api.w.org\/{rel}","templated":true}]}}