{"id":24484,"date":"2022-06-09T13:00:15","date_gmt":"2022-06-09T16:00:15","guid":{"rendered":"http:\/\/www.institutosantosdumont.org.br\/?p=24484"},"modified":"2022-06-09T15:22:28","modified_gmt":"2022-06-09T18:22:28","slug":"apos-dois-mandatos-miguel-nicolelis-se-despede-da-presidencia-do-conselho-de-administracao-do-isd","status":"publish","type":"post","link":"https:\/\/institutosantosdumont.org.br\/es\/apos-dois-mandatos-miguel-nicolelis-se-despede-da-presidencia-do-conselho-de-administracao-do-isd\/","title":{"rendered":"Luego de dos mandatos, Miguel Nicolelis se despide de la presidencia de la Junta Directiva de ISD"},"content":{"rendered":"<div data-elementor-type=\"wp-post\" data-elementor-id=\"24484\" class=\"elementor elementor-24484\" data-elementor-post-type=\"post\">\n\t\t\t\t\t\t<section class=\"elementor-section elementor-top-section elementor-element elementor-element-dd0217e elementor-section-boxed elementor-section-height-default elementor-section-height-default\" data-id=\"dd0217e\" data-element_type=\"section\">\n\t\t\t\t\t\t<div class=\"elementor-container elementor-column-gap-default\">\n\t\t\t\t\t<div class=\"elementor-column elementor-col-100 elementor-top-column elementor-element elementor-element-760f69b\" data-id=\"760f69b\" data-element_type=\"column\">\n\t\t\t<div class=\"elementor-widget-wrap elementor-element-populated\">\n\t\t\t\t\t\t<div class=\"elementor-element elementor-element-b1c5943 elementor-widget elementor-widget-text-editor\" data-id=\"b1c5943\" data-element_type=\"widget\" data-widget_type=\"text-editor.default\">\n\t\t\t\t<div class=\"elementor-widget-container\">\n\t\t\t\t\t\t\t\t\t<p><span style=\"font-weight: 400;\">Luego de ocho a\u00f1os como presidente del Consejo Directivo del Instituto Santos Dumont (ISD), el neurocient\u00edfico Miguel Nicolelis se despide de su cargo. El cambio se llev\u00f3 a cabo en una reuni\u00f3n ordinaria del Consejo de este mi\u00e9rcoles 8 de junio y la elecci\u00f3n sigue lo dispuesto en el Art\u00edculo 17, Inciso IV de los Estatutos de ISD, que prev\u00e9 mandatos de cuatro a\u00f1os con permiso para reelecci\u00f3n. Elegido por unanimidad, el nuevo presidente del consejo de administraci\u00f3n de ISD es el ejecutivo Theodoro Paraschiva, que desempe\u00f1aba el cargo de asesor de la instituci\u00f3n. En la misma ocasi\u00f3n, los consejeros reeligieron al obstetra Dr. Reginaldo Freitas Jr. como miembro de la junta general. Ambos mandatos duran cuatro a\u00f1os.<\/span><\/p><p><span style=\"font-weight: 400;\">La Junta Directiva es el m\u00e1ximo \u00f3rgano de decisi\u00f3n del ISD. Sus miembros son representantes de autoridades p\u00fablicas, entidades de la sociedad civil, asociados del Instituto y personas de destacada capacidad profesional en los \u00e1mbitos de actividad de la instituci\u00f3n. La actividad de presidente y asesor no es remunerada, y consiste en reuniones peri\u00f3dicas para deliberar sobre asuntos tales como: las l\u00edneas generales de las pol\u00edticas, lineamientos y estrategias de ISD; propuestas de contrato de gesti\u00f3n, presupuesto, programa de inversiones y plan de acci\u00f3n para la realizaci\u00f3n de actividades; estados financieros, contables y cuentas anuales; creaci\u00f3n y modificaci\u00f3n de estatutos, reglamentos internos, normas espec\u00edficas para la contrataci\u00f3n de obras, servicios, compras y enajenaciones, as\u00ed como planes de trabajo, salarios y beneficios para los empleados; informes de gesti\u00f3n y de actividad que deben remitirse al organismo que supervisa la ejecuci\u00f3n del contrato de gesti\u00f3n; cumplimiento de lineamientos y objetivos definidos.<\/span><\/p><p><span style=\"font-weight: 400;\">\u201cDespu\u00e9s de ocho a\u00f1os como presidente y miembro del Consejo, mi mandato llega a su fin. Quiero agradecer a todos los miembros del Consejo, por todo el apoyo, por toda la colaboraci\u00f3n y el trabajo continuo para que podamos mantener al Instituto avanzando dentro de sus lineamientos b\u00e1sicos iniciales que siguen guiando todo el trabajo realizado por el equipo t\u00e9cnico. y direcci\u00f3n general\u201d, declar\u00f3 el neurocient\u00edfico Miguel Nicolelis, quien concibi\u00f3 la idea del Instituto Santos Dumont.\u00a0<\/span><\/p><p><span style=\"font-weight: 400;\">El nuevo presidente de la Junta Directiva de ISD conoce a detalle la instituci\u00f3n. Theodoro Paraschiva, ingeniero de formaci\u00f3n, se desempe\u00f1\u00f3 como director general del Instituto Santos Dumont entre 2014 y 2018. Fue uno de los responsables de implementar el Instituto Internacional de Neurociencia Edmond and Lily (IIN-ELS), conocido como Campus del Cerebro. , tambi\u00e9n en Maca\u00edba. Desde que dej\u00f3 la junta general, Theodoro asumi\u00f3 el papel de asesor. Tras el anuncio de su elecci\u00f3n como presidente del colegiado, Theodoro record\u00f3 su trayectoria en el Instituto y agradeci\u00f3 la confianza depositada en \u00e9l en lo que considera una misi\u00f3n desafiante. \u201cQuiero agradecer al Prof. Nicolelis por la nominaci\u00f3n y a los dem\u00e1s asesores por su elecci\u00f3n. El trabajo realizado en ISD es excepcional\u201d, destac\u00f3.\u00a0<\/span><\/p><p><span style=\"font-weight: 400;\">Miguel Nicolelis record\u00f3 luego que el sue\u00f1o de construir el Instituto naci\u00f3 hace dos d\u00e9cadas y fue considerado uno de los proyectos m\u00e1s atrevidos a lo largo de sus 40 a\u00f1os de carrera. \u201cEste proyecto naci\u00f3 hace 20 a\u00f1os con la idea de que era posible realizar ciencia de vanguardia en cualquier rinc\u00f3n de Brasil y transformar esa ciencia en un agente de transformaci\u00f3n social. Gracias al compromiso de cientos de personas, orientadoras, cient\u00edficas, estudiantes ya aprobadas, de todas las mujeres atendidas por el equipo del Instituto, que pueden recibir apoyo gratuito en atenci\u00f3n prenatal b\u00e1sica, hemos contribuido a mejorar la calidad de vida de de estas mujeres y de tus hijos. Me siento profundamente realizado\u201d, a\u00f1ade.\u00a0<\/span><\/p><p><span style=\"font-weight: 400;\">Nicolelis tambi\u00e9n afirm\u00f3 que aunque este fue su \u00faltimo acto oficial como jefe del Consejo del Instituto, espera poder contribuir voluntariamente a la continuidad del trabajo de la instituci\u00f3n \u201cEste proyecto se ha convertido en un instrumento del Estado brasile\u00f1o y no puede proporcionar nada. s\u00f3lo una mejora en la calidad de vida de la poblaci\u00f3n circundante, pero contribuyendo a la formaci\u00f3n de cient\u00edficos y a la capacidad cient\u00edfica del pa\u00eds en una regi\u00f3n donde pocos cre\u00edan que ser\u00eda posible instalar un centro cient\u00edfico. Esto me hace sentir sumamente orgulloso y feliz\u201d, dijo Miguel Nicolelis.\u00a0<\/span><\/p><p><span style=\"font-weight: 400;\">Al finalizar la intervenci\u00f3n, el neurocient\u00edfico llam\u00f3 a todos los asesores a continuar desarrollando el trabajo de apoyo al Instituto, lo que fue respaldado por el director general de la instituci\u00f3n, Reginaldo Freitas Jr. \u201cAgradecimiento al Prof. Miguel, a los consejeros. La reelecci\u00f3n para el cargo de director general representa el resultado de un trabajo en equipo. Un equipo que comparte valores, responsabilidades, desaf\u00edos y, sobre todo, es m\u00e1s fuerte porque ha dedicado mucho amor al trabajo que aqu\u00ed se realiza. Mi nombre, en esta situaci\u00f3n, representa a todos los trabajadores del Instituto Santos Dumont, que ya son m\u00e1s de 100. El ISD es una experiencia de vida que merece ser vivida y reafirmo aqu\u00ed el compromiso de vivir esta instituci\u00f3n poni\u00e9ndola por encima de todo. nosotros\u201d, declar\u00f3 Reginaldo Freitas Jr.\u00a0<\/span><\/p><p><span style=\"font-weight: 400;\">En mensaje dirigido al Prof. Miguel Nicolelis, director general, destac\u00f3 que el cambio en la presidencia de la Junta Directiva sigue una norma institucional, pero no representa el fin de las colaboraciones del cient\u00edfico con el ISD. \u201cNo es una despedida, es un cambio natural que forma parte de un contexto formal, cumple con la legislaci\u00f3n brasile\u00f1a y refuerza nuestro compromiso con el desarrollo institucional. Nuestro inmenso agradecimiento a tu sue\u00f1o, a tu energ\u00eda. Su sue\u00f1o se convirti\u00f3 en nuestro sue\u00f1o y se convirti\u00f3 en la realidad que hoy nos encanta y nos hace felices. La palabra para decirles es: \u00a1gratitud!\u201d, subray\u00f3 Reginaldo Freitas hijo. Luego dio la bienvenida al nuevo presidente. \u201cAgradezco la generosidad de Theo, quien nos conoce y est\u00e1 presente en cada pieza de este trabajo. Mucha gente camin\u00f3 delante de nosotros y abri\u00f3 caminos para que sucedieran cosas. Theo es una inspiraci\u00f3n y un referente. Tiene mi m\u00e1s profunda admiraci\u00f3n y respeto. En nombre de todo el equipo de ISD, s\u00e9 que estamos a salvo\u201d.<\/span><\/p><p><b>Reconocimiento<\/b><\/p><p><span style=\"font-weight: 400;\">El presidente de la Federaci\u00f3n de Industrias de Rio Grande do Norte (Fiern), Amaro Sales de Ara\u00fajo, que representa a la Confederaci\u00f3n Nacional de la Industria (CNI) como uno de los miembros del Consejo Directivo del ISD, felicit\u00f3 el trabajo realizado por el Prof. . Miguel Nicolelis a lo largo de sus dos mandatos como presidente y destac\u00f3 la importancia del Instituto para el estado de Rio Grande do Norte. \u201cTodos sabemos el esfuerzo que hizo el Prof. Miguel tuvo que llevar este escenario a Rio Grande do Norte. Tenemos mucho que agradecer. Estoy muy contento con esta reelecci\u00f3n (de Reginaldo Freitas Jr. a la direcci\u00f3n general del ISD). Quiero felicitar y decir que la Confederaci\u00f3n Nacional de la Industria siempre estar\u00e1 presente en el Consejo\u201d, destac\u00f3 Sales.<\/span><\/p><p><span style=\"font-weight: 400;\">Estuvieron presentes en la reuni\u00f3n los siguientes asesores: Jos\u00e9 Luiz Egydio Set\u00fabal, F\u00e1bio Donato Soares Larotonda, Anna Maria Lima Sales, George Dantas de Azevedo, Musa Morais y Francisco Humberto Vignoli. En representaci\u00f3n de ISD: Reginaldo Freitas Jr., director general; Jovan Gadioli dos Santos, director administrativo del ISD; Lilian Lira Lisboa, gerente del Centro de Investigaci\u00f3n y Educaci\u00f3n en Salud Anita Garibaldi (Anita) y Edgard Morya, gerente del Instituto Internacional de Neurociencia Edmond y Lily Safra (IIN-ELS).\u00a0<\/span><\/p>\t\t\t\t\t\t\t\t<\/div>\n\t\t\t\t<\/div>\n\t\t\t\t\t<\/div>\n\t\t<\/div>\n\t\t\t\t\t<\/div>\n\t\t<\/section>\n\t\t\t\t<section class=\"elementor-section elementor-top-section elementor-element elementor-element-78332623 elementor-section-boxed elementor-section-height-default elementor-section-height-default\" data-id=\"78332623\" data-element_type=\"section\">\n\t\t\t\t\t\t<div class=\"elementor-container elementor-column-gap-default\">\n\t\t\t\t\t<div class=\"elementor-column elementor-col-100 elementor-top-column elementor-element elementor-element-486680d7\" data-id=\"486680d7\" data-element_type=\"column\">\n\t\t\t<div class=\"elementor-widget-wrap elementor-element-populated\">\n\t\t\t\t\t\t<div class=\"elementor-element elementor-element-6841e5a0 elementor-widget-divider--view-line elementor-widget elementor-widget-divider\" data-id=\"6841e5a0\" data-element_type=\"widget\" data-widget_type=\"divider.default\">\n\t\t\t\t<div class=\"elementor-widget-container\">\n\t\t\t\t\t\t\t<div class=\"elementor-divider\">\n\t\t\t<span class=\"elementor-divider-separator\">\n\t\t\t\t\t\t<\/span>\n\t\t<\/div>\n\t\t\t\t\t\t<\/div>\n\t\t\t\t<\/div>\n\t\t\t\t<div class=\"elementor-element elementor-element-44fc9bc8 elementor-widget elementor-widget-spacer\" data-id=\"44fc9bc8\" data-element_type=\"widget\" data-widget_type=\"spacer.default\">\n\t\t\t\t<div class=\"elementor-widget-container\">\n\t\t\t\t\t\t\t<div class=\"elementor-spacer\">\n\t\t\t<div class=\"elementor-spacer-inner\"><\/div>\n\t\t<\/div>\n\t\t\t\t\t\t<\/div>\n\t\t\t\t<\/div>\n\t\t\t\t<section class=\"elementor-section elementor-inner-section elementor-element elementor-element-790b586a elementor-section-boxed elementor-section-height-default elementor-section-height-default\" data-id=\"790b586a\" data-element_type=\"section\">\n\t\t\t\t\t\t<div class=\"elementor-container elementor-column-gap-default\">\n\t\t\t\t\t<div class=\"elementor-column elementor-col-50 elementor-inner-column elementor-element elementor-element-45add4f2\" data-id=\"45add4f2\" data-element_type=\"column\">\n\t\t\t<div class=\"elementor-widget-wrap elementor-element-populated\">\n\t\t\t\t\t\t<div class=\"elementor-element elementor-element-5cd7242f elementor-view-default elementor-widget elementor-widget-icon\" data-id=\"5cd7242f\" data-element_type=\"widget\" data-widget_type=\"icon.default\">\n\t\t\t\t<div class=\"elementor-widget-container\">\n\t\t\t\t\t\t\t<div class=\"elementor-icon-wrapper\">\n\t\t\t<div class=\"elementor-icon\">\n\t\t\t\t\t\t\t<i class=\"fa fa-pencil-square-o\" aria-hidden=\"true\"><\/i>\n\t\t\t\t\t\t<\/div>\n\t\t<\/div>\n\t\t\t\t\t\t<\/div>\n\t\t\t\t<\/div>\n\t\t\t\t<div class=\"elementor-element elementor-element-a9852af elementor-widget elementor-widget-text-editor\" data-id=\"a9852af\" data-element_type=\"widget\" data-widget_type=\"text-editor.default\">\n\t\t\t\t<div class=\"elementor-widget-container\">\n\t\t\t\t\t\t\t\t\t<div data-id=\"rjpprlj\" data-element_type=\"text-editor.default\"><p><strong>Texto:\u00a0<\/strong>\u00a0Ricardo Ara\u00fajo \/ Ascom \u2013 ISD<\/p><p><strong>Foto:<\/strong>\u00a0Mariana Ceci \/ Ascom \u2013 ISD<\/p><\/div>\t\t\t\t\t\t\t\t<\/div>\n\t\t\t\t<\/div>\n\t\t\t\t<div class=\"elementor-element elementor-element-71b1f7b5 elementor-widget elementor-widget-text-editor\" data-id=\"71b1f7b5\" data-element_type=\"widget\" data-widget_type=\"text-editor.default\">\n\t\t\t\t<div class=\"elementor-widget-container\">\n\t\t\t\t\t\t\t\t\t<p><strong>Consultor\u00eda de comunicaci\u00f3n<\/strong><br \/> comunicacao@isd.org.br<br \/> (84) 99416-1880<\/p>\t\t\t\t\t\t\t\t<\/div>\n\t\t\t\t<\/div>\n\t\t\t\t\t<\/div>\n\t\t<\/div>\n\t\t\t\t<div class=\"elementor-column elementor-col-50 elementor-inner-column elementor-element elementor-element-32bca770\" data-id=\"32bca770\" data-element_type=\"column\" data-settings=\"{&quot;background_background&quot;:&quot;classic&quot;}\">\n\t\t\t<div class=\"elementor-widget-wrap elementor-element-populated\">\n\t\t\t\t\t\t<div class=\"elementor-element elementor-element-4a7fe4da elementor-widget elementor-widget-text-editor\" data-id=\"4a7fe4da\" data-element_type=\"widget\" data-widget_type=\"text-editor.default\">\n\t\t\t\t<div class=\"elementor-widget-container\">\n\t\t\t\t\t\t\t\t\t<h3><strong><span style=\"color: #ffffff;\">Instituto Santos Dumont (ISD)<\/span><\/strong><\/h3><p><span style=\"color: #ffffff;\">Es una Organizaci\u00f3n Social vinculada al Ministerio de Educaci\u00f3n (MEC) y engloba al Instituto Internacional de Neurociencia Edmond y Lily Safra y al Centro de Educaci\u00f3n e Investigaci\u00f3n en Salud Anita Garibaldi, ambos en Maca\u00edba. La misi\u00f3n del ISD es promover la educaci\u00f3n para la vida, formando ciudadanos a trav\u00e9s de acciones integradas de ense\u00f1anza, investigaci\u00f3n y extensi\u00f3n, adem\u00e1s de contribuir para una transformaci\u00f3n m\u00e1s justa y humana de la realidad social brasile\u00f1a.<\/span><\/p>\t\t\t\t\t\t\t\t<\/div>\n\t\t\t\t<\/div>\n\t\t\t\t\t<\/div>\n\t\t<\/div>\n\t\t\t\t\t<\/div>\n\t\t<\/section>\n\t\t\t\t\t<\/div>\n\t\t<\/div>\n\t\t\t\t\t<\/div>\n\t\t<\/section>\n\t\t\t\t<\/div>","protected":false},"excerpt":{"rendered":"<p>Tras dos mandatos, el profesor Miguel Nicolelis deja su cargo como presidente de la Junta Directiva del ISD; Theodoro Paraschiva es elegido para el puesto y Reginaldo Freitas Jr. es reelegido como director general. <\/p>","protected":false},"author":10,"featured_media":24488,"comment_status":"open","ping_status":"open","sticky":false,"template":"","format":"standard","meta":{"_acf_changed":false,"footnotes":""},"categories":[407,1,399,16],"tags":[],"class_list":["post-24484","post","type-post","status-publish","format-standard","has-post-thumbnail","hentry","category-ceps-pt","category-destaque_noticia","category-iin-els-pt","category-institucional"],"acf":[],"_links":{"self":[{"href":"https:\/\/institutosantosdumont.org.br\/es\/wp-json\/wp\/v2\/posts\/24484","targetHints":{"allow":["GET"]}}],"collection":[{"href":"https:\/\/institutosantosdumont.org.br\/es\/wp-json\/wp\/v2\/posts"}],"about":[{"href":"https:\/\/institutosantosdumont.org.br\/es\/wp-json\/wp\/v2\/types\/post"}],"author":[{"embeddable":true,"href":"https:\/\/institutosantosdumont.org.br\/es\/wp-json\/wp\/v2\/users\/10"}],"replies":[{"embeddable":true,"href":"https:\/\/institutosantosdumont.org.br\/es\/wp-json\/wp\/v2\/comments?post=24484"}],"version-history":[{"count":0,"href":"https:\/\/institutosantosdumont.org.br\/es\/wp-json\/wp\/v2\/posts\/24484\/revisions"}],"wp:featuredmedia":[{"embeddable":true,"href":"https:\/\/institutosantosdumont.org.br\/es\/wp-json\/wp\/v2\/media\/24488"}],"wp:attachment":[{"href":"https:\/\/institutosantosdumont.org.br\/es\/wp-json\/wp\/v2\/media?parent=24484"}],"wp:term":[{"taxonomy":"category","embeddable":true,"href":"https:\/\/institutosantosdumont.org.br\/es\/wp-json\/wp\/v2\/categories?post=24484"},{"taxonomy":"post_tag","embeddable":true,"href":"https:\/\/institutosantosdumont.org.br\/es\/wp-json\/wp\/v2\/tags?post=24484"}],"curies":[{"name":"wp","href":"https:\/\/api.w.org\/{rel}","templated":true}]}}