{"id":24763,"date":"2022-07-22T08:56:41","date_gmt":"2022-07-22T11:56:41","guid":{"rendered":"http:\/\/www.institutosantosdumont.org.br\/?p=24763"},"modified":"2022-07-27T15:30:12","modified_gmt":"2022-07-27T18:30:12","slug":"isd-recebe-atividades-abertas-ao-publico-no-dia-da-mulher-negra-latina-e-caribenha-saiba-como-participar","status":"publish","type":"post","link":"https:\/\/institutosantosdumont.org.br\/es\/isd-recebe-atividades-abertas-ao-publico-no-dia-da-mulher-negra-latina-e-caribenha-saiba-como-participar\/","title":{"rendered":"ISD organiza actividades abiertas al p\u00fablico en el D\u00eda de la Mujer Negra, Latina y Caribe\u00f1a; Descubra c\u00f3mo participar"},"content":{"rendered":"<div data-elementor-type=\"wp-post\" data-elementor-id=\"24763\" class=\"elementor elementor-24763\" data-elementor-post-type=\"post\">\n\t\t\t\t\t\t<section class=\"elementor-section elementor-top-section elementor-element elementor-element-5c2baf7b elementor-section-boxed elementor-section-height-default elementor-section-height-default\" data-id=\"5c2baf7b\" data-element_type=\"section\">\n\t\t\t\t\t\t<div class=\"elementor-container elementor-column-gap-default\">\n\t\t\t\t\t<div class=\"elementor-column elementor-col-100 elementor-top-column elementor-element elementor-element-3dc42b39\" data-id=\"3dc42b39\" data-element_type=\"column\">\n\t\t\t<div class=\"elementor-widget-wrap elementor-element-populated\">\n\t\t\t\t\t\t<div class=\"elementor-element elementor-element-3a92d6f2 elementor-widget elementor-widget-text-editor\" data-id=\"3a92d6f2\" data-element_type=\"widget\" data-widget_type=\"text-editor.default\">\n\t\t\t\t<div class=\"elementor-widget-container\">\n\t\t\t\t\t\t\t\t\t<p><span style=\"font-weight: 400;\">El Instituto Santos Dumont (ISD) acoger\u00e1 el pr\u00f3ximo lunes, 25 de julio, una serie de debates y actividades en alusi\u00f3n al D\u00eda de la Mujer Negra, Latina y Caribe\u00f1a, celebrado internacionalmente en la fecha, que tambi\u00e9n se celebra en Brasil como el D\u00eda Nacional de Tereza de Benguela y de la Mujer Negra. El programa, que se llevar\u00e1 a cabo en el Instituto Internacional de Neurociencia Edmond y Lily Safra (IIN-ELS), una de las unidades del ISD en Maca\u00edba, comenzar\u00e1 a las 9 am y se extender\u00e1 hasta el mediod\u00eda. El evento ser\u00e1 abierto al p\u00fablico, sin necesidad de inscripci\u00f3n previa.\u00a0<\/span><\/p><p><span style=\"font-weight: 400;\">\u00a0<\/span><\/p><p><span style=\"font-weight: 400;\">Durante la ma\u00f1ana se realizar\u00e1n dos grupos de discusi\u00f3n. El primero tendr\u00e1 como tema \u201cMujeres Negras en el Poder y el Buen Vivir\u201d, y ser\u00e1 mediado por la Coordinadora Estatal de la Pol\u00edtica de Promoci\u00f3n de la Igualdad Racial de la Secretar\u00eda de Estado de la Mujer, la Juventud y la Igualdad Racial (SEMJIDH), Giselma Omil\u00ea. El debate contar\u00e1 con la presencia de mujeres de la comunidad quilombola de Capoeiras, la m\u00e1s grande de Rio Grande do Norte, socia del ISD en la realizaci\u00f3n de proyectos de educaci\u00f3n y salud.<\/span><\/p><p><span style=\"font-weight: 400;\">\u00a0<\/span><\/p><p><span style=\"font-weight: 400;\">\u201cPara m\u00ed, celebrar este d\u00eda es muy importante, porque simboliza nuestras luchas por los derechos adquiridos. Vivimos en una sociedad patriarcal, y este momento es para celebrar las luchas de nuestros antepasados, de las mujeres que nos precedieron\u201d, dice Aline Moura, profesora de la Escuela Municipal Santa Luzia, ubicada en Capoeiras.\u00a0<\/span><\/p><p><span style=\"font-weight: 400;\">\u00a0<\/span><\/p><p><span style=\"font-weight: 400;\">Posteriormente, se realizar\u00e1 un c\u00edrculo de discusi\u00f3n sobre la exposici\u00f3n \u201cEsencia Negra\u201d, que presenta fotograf\u00edas de mujeres negras de diferentes localidades de Rio Grande do Norte. En la ocasi\u00f3n estar\u00e1n presentes los fot\u00f3grafos Ana Cl\u00e1udia Albuquerque, Kaline Lucena y Rodrigo Campos, organizadores de la exposici\u00f3n, as\u00ed como algunos de los modelos retratados en las pinturas, que est\u00e1n disponibles para su visita desde principios de julio en el Espacio Expositivo Nise da Silveira, tambi\u00e9n ubicado en el edificio del IIN-ELS.<\/span><\/p><p><span style=\"font-weight: 400;\">\u00a0<\/span><\/p><p><span style=\"font-weight: 400;\">El Director General del ISD, Reginaldo Freitas J\u00fanior, afirma que las luchas lideradas por las mujeres negras brasile\u00f1as para construir un mundo m\u00e1s justo deben ser honradas y celebradas por toda la sociedad. Honrar, agradecer y abrazar a cada una de estas mujeres, en el d\u00eda que celebramos la memoria de la Reina Teresa de Benguela y toda la fuerza que encierra su ejemplo, tiene un significado muy especial para nosotros. El ISD trabaja por la construcci\u00f3n colectiva de una sociedad c\u00edvica, donde el sexismo, el racismo y el hambre, en sus m\u00e1s diversas dimensiones, deben combatirse en una lucha diaria tan feroz como aquella a la que Teresa dedic\u00f3 su vida. Hay muchas Teresas de Rio Grande do Norte, y recibirlas para honrar sus vidas y sus luchas nos conmueve profundamente. Ellas son las protagonistas de este encuentro. Nuestro hogar es su hogar\u00bb, afirma.\u00a0<\/span><\/p><p><span style=\"font-weight: 400;\">\u00a0<\/span><\/p><p><b>Mujeres negras en la construcci\u00f3n del poder y el bienestar<\/b><\/p><p><span style=\"font-weight: 400;\">En 2022, el tema elegido para \u201cJulho das Pretas\u201d, como el mes en que se celebra el D\u00eda de la Mujer Negra, Latina y Caribe\u00f1a, y se denomina el D\u00eda Nacional de la Mujer Tereza de Benguela y Negra, fue: \u201cMujeres negras en el poder, construyendo el buen vivir\u201d.<\/span><\/p><p><span style=\"font-weight: 400;\">\u00a0<\/span><\/p><p><span style=\"font-weight: 400;\">La directora social de la Asociaci\u00f3n Quilombola de los Moradores de Capoeiras, Liliane Moura, destaca la importancia de discutir la contribuci\u00f3n hist\u00f3rica de las mujeres negras a las transformaciones sociales, y la necesidad de espacios para dar visibilidad a cuestiones que abarquen la superaci\u00f3n de las desigualdades raciales y de g\u00e9nero.\u00a0<\/span><\/p><p><span style=\"font-weight: 400;\">\u00a0<\/span><\/p><p><span style=\"font-weight: 400;\">Tereza fue una l\u00edder quilombola, una mujer muy adelantada a su tiempo, que luch\u00f3 por la libertad. Este a\u00f1o, el 25 de julio tiene como tema \u00abMujeres negras en el poder construyendo una buena vida\u00bb, y tenemos la visibilidad para poder hablar y tambi\u00e9n mostrar la necesidad de hablar sobre temas relacionados con la superaci\u00f3n de las desigualdades de g\u00e9nero y raciales, y la importancia de que las mujeres quilombolas, ind\u00edgenas y activistas se unan para intentar cambiar la realidad en la que vivimos. Podemos ser quienes queramos ser, y todas somos un poco Tereza\u00bb, dice Liliane.\u00a0<\/span><\/p><p><span style=\"font-weight: 400;\">\u00a0<\/span><\/p><p><b>Servicio<\/b><\/p><p><span style=\"font-weight: 400;\">Qu\u00e9: Celebraciones del D\u00eda de la Mujer Negra, Latina y Caribe\u00f1a<\/span><\/p><p><span style=\"font-weight: 400;\">Fecha: 25\/07\/2022<\/span><\/p><p><span style=\"font-weight: 400;\">Horario: de 9 a 12 h.<\/span><\/p><p><span style=\"font-weight: 400;\">Ubicaci\u00f3n: Instituto Internacional de Neurociencias Edmond y Lily Safra (IIN-ELS), Avenida Alberto Santos Dumont, 1.560, Zona Rural del Municipio de Maca\u00edba\/RN.<\/span><\/p><p><span style=\"font-weight: 400;\">\u00a0<\/span><\/p>\t\t\t\t\t\t\t\t<\/div>\n\t\t\t\t<\/div>\n\t\t\t\t\t<\/div>\n\t\t<\/div>\n\t\t\t\t\t<\/div>\n\t\t<\/section>\n\t\t\t\t<section class=\"elementor-section elementor-top-section elementor-element elementor-element-5574275 elementor-section-boxed elementor-section-height-default elementor-section-height-default\" data-id=\"5574275\" data-element_type=\"section\">\n\t\t\t\t\t\t<div class=\"elementor-container elementor-column-gap-default\">\n\t\t\t\t\t<div class=\"elementor-column elementor-col-100 elementor-top-column elementor-element elementor-element-45e4acf\" data-id=\"45e4acf\" data-element_type=\"column\">\n\t\t\t<div class=\"elementor-widget-wrap elementor-element-populated\">\n\t\t\t\t\t\t<div class=\"elementor-element elementor-element-603abce elementor-widget-divider--view-line elementor-widget elementor-widget-divider\" data-id=\"603abce\" data-element_type=\"widget\" data-widget_type=\"divider.default\">\n\t\t\t\t<div class=\"elementor-widget-container\">\n\t\t\t\t\t\t\t<div class=\"elementor-divider\">\n\t\t\t<span class=\"elementor-divider-separator\">\n\t\t\t\t\t\t<\/span>\n\t\t<\/div>\n\t\t\t\t\t\t<\/div>\n\t\t\t\t<\/div>\n\t\t\t\t<div class=\"elementor-element elementor-element-02d7da4 elementor-widget elementor-widget-spacer\" data-id=\"02d7da4\" data-element_type=\"widget\" data-widget_type=\"spacer.default\">\n\t\t\t\t<div class=\"elementor-widget-container\">\n\t\t\t\t\t\t\t<div class=\"elementor-spacer\">\n\t\t\t<div class=\"elementor-spacer-inner\"><\/div>\n\t\t<\/div>\n\t\t\t\t\t\t<\/div>\n\t\t\t\t<\/div>\n\t\t\t\t<section class=\"elementor-section elementor-inner-section elementor-element elementor-element-dcc1fd7 elementor-section-boxed elementor-section-height-default elementor-section-height-default\" data-id=\"dcc1fd7\" data-element_type=\"section\">\n\t\t\t\t\t\t<div class=\"elementor-container elementor-column-gap-default\">\n\t\t\t\t\t<div class=\"elementor-column elementor-col-50 elementor-inner-column elementor-element elementor-element-c417463\" data-id=\"c417463\" data-element_type=\"column\">\n\t\t\t<div class=\"elementor-widget-wrap elementor-element-populated\">\n\t\t\t\t\t\t<div class=\"elementor-element elementor-element-fd983fc elementor-view-default elementor-widget elementor-widget-icon\" data-id=\"fd983fc\" data-element_type=\"widget\" data-widget_type=\"icon.default\">\n\t\t\t\t<div class=\"elementor-widget-container\">\n\t\t\t\t\t\t\t<div class=\"elementor-icon-wrapper\">\n\t\t\t<div class=\"elementor-icon\">\n\t\t\t\t\t\t\t<i class=\"fa fa-pencil-square-o\" aria-hidden=\"true\"><\/i>\n\t\t\t\t\t\t<\/div>\n\t\t<\/div>\n\t\t\t\t\t\t<\/div>\n\t\t\t\t<\/div>\n\t\t\t\t<div class=\"elementor-element elementor-element-fe11258 elementor-widget elementor-widget-text-editor\" data-id=\"fe11258\" data-element_type=\"widget\" data-widget_type=\"text-editor.default\">\n\t\t\t\t<div class=\"elementor-widget-container\">\n\t\t\t\t\t\t\t\t\t<div data-id=\"rjpprlj\" data-element_type=\"text-editor.default\"><p><strong>Texto:\u00a0<\/strong>\u00a0Mariana Ceci \/ Ascom \u2013 ISD<\/p><p><strong>Foto:<\/strong>\u00a0Mariana Ceci \/ Ascom \u2013 ISD<\/p><\/div>\t\t\t\t\t\t\t\t<\/div>\n\t\t\t\t<\/div>\n\t\t\t\t<div class=\"elementor-element elementor-element-79d998f elementor-widget elementor-widget-text-editor\" data-id=\"79d998f\" data-element_type=\"widget\" data-widget_type=\"text-editor.default\">\n\t\t\t\t<div class=\"elementor-widget-container\">\n\t\t\t\t\t\t\t\t\t<p><strong>Consultor\u00eda de comunicaci\u00f3n<\/strong><br \/> comunicacao@isd.org.br<br \/> (84) 99416-1880<\/p>\t\t\t\t\t\t\t\t<\/div>\n\t\t\t\t<\/div>\n\t\t\t\t\t<\/div>\n\t\t<\/div>\n\t\t\t\t<div class=\"elementor-column elementor-col-50 elementor-inner-column elementor-element elementor-element-9b63ae3\" data-id=\"9b63ae3\" data-element_type=\"column\" data-settings=\"{&quot;background_background&quot;:&quot;classic&quot;}\">\n\t\t\t<div class=\"elementor-widget-wrap elementor-element-populated\">\n\t\t\t\t\t\t<div class=\"elementor-element elementor-element-e2de0c0 elementor-widget elementor-widget-text-editor\" data-id=\"e2de0c0\" data-element_type=\"widget\" data-widget_type=\"text-editor.default\">\n\t\t\t\t<div class=\"elementor-widget-container\">\n\t\t\t\t\t\t\t\t\t<h3><strong><span style=\"color: #ffffff;\">Instituto Santos Dumont (ISD)<\/span><\/strong><\/h3><p><span style=\"color: #ffffff;\">Es una Organizaci\u00f3n Social vinculada al Ministerio de Educaci\u00f3n (MEC) y engloba al Instituto Internacional de Neurociencia Edmond y Lily Safra y al Centro de Educaci\u00f3n e Investigaci\u00f3n en Salud Anita Garibaldi, ambos en Maca\u00edba. La misi\u00f3n del ISD es promover la educaci\u00f3n para la vida, formando ciudadanos a trav\u00e9s de acciones integradas de ense\u00f1anza, investigaci\u00f3n y extensi\u00f3n, adem\u00e1s de contribuir para una transformaci\u00f3n m\u00e1s justa y humana de la realidad social brasile\u00f1a.<\/span><\/p>\t\t\t\t\t\t\t\t<\/div>\n\t\t\t\t<\/div>\n\t\t\t\t\t<\/div>\n\t\t<\/div>\n\t\t\t\t\t<\/div>\n\t\t<\/section>\n\t\t\t\t\t<\/div>\n\t\t<\/div>\n\t\t\t\t\t<\/div>\n\t\t<\/section>\n\t\t\t\t<\/div>","protected":false},"excerpt":{"rendered":"<p>Durante a manh\u00e3, ser\u00e3o promovidas duas rodas de conversa sobre a exposi\u00e7\u00e3o Ess\u00eancia Negra e sobre as mulheres negras no poder e a constru\u00e7\u00e3o do bem viver. <\/p>","protected":false},"author":10,"featured_media":24764,"comment_status":"open","ping_status":"open","sticky":false,"template":"","format":"standard","meta":{"_acf_changed":false,"footnotes":""},"categories":[1,11],"tags":[],"class_list":["post-24763","post","type-post","status-publish","format-standard","has-post-thumbnail","hentry","category-destaque_noticia","category-extensao"],"acf":[],"_links":{"self":[{"href":"https:\/\/institutosantosdumont.org.br\/es\/wp-json\/wp\/v2\/posts\/24763","targetHints":{"allow":["GET"]}}],"collection":[{"href":"https:\/\/institutosantosdumont.org.br\/es\/wp-json\/wp\/v2\/posts"}],"about":[{"href":"https:\/\/institutosantosdumont.org.br\/es\/wp-json\/wp\/v2\/types\/post"}],"author":[{"embeddable":true,"href":"https:\/\/institutosantosdumont.org.br\/es\/wp-json\/wp\/v2\/users\/10"}],"replies":[{"embeddable":true,"href":"https:\/\/institutosantosdumont.org.br\/es\/wp-json\/wp\/v2\/comments?post=24763"}],"version-history":[{"count":0,"href":"https:\/\/institutosantosdumont.org.br\/es\/wp-json\/wp\/v2\/posts\/24763\/revisions"}],"wp:featuredmedia":[{"embeddable":true,"href":"https:\/\/institutosantosdumont.org.br\/es\/wp-json\/wp\/v2\/media\/24764"}],"wp:attachment":[{"href":"https:\/\/institutosantosdumont.org.br\/es\/wp-json\/wp\/v2\/media?parent=24763"}],"wp:term":[{"taxonomy":"category","embeddable":true,"href":"https:\/\/institutosantosdumont.org.br\/es\/wp-json\/wp\/v2\/categories?post=24763"},{"taxonomy":"post_tag","embeddable":true,"href":"https:\/\/institutosantosdumont.org.br\/es\/wp-json\/wp\/v2\/tags?post=24763"}],"curies":[{"name":"wp","href":"https:\/\/api.w.org\/{rel}","templated":true}]}}