{"id":25312,"date":"2022-12-12T08:55:52","date_gmt":"2022-12-12T11:55:52","guid":{"rendered":"http:\/\/www.institutosantosdumont.org.br\/?p=25312"},"modified":"2022-12-12T08:58:22","modified_gmt":"2022-12-12T11:58:22","slug":"diretoria-do-isd-participa-de-ultima-reuniao-do-ano-com-o-conselho-de-administracao-da-instituicao","status":"publish","type":"post","link":"https:\/\/institutosantosdumont.org.br\/es\/diretoria-do-isd-participa-de-ultima-reuniao-do-ano-com-o-conselho-de-administracao-da-instituicao\/","title":{"rendered":"Mesa Directiva de ISD participa en la \u00faltima reuni\u00f3n del a\u00f1o con la Mesa Directiva de la instituci\u00f3n"},"content":{"rendered":"<div data-elementor-type=\"wp-post\" data-elementor-id=\"25312\" class=\"elementor elementor-25312\" data-elementor-post-type=\"post\">\n\t\t\t\t\t\t<section class=\"elementor-section elementor-top-section elementor-element elementor-element-1f545618 elementor-section-boxed elementor-section-height-default elementor-section-height-default\" data-id=\"1f545618\" data-element_type=\"section\">\n\t\t\t\t\t\t<div class=\"elementor-container elementor-column-gap-default\">\n\t\t\t\t\t<div class=\"elementor-column elementor-col-100 elementor-top-column elementor-element elementor-element-3e056b8a\" data-id=\"3e056b8a\" data-element_type=\"column\">\n\t\t\t<div class=\"elementor-widget-wrap elementor-element-populated\">\n\t\t\t\t\t\t<div class=\"elementor-element elementor-element-70bd5ca1 elementor-widget elementor-widget-text-editor\" data-id=\"70bd5ca1\" data-element_type=\"widget\" data-widget_type=\"text-editor.default\">\n\t\t\t\t<div class=\"elementor-widget-container\">\n\t\t\t\t\t\t\t\t\t<p dir=\"ltr\">La direcci\u00f3n del Instituto Santos Dumont (ISD), Organizaci\u00f3n Social vinculada al Ministerio de Educaci\u00f3n (MEC) ubicada en Maca\u00edba (RN), particip\u00f3 en la ma\u00f1ana de este mi\u00e9rcoles (7) de la \u00faltima reuni\u00f3n del a\u00f1o con el Consejo Directivo de la instituci\u00f3n, cuando present\u00f3 informes sobre las actividades realizadas por el ISD en el primer semestre de 2022 y en el tercer trimestre del a\u00f1o, adem\u00e1s de la propuesta de presupuesto para 2023.<\/p><p dir=\"ltr\">\u00a0<\/p><p dir=\"ltr\">Uno de los documentos presentados fue el Informe Financiero de Gesti\u00f3n del tercer trimestre de 2022, acompa\u00f1ado de la opini\u00f3n del Consejo Fiscal, que valid\u00f3 la exactitud de los documentos proporcionados por ISD y concluy\u00f3, por unanimidad, que los datos compartidos reflejan adecuadamente todos los aspectos relevantes y se encuentran en perfecto orden legal y financiero.<\/p><p dir=\"ltr\">\u00a0<\/p><p dir=\"ltr\">La Junta Directiva del ISD tambi\u00e9n actualiz\u00f3 a los miembros del Consejo sobre el informe elaborado por el Comit\u00e9 de Seguimiento y Evaluaci\u00f3n del Contrato de Gesti\u00f3n (CAACG) del Ministerio de Educaci\u00f3n (MEC), respecto de los resultados presentados por el ISD en el primer semestre de 2022. El seguimiento del CAACG consiste en evaluar el avance de las actividades en relaci\u00f3n a los resultados esperados de la instituci\u00f3n, demostrados con base en indicadores previamente acordados con el Ministerio.<\/p><p dir=\"ltr\">\u00a0<\/p><p dir=\"ltr\">Los concejales presentes aprobaron los informes compartidos y la propuesta de presupuesto para 2023, coordinado por la Asesor\u00eda de Planificaci\u00f3n, con el apoyo de las unidades del ISD. En la misma ocasi\u00f3n, el consejero George Dantas, director de la Escuela de Ciencias M\u00e9dicas Multicampi de Caic\u00f3, fue reelecto en el cargo y actuar\u00e1 en el Consejo por cuatro a\u00f1os m\u00e1s.<\/p><p dir=\"ltr\">\u00a0<\/p><p dir=\"ltr\">El presidente del consejo directivo, Theodoro Paraschiva, felicit\u00f3 al ISD por los resultados obtenidos. Felicito al equipo del ISD por sus logros en este a\u00f1o tan dif\u00edcil. Que sigamos firmes en la misi\u00f3n que el instituto asume: brindar mejor salud a la poblaci\u00f3n. El director administrativo del ISD, Jovan Gadioli, dirigi\u00f3 la reuni\u00f3n y, al final, agradeci\u00f3 a los miembros de la junta por su labor: \u00abHemos llegado hasta aqu\u00ed gracias a la colaboraci\u00f3n con ustedes. En 2023, seguiremos juntos para que el ISD sea cada vez m\u00e1s reconocido y s\u00f3lido\u00bb.<\/p>\t\t\t\t\t\t\t\t<\/div>\n\t\t\t\t<\/div>\n\t\t\t\t\t<\/div>\n\t\t<\/div>\n\t\t\t\t\t<\/div>\n\t\t<\/section>\n\t\t\t\t<section class=\"elementor-section elementor-inner-section elementor-element elementor-element-4c53839 elementor-section-boxed elementor-section-height-default elementor-section-height-default\" data-id=\"4c53839\" data-element_type=\"section\">\n\t\t\t\t\t\t<div class=\"elementor-container elementor-column-gap-default\">\n\t\t\t\t\t<div class=\"elementor-column elementor-col-50 elementor-inner-column elementor-element elementor-element-951e756\" data-id=\"951e756\" data-element_type=\"column\">\n\t\t\t<div class=\"elementor-widget-wrap elementor-element-populated\">\n\t\t\t\t\t\t<div class=\"elementor-element elementor-element-dabb5c0 elementor-view-default elementor-widget elementor-widget-icon\" data-id=\"dabb5c0\" data-element_type=\"widget\" data-widget_type=\"icon.default\">\n\t\t\t\t<div class=\"elementor-widget-container\">\n\t\t\t\t\t\t\t<div class=\"elementor-icon-wrapper\">\n\t\t\t<div class=\"elementor-icon\">\n\t\t\t\t\t\t\t<i class=\"fa fa-pencil-square-o\" aria-hidden=\"true\"><\/i>\n\t\t\t\t\t\t<\/div>\n\t\t<\/div>\n\t\t\t\t\t\t<\/div>\n\t\t\t\t<\/div>\n\t\t\t\t<div class=\"elementor-element elementor-element-53a2f83 elementor-widget elementor-widget-text-editor\" data-id=\"53a2f83\" data-element_type=\"widget\" data-widget_type=\"text-editor.default\">\n\t\t\t\t<div class=\"elementor-widget-container\">\n\t\t\t\t\t\t\t\t\t<div data-id=\"rjpprlj\" data-element_type=\"text-editor.default\"><p><strong>Texto:\u00a0<\/strong>Leandro Vieira \/ Ascom \u2013 ISD<\/p><p><strong>Foto:<\/strong>\u00a0Ascom-ISD<\/p><\/div>\t\t\t\t\t\t\t\t<\/div>\n\t\t\t\t<\/div>\n\t\t\t\t<div class=\"elementor-element elementor-element-c2e6669 elementor-widget elementor-widget-text-editor\" data-id=\"c2e6669\" data-element_type=\"widget\" data-widget_type=\"text-editor.default\">\n\t\t\t\t<div class=\"elementor-widget-container\">\n\t\t\t\t\t\t\t\t\t<p><strong>Consultor\u00eda de comunicaci\u00f3n<\/strong><br \/> comunicacao@isd.org.br<br \/> (84) 99416-1880<\/p>\t\t\t\t\t\t\t\t<\/div>\n\t\t\t\t<\/div>\n\t\t\t\t\t<\/div>\n\t\t<\/div>\n\t\t\t\t<div class=\"elementor-column elementor-col-50 elementor-inner-column elementor-element elementor-element-0508252\" data-id=\"0508252\" data-element_type=\"column\" data-settings=\"{&quot;background_background&quot;:&quot;classic&quot;}\">\n\t\t\t<div class=\"elementor-widget-wrap elementor-element-populated\">\n\t\t\t\t\t\t<div class=\"elementor-element elementor-element-05ba038 elementor-widget elementor-widget-text-editor\" data-id=\"05ba038\" data-element_type=\"widget\" data-widget_type=\"text-editor.default\">\n\t\t\t\t<div class=\"elementor-widget-container\">\n\t\t\t\t\t\t\t\t\t<h3><strong><span style=\"color: #ffffff;\">Instituto Santos Dumont (ISD)<\/span><\/strong><\/h3><p><span style=\"color: #ffffff;\">Es una Organizaci\u00f3n Social vinculada al Ministerio de Educaci\u00f3n (MEC) y engloba al Instituto Internacional de Neurociencia Edmond y Lily Safra y al Centro de Educaci\u00f3n e Investigaci\u00f3n en Salud Anita Garibaldi, ambos en Maca\u00edba. La misi\u00f3n del ISD es promover la educaci\u00f3n para la vida, formando ciudadanos a trav\u00e9s de acciones integradas de ense\u00f1anza, investigaci\u00f3n y extensi\u00f3n, adem\u00e1s de contribuir para una transformaci\u00f3n m\u00e1s justa y humana de la realidad social brasile\u00f1a.<\/span><\/p>\t\t\t\t\t\t\t\t<\/div>\n\t\t\t\t<\/div>\n\t\t\t\t\t<\/div>\n\t\t<\/div>\n\t\t\t\t\t<\/div>\n\t\t<\/section>\n\t\t\t\t<\/div>","protected":false},"excerpt":{"rendered":"<p>Na ocasi\u00e3o a diretoria apresentou os relat\u00f3rios relativos \u00e0s atividades de 2022, al\u00e9m da proposta de or\u00e7amento para 2023.\u00a0<\/p>","protected":false},"author":10,"featured_media":25313,"comment_status":"open","ping_status":"open","sticky":false,"template":"","format":"standard","meta":{"_acf_changed":false,"footnotes":""},"categories":[16],"tags":[],"class_list":["post-25312","post","type-post","status-publish","format-standard","has-post-thumbnail","hentry","category-institucional"],"acf":[],"_links":{"self":[{"href":"https:\/\/institutosantosdumont.org.br\/es\/wp-json\/wp\/v2\/posts\/25312","targetHints":{"allow":["GET"]}}],"collection":[{"href":"https:\/\/institutosantosdumont.org.br\/es\/wp-json\/wp\/v2\/posts"}],"about":[{"href":"https:\/\/institutosantosdumont.org.br\/es\/wp-json\/wp\/v2\/types\/post"}],"author":[{"embeddable":true,"href":"https:\/\/institutosantosdumont.org.br\/es\/wp-json\/wp\/v2\/users\/10"}],"replies":[{"embeddable":true,"href":"https:\/\/institutosantosdumont.org.br\/es\/wp-json\/wp\/v2\/comments?post=25312"}],"version-history":[{"count":0,"href":"https:\/\/institutosantosdumont.org.br\/es\/wp-json\/wp\/v2\/posts\/25312\/revisions"}],"wp:featuredmedia":[{"embeddable":true,"href":"https:\/\/institutosantosdumont.org.br\/es\/wp-json\/wp\/v2\/media\/25313"}],"wp:attachment":[{"href":"https:\/\/institutosantosdumont.org.br\/es\/wp-json\/wp\/v2\/media?parent=25312"}],"wp:term":[{"taxonomy":"category","embeddable":true,"href":"https:\/\/institutosantosdumont.org.br\/es\/wp-json\/wp\/v2\/categories?post=25312"},{"taxonomy":"post_tag","embeddable":true,"href":"https:\/\/institutosantosdumont.org.br\/es\/wp-json\/wp\/v2\/tags?post=25312"}],"curies":[{"name":"wp","href":"https:\/\/api.w.org\/{rel}","templated":true}]}}