{"id":28321,"date":"2024-02-29T15:21:48","date_gmt":"2024-02-29T18:21:48","guid":{"rendered":"https:\/\/www.institutosantosdumont.org.br\/?p=28321"},"modified":"2024-02-29T15:21:48","modified_gmt":"2024-02-29T18:21:48","slug":"diretoria-do-isd-apresenta-relatorio-anual-2023-ao-conselho-de-administracao","status":"publish","type":"post","link":"https:\/\/institutosantosdumont.org.br\/es\/diretoria-do-isd-apresenta-relatorio-anual-2023-ao-conselho-de-administracao\/","title":{"rendered":"Junta Directiva de ISD presenta informe anual 2023 a la Junta Directiva"},"content":{"rendered":"<p><span style=\"font-weight: 400;\">El consejo directivo del Instituto Santos Dumont (ISD), Organizaci\u00f3n Social vinculada al Ministerio de Educaci\u00f3n con sede en Maca\u00edba (RN), present\u00f3 este mi\u00e9rcoles por la ma\u00f1ana (28) el informe anual sobre la ejecuci\u00f3n del contrato de gesti\u00f3n al Consejo de Administraci\u00f3n de la instituci\u00f3n. Directores. En la ocasi\u00f3n, se detallaron las acciones realizadas a lo largo de 2023 en las dos unidades del instituto, el Centro de Investigaci\u00f3n y Educaci\u00f3n en Salud Anita Garibaldi (Anita) y el Instituto Internacional de Neuroingenier\u00eda Edmond and Lily Safra (IIN-ELS).\u00a0<\/span><\/p>\n<p><span style=\"font-weight: 400;\">El informe contiene las metas e indicadores de desempe\u00f1o alcanzados por ISD en 2023, los cuales ser\u00e1n evaluados por el Comit\u00e9 de Seguimiento del Contrato de Gesti\u00f3n establecido por el MEC, adem\u00e1s de los estados financieros analizados por auditores independientes. Todos los puntos fueron aprobados por unanimidad de los concejales, que siguieron la reuni\u00f3n de forma virtual.<\/span><\/p>\n<p><span style=\"font-weight: 400;\">De los 11 indicadores vigentes analizados en el contrato de gesti\u00f3n, ISD alcanz\u00f3 la meta acordada con el Ministerio de Educaci\u00f3n en 2023 en nueve, con tendencia a una consecuci\u00f3n parcial en los otros dos. Entre los \u00edtems evaluados se encuentran la tasa de \u00e9xito de la maestr\u00eda en neuroingenier\u00eda; la ocupaci\u00f3n de las instalaciones por investigadores externos y las pr\u00e1cticas de educaci\u00f3n continua en salud.<\/span><\/p>\n<p><span style=\"font-weight: 400;\">El presidente del Consejo de Administraci\u00f3n, Theodoro Paraschiva, destac\u00f3 que el desempe\u00f1o sigui\u00f3 la tendencia mostrada en los \u00faltimos a\u00f1os y reconoci\u00f3 el esfuerzo colectivo para mantener los \u00edndices en o cerca de la meta estipulada en el contrato de gesti\u00f3n.<\/span><\/p>\n<p><span style=\"font-weight: 400;\">\u201cUna vez m\u00e1s el instituto demostr\u00f3 que super\u00f3 casi todas las metas propuestas. Claro que hay cosas que no se lograron, porque cuando se alcanzan todas las metas con facilidad significa que ya no hay desaf\u00edo, y las metas est\u00e1n para eso, muestran para qu\u00e9 vinimos, para qu\u00e9 est\u00e1 el Instituto. \u201d, reflexion\u00f3 Teodoro.<\/span><\/p>\n<p><span style=\"font-weight: 400;\">La presentaci\u00f3n del informe estuvo a cargo del director general del ISD, Reginaldo Freitas Jr., y del director administrativo, Jovan Gadioli. Los directivos aprovecharon la ocasi\u00f3n para formalizar una invitaci\u00f3n al comit\u00e9 para asistir al evento de celebraci\u00f3n de los diez a\u00f1os de la habilitaci\u00f3n del instituto como organizaci\u00f3n social. \u201cEste evento est\u00e1 siendo planificado con la premisa principal de rendir cuentas a la sociedad por lo sucedido en estos diez a\u00f1os, por lo que el ISD entrega a la sociedad\u201d, explic\u00f3 el director general, Reginaldo Freitas.<\/span><\/p>\n<p><span style=\"font-weight: 400;\">Posteriormente, el informe anual completo de 2023 se pondr\u00e1 a disposici\u00f3n de toda la poblaci\u00f3n. Adem\u00e1s de la rendici\u00f3n de cuentas, el documento tambi\u00e9n celebra el d\u00e9cimo aniversario de la creaci\u00f3n del programa de posgrado en el \u00e1rea de Neuroingenier\u00eda del ISD, el primero en el \u00e1rea en ser reconocido por la Coordinaci\u00f3n de Perfeccionamiento del Personal de Educaci\u00f3n Superior (Capes). .\u00a0<\/span><\/p>\n<p><span style=\"font-weight: 400;\">En el transcurso de una d\u00e9cada, 112 neuroingenieros recibieron su maestr\u00eda en el Instituto Santos Dumont, de los cuales m\u00e1s de 90% se encuentran trabajando en el mercado laboral o en la academia luego de recibir su t\u00edtulo. El programa tambi\u00e9n contribuy\u00f3 al desarrollo cient\u00edfico brasile\u00f1o, con la publicaci\u00f3n de nuevos estudios en revistas internacionales destinados principalmente a mejorar la calidad de vida de la poblaci\u00f3n a trav\u00e9s de investigaciones guiadas por la comprensi\u00f3n del cerebro. <\/span><span style=\"font-weight: 400;\">e innovaci\u00f3n en tecnolog\u00edas sanitarias<\/span><span style=\"font-weight: 400;\">.<\/span><\/p>\n<p><b>Nuevos asesores<\/b><\/p>\n<p><span style=\"font-weight: 400;\">Durante la reuni\u00f3n de este mi\u00e9rcoles tambi\u00e9n se integraron dos nuevos miembros a la Mesa Directiva de ISD. Se trata de nombramientos realizados por la Confederaci\u00f3n Nacional de Industrias (CNI) y el Ministerio de Educaci\u00f3n (MEC), en sustituci\u00f3n de representantes previamente designados.<\/span><\/p>\n<p><span style=\"font-weight: 400;\">El CNI design\u00f3 al nuevo presidente de la Federaci\u00f3n de Industrias de Rio Grande do Norte (Fiern), Roberto Pinto Serquiz Elias. Asume el sill\u00f3n que ocupaba el ex presidente de Fiern, Amaro Sales de Ara\u00fajo, quien dej\u00f3 el cargo en octubre del a\u00f1o pasado. Sequiz es un empresario del sector del agua mineral y del reciclaje.<\/span><\/p>\n<p><span style=\"font-weight: 400;\">El Ministerio de Educaci\u00f3n design\u00f3 a la nueva presidenta de la Capes, Denise Pires de Carvalho. Sustituye a la ex presidenta de la coordinaci\u00f3n, Mercedes Maria da Cunha Bustamante. Denise fue rectora de la Universidad Federal de R\u00edo de Janeiro y es profesora titular del Instituto de Biof\u00edsica Carlos Chagas Filho (UFRJ).<\/span><\/p>\n<p><span style=\"font-weight: 400;\">Participaron de la reuni\u00f3n: Reginaldo Freitas Jr., director general de ISD; Jovan Gadioli dos Santos, director administrativo del ISD; Lilian Lira Lisboa, gerente de Anita; y Eduardo Frare, coordinador del proyecto ISD. Adem\u00e1s de ellos, los asesores: George Dantas; Theodoro Paraschiva (tambi\u00e9n en representaci\u00f3n del asesor Jos\u00e9 Luiz Set\u00fabal); F\u00e1bio Lorotonda; Francisco Vignoli y Laerte Guimar\u00e3es y los oyentes invitados F\u00e1tima Rodrigues Fernandes y Thiago Almeida.<\/span><\/p>\n<p><b>ACERCA DEL Distrito Escolar Independiente<\/b><\/p>\n<p>El Instituto Santos Dumont es una Organizaci\u00f3n Social vinculada al Ministerio de Educaci\u00f3n (MEC) y engloba al Instituto Internacional de Neurociencia Edmond y Lily Safra y al Centro de Educaci\u00f3n e Investigaci\u00f3n en Salud Anita Garibaldi, ambos en Maca\u00edba. La misi\u00f3n del ISD es promover la educaci\u00f3n para la vida, formando ciudadanos a trav\u00e9s de acciones integradas de ense\u00f1anza, investigaci\u00f3n y extensi\u00f3n, adem\u00e1s de contribuir para una transformaci\u00f3n m\u00e1s justa y humana de la realidad social brasile\u00f1a.<\/p>","protected":false},"excerpt":{"rendered":"<p>A diretoria do Instituto Santos Dumont (ISD), Organiza\u00e7\u00e3o Social vinculada ao Minist\u00e9rio da Educa\u00e7\u00e3o localizada em Maca\u00edba (RN), apresentou na manh\u00e3 desta quarta-feira (28) o relat\u00f3rio anual de execu\u00e7\u00e3o do contrato de gest\u00e3o para o Conselho de Administra\u00e7\u00e3o da institui\u00e7\u00e3o. Na ocasi\u00e3o, foram detalhadas as a\u00e7\u00f5es realizadas ao longo de 2023 nas duas unidades do [&hellip;]<\/p>","protected":false},"author":6,"featured_media":28322,"comment_status":"open","ping_status":"open","sticky":false,"template":"","format":"standard","meta":{"_acf_changed":false,"footnotes":""},"categories":[16],"tags":[],"class_list":["post-28321","post","type-post","status-publish","format-standard","has-post-thumbnail","hentry","category-institucional"],"acf":[],"_links":{"self":[{"href":"https:\/\/institutosantosdumont.org.br\/es\/wp-json\/wp\/v2\/posts\/28321","targetHints":{"allow":["GET"]}}],"collection":[{"href":"https:\/\/institutosantosdumont.org.br\/es\/wp-json\/wp\/v2\/posts"}],"about":[{"href":"https:\/\/institutosantosdumont.org.br\/es\/wp-json\/wp\/v2\/types\/post"}],"author":[{"embeddable":true,"href":"https:\/\/institutosantosdumont.org.br\/es\/wp-json\/wp\/v2\/users\/6"}],"replies":[{"embeddable":true,"href":"https:\/\/institutosantosdumont.org.br\/es\/wp-json\/wp\/v2\/comments?post=28321"}],"version-history":[{"count":0,"href":"https:\/\/institutosantosdumont.org.br\/es\/wp-json\/wp\/v2\/posts\/28321\/revisions"}],"wp:featuredmedia":[{"embeddable":true,"href":"https:\/\/institutosantosdumont.org.br\/es\/wp-json\/wp\/v2\/media\/28322"}],"wp:attachment":[{"href":"https:\/\/institutosantosdumont.org.br\/es\/wp-json\/wp\/v2\/media?parent=28321"}],"wp:term":[{"taxonomy":"category","embeddable":true,"href":"https:\/\/institutosantosdumont.org.br\/es\/wp-json\/wp\/v2\/categories?post=28321"},{"taxonomy":"post_tag","embeddable":true,"href":"https:\/\/institutosantosdumont.org.br\/es\/wp-json\/wp\/v2\/tags?post=28321"}],"curies":[{"name":"wp","href":"https:\/\/api.w.org\/{rel}","templated":true}]}}