{"id":30442,"date":"2024-09-04T17:00:47","date_gmt":"2024-09-04T20:00:47","guid":{"rendered":"https:\/\/www.institutosantosdumont.org.br\/?p=30442"},"modified":"2024-09-06T11:20:11","modified_gmt":"2024-09-06T14:20:11","slug":"atleta-usuario-do-isd-conquista-primeiro-lugar-em-maratona-internacional-de-florianopolis","status":"publish","type":"post","link":"https:\/\/institutosantosdumont.org.br\/es\/atleta-usuario-do-isd-conquista-primeiro-lugar-em-maratona-internacional-de-florianopolis\/","title":{"rendered":"Atleta usuario de ISD gana primer lugar en Marat\u00f3n Internacional de Florian\u00f3polis"},"content":{"rendered":"<p dir=\"ltr\">El paraatleta y usuario de la l\u00ednea de atenci\u00f3n paradeportiva del Instituto Santos Dumont (ISD), Pablo Gustavo Ferreira, obtuvo el primer lugar en la 13\u00aa edici\u00f3n del Marat\u00f3n Internacional de Florian\u00f3polis, realizada en agosto. El deportista compiti\u00f3 en la carrera de 42 kil\u00f3metros, en la categor\u00eda para usuarios de sillas de ruedas.<\/p>\n<p dir=\"ltr\">Adem\u00e1s del primer puesto, Pablo tambi\u00e9n bati\u00f3 un r\u00e9cord personal al completar la carrera en 2h y 22min. Atribuye el triunfo al apoyo brindado por familiares, amigos y el equipo multidisciplinario, que lo acompa\u00f1\u00f3 durante el periodo de entrenamiento.<\/p>\n<p dir=\"ltr\">Al celebrar el logro, el deportista refuerza que su presencia en el evento se enmarca en el contexto de desaf\u00edos que a\u00fan existen en materia de inclusi\u00f3n. Para \u00e9l, queda un largo camino por recorrer para garantizar la representaci\u00f3n de las personas con discapacidad en las competiciones, especialmente en las grandes como las maratones.<\/p>\n<p dir=\"ltr\">\u201cEs fundamental que sigamos luchando por la accesibilidad, la inclusi\u00f3n y la igualdad de oportunidades. Necesitamos m\u00e1s iniciativas que fomenten la participaci\u00f3n y ofrezcan el apoyo necesario para que estos deportistas puedan competir\u201d, considera el deportista.<\/p>\n<p dir=\"ltr\">La sensibilizaci\u00f3n, las acciones educativas y la difusi\u00f3n de informaci\u00f3n son puntos fundamentales para promover el paradeporte como posibilidad de inclusi\u00f3n y participaci\u00f3n social de las personas con discapacidad.<\/p>\n<p dir=\"ltr\">Pablo es uno de los usuarios que forman parte de la l\u00ednea de atenci\u00f3n paradeportes del ISD, que act\u00faa en el Centro de Referencia Paral\u00edmpico del Instituto, en Maca\u00edba. La estrategia, acreditada por el Comit\u00e9 Paral\u00edmpico Brasile\u00f1o (CPB), facilita entrenamientos que van desde la iniciaci\u00f3n deportiva hasta el alto rendimiento, adem\u00e1s de cursos, eventos y actividades que involucran a profesionales de la salud, usuarios y familiares.<\/p>\n<p dir=\"ltr\"><strong>Paradeportes<\/strong><\/p>\n<p dir=\"ltr\">El ISD promueve actividades paradeportivas para los usuarios de las l\u00edneas de atenci\u00f3n del Centro de Rehabilitaci\u00f3n Especializada del ISD (CER ISD), en el Centro de Referencia Paral\u00edmpico ISD\/Maca\u00edba. Actualmente, la petanca y el paraatletismo se ofrecen de forma gratuita a adultos y ni\u00f1os a partir de 7 a\u00f1os.<\/p>\n<p dir=\"ltr\">Luego de concertar una cita, las personas interesadas pasan por un screening remoto seguido de una evaluaci\u00f3n global, cuando se verifican los criterios de elegibilidad para las modalidades ofrecidas en el Instituto. La programaci\u00f3n se puede realizar llamando al (84) 4042-0033; (84) 4042-0044, o v\u00eda WhatsApp (solo texto): (84) 9-9155-3027, de lunes a viernes, de 8 a 17 horas.<\/p>\n<p dir=\"ltr\"><strong>Acerca del distrito escolar independiente<\/strong><\/p>\n<p dir=\"ltr\">El Instituto Santos Dumont (ISD) es una Organizaci\u00f3n Social vinculada al Ministerio de Educaci\u00f3n (MEC) y engloba al Instituto Internacional de Neurociencia Edmond y Lily Safra y al Centro de Educaci\u00f3n e Investigaci\u00f3n en Salud Anita Garibaldi, ambos en Maca\u00edba. La misi\u00f3n del ISD es promover la educaci\u00f3n para la vida, formando ciudadanos a trav\u00e9s de acciones integradas de ense\u00f1anza, investigaci\u00f3n y extensi\u00f3n, adem\u00e1s de contribuir para una transformaci\u00f3n m\u00e1s justa y humana de la realidad social brasile\u00f1a.<\/p>","protected":false},"excerpt":{"rendered":"<p>El atleta paral\u00edmpico y usuario de la l\u00ednea de atenci\u00f3n deportiva paral\u00edmpica del Instituto Santos Dumont (ISD), Pablo Gustavo Ferreira, obtuvo el primer lugar en la 13.\u00aa edici\u00f3n del Marat\u00f3n Internacional de Florian\u00f3polis, celebrado en agosto. El atleta compiti\u00f3 en la carrera de 42 km, en la categor\u00eda de usuarios de silla de ruedas. Adem\u00e1s del primer lugar, Pablo tambi\u00e9n super\u00f3 [\u2026]<\/p>","protected":false},"author":17,"featured_media":30443,"comment_status":"closed","ping_status":"closed","sticky":false,"template":"","format":"standard","meta":{"_acf_changed":false,"footnotes":""},"categories":[405,612],"tags":[],"class_list":["post-30442","post","type-post","status-publish","format-standard","has-post-thumbnail","hentry","category-destaque-en","category-paradesporto"],"acf":[],"_links":{"self":[{"href":"https:\/\/institutosantosdumont.org.br\/es\/wp-json\/wp\/v2\/posts\/30442","targetHints":{"allow":["GET"]}}],"collection":[{"href":"https:\/\/institutosantosdumont.org.br\/es\/wp-json\/wp\/v2\/posts"}],"about":[{"href":"https:\/\/institutosantosdumont.org.br\/es\/wp-json\/wp\/v2\/types\/post"}],"author":[{"embeddable":true,"href":"https:\/\/institutosantosdumont.org.br\/es\/wp-json\/wp\/v2\/users\/17"}],"replies":[{"embeddable":true,"href":"https:\/\/institutosantosdumont.org.br\/es\/wp-json\/wp\/v2\/comments?post=30442"}],"version-history":[{"count":0,"href":"https:\/\/institutosantosdumont.org.br\/es\/wp-json\/wp\/v2\/posts\/30442\/revisions"}],"wp:featuredmedia":[{"embeddable":true,"href":"https:\/\/institutosantosdumont.org.br\/es\/wp-json\/wp\/v2\/media\/30443"}],"wp:attachment":[{"href":"https:\/\/institutosantosdumont.org.br\/es\/wp-json\/wp\/v2\/media?parent=30442"}],"wp:term":[{"taxonomy":"category","embeddable":true,"href":"https:\/\/institutosantosdumont.org.br\/es\/wp-json\/wp\/v2\/categories?post=30442"},{"taxonomy":"post_tag","embeddable":true,"href":"https:\/\/institutosantosdumont.org.br\/es\/wp-json\/wp\/v2\/tags?post=30442"}],"curies":[{"name":"wp","href":"https:\/\/api.w.org\/{rel}","templated":true}]}}