{"id":30761,"date":"2024-10-14T10:33:35","date_gmt":"2024-10-14T13:33:35","guid":{"rendered":"https:\/\/www.institutosantosdumont.org.br\/?p=30761"},"modified":"2024-10-16T15:37:27","modified_gmt":"2024-10-16T18:37:27","slug":"semana-nacional-de-ciencia-e-tecnologia-reune-estudantes-de-ensino-fundamental-medio-e-tecnico-em-feira-de-ciencias-do-isd-em-macaiba","status":"publish","type":"post","link":"https:\/\/institutosantosdumont.org.br\/es\/semana-nacional-de-ciencia-e-tecnologia-reune-estudantes-de-ensino-fundamental-medio-e-tecnico-em-feira-de-ciencias-do-isd-em-macaiba\/","title":{"rendered":"La Semana Nacional de Ciencia y Tecnolog\u00eda re\u00fane a estudiantes de primaria, secundaria y t\u00e9cnica en la Feria de Ciencias del ISD en Maca\u00edba"},"content":{"rendered":"<div data-elementor-type=\"wp-post\" data-elementor-id=\"30761\" class=\"elementor elementor-30761\" data-elementor-post-type=\"post\">\n\t\t\t\t<div class=\"elementor-element elementor-element-5a00d219 e-flex e-con-boxed e-con e-parent\" data-id=\"5a00d219\" data-element_type=\"container\">\n\t\t\t\t\t<div class=\"e-con-inner\">\n\t\t\t\t<div class=\"elementor-element elementor-element-77fad269 elementor-widget elementor-widget-text-editor\" data-id=\"77fad269\" data-element_type=\"widget\" data-widget_type=\"text-editor.default\">\n\t\t\t\t<div class=\"elementor-widget-container\">\n\t\t\t\t\t\t\t\t\t<p id=\"docs-internal-guid-c779ff4e-7fff-7f33-6248-5561e0bc3800\" dir=\"ltr\" style=\"line-height: 1.7999999999999998; text-align: justify; margin-top: 0.0pt; margin-bottom: 0.0pt;\"><span style=\"font-size: 11pt; font-family: Arial, sans-serif; color: #000000; background-color: transparent; font-variant-numeric: normal; font-variant-east-asian: normal; font-variant-alternates: normal; font-variant-position: normal; vertical-align: baseline; white-space-collapse: preserve;\">Neurociencias, rehabilitaci\u00f3n, rob\u00f3tica, sostenibilidad e innovaci\u00f3n son algunos de los principales temas de la 21\u00aa edici\u00f3n de la Semana Nacional de Ciencia y Tecnolog\u00eda, que en el Instituto Santos Dumont (ISD), en Maca\u00edba, se desarrolla en el formato de Feria de Ciencias y Exposiciones cient\u00edficas. El evento se realiza los d\u00edas 16, 17 y 18 de octubre y re\u00fane a estudiantes de escuelas primarias, secundarias y t\u00e9cnicas de la red p\u00fablica de varios municipios de Rio Grande do Norte.&nbsp;<\/span><\/p>\n<blockquote>\n<p dir=\"ltr\">\n<\/p><\/blockquote>\n<p dir=\"ltr\" style=\"line-height: 1.656; text-align: justify; margin-top: 0pt; margin-bottom: 0pt;\"><span style=\"font-size: 11pt; font-family: Arial, sans-serif; color: #000000; background-color: transparent; font-variant-numeric: normal; font-variant-east-asian: normal; font-variant-alternates: normal; font-variant-position: normal; vertical-align: baseline; white-space-collapse: preserve;\">La Feria de Ciencias y Exposiciones Cient\u00edficas del ISD se realizan con el apoyo y recursos del Consejo Nacional de Desarrollo Cient\u00edfico y Tecnol\u00f3gico (CNPq) y del Ministerio de Ciencia, Tecnolog\u00eda e Innovaci\u00f3n. Este a\u00f1o, el evento se realizar\u00e1 por tercera vez en el Instituto en el marco de la Semana Nacional de Ciencia y Tecnolog\u00eda, que tiene como tema \u201cBiomas de Brasil: Diversidad, Conocimiento y Tecnolog\u00edas Sociales\u201d.&nbsp;<\/span><\/p>\n<p dir=\"ltr\" style=\"line-height: 1.656; text-align: justify; margin-top: 0pt; margin-bottom: 0pt;\">\n<\/p><p dir=\"ltr\" style=\"line-height: 1.656; text-align: justify; margin-top: 0pt; margin-bottom: 0pt;\"><span style=\"font-size: 11pt; font-family: Arial, sans-serif; color: #000000; background-color: transparent; font-variant-numeric: normal; font-variant-east-asian: normal; font-variant-alternates: normal; font-variant-position: normal; vertical-align: baseline; white-space-collapse: preserve;\">En la ocasi\u00f3n, los estudiantes que participan en la modalidad &#039;Feria de Ciencias&#039; presentar\u00e1n stands y carteles cient\u00edficos sobre diversos temas, como salud, clima, ciencia y tecnolog\u00eda, medio ambiente, sostenibilidad, entre otros. Las Exposiciones Cient\u00edficas acercan al p\u00fablico actividades expositivas de la ciencia, experimentos y juegos, con el objetivo de introducir a ni\u00f1os y adolescentes en el mundo de las neurociencias.<\/span><\/p>\n<p dir=\"ltr\" style=\"line-height: 1.656; text-align: justify; margin-top: 0pt; margin-bottom: 0pt;\">\n<\/p><p dir=\"ltr\" style=\"line-height: 1.656; text-align: justify; margin-top: 0pt; margin-bottom: 0pt;\"><span style=\"font-size: 11pt; font-family: Arial, sans-serif; color: #000000; background-color: transparent; font-variant-numeric: normal; font-variant-east-asian: normal; font-variant-alternates: normal; font-variant-position: normal; vertical-align: baseline; white-space-collapse: preserve;\">El evento tendr\u00e1 lugar en el Instituto Internacional de Neurociencia Edmond y Lily Safra (IIN-ELS), una unidad del ISD en Maca\u00edba. La expectativa es que participen alrededor de mil ni\u00f1os, provenientes de diferentes municipios de la regi\u00f3n metropolitana de Natal y del interior del estado.<\/span><\/p>\n<p dir=\"ltr\" style=\"line-height: 1.656; text-align: justify; margin-top: 0pt; margin-bottom: 0pt;\">\n<\/p><p dir=\"ltr\" style=\"line-height: 1.656; text-align: justify; margin-top: 0pt; margin-bottom: 0pt;\"><span style=\"font-size: 11pt; font-family: Arial, sans-serif; color: #000000; background-color: transparent; font-weight: bold; font-variant-numeric: normal; font-variant-east-asian: normal; font-variant-alternates: normal; font-variant-position: normal; vertical-align: baseline; white-space-collapse: preserve;\">Tutor\u00eda a estudiantes preparados para la Feria<\/span><\/p>\n<p>&nbsp;<\/p>\n<p dir=\"ltr\" style=\"line-height: 1.7999999999999998; text-align: justify; margin-top: 0.0pt; margin-bottom: 0.0pt;\"><span style=\"font-size: 11pt; font-family: Arial, sans-serif; color: #000000; background-color: transparent; font-variant-numeric: normal; font-variant-east-asian: normal; font-variant-alternates: normal; font-variant-position: normal; vertical-align: baseline; white-space-collapse: preserve;\">Pensando en acoger y adaptar a ni\u00f1os que no tienen experiencia previa en ferias de ciencias, el ISD impuls\u00f3 un Proyecto Tutor\u00eda centrado en actividades del SNCT para escuelas p\u00fablicas de Maca\u00edba.&nbsp;<\/span><\/p>\n<p>&nbsp;<\/p>\n<p dir=\"ltr\" style=\"line-height: 1.7999999999999998; text-align: justify; margin-top: 0.0pt; margin-bottom: 0.0pt;\"><span style=\"font-size: 11pt; font-family: Arial, sans-serif; color: #000000; background-color: transparent; font-variant-numeric: normal; font-variant-east-asian: normal; font-variant-alternates: normal; font-variant-position: normal; vertical-align: baseline; white-space-collapse: preserve;\">Durante la capacitaci\u00f3n, estudiantes de maestr\u00eda y profesores del Programa de Posgrado en Neuroingenier\u00eda del Instituto introdujeron conceptos sobre ciencia e investigaci\u00f3n y orientaron a los estudiantes sobre posibles temas de trabajo. Durante la Feria y Exposiciones, los estudiantes volver\u00e1n a presentar las ideas que surgieron o mejoraron a partir de esta pr\u00e1ctica.&nbsp;<\/span><\/p>\n<p>&nbsp;<\/p>\n<p dir=\"ltr\" style=\"line-height: 1.656; text-align: justify; margin-top: 0pt; margin-bottom: 0pt;\"><span style=\"font-size: 11pt; font-family: Arial, sans-serif; color: #000000; background-color: transparent; font-variant-numeric: normal; font-variant-east-asian: normal; font-variant-alternates: normal; font-variant-position: normal; vertical-align: baseline; white-space-collapse: preserve;\">Los trabajos llevados a la Feria de Ciencias ser\u00e1n evaluados por el comit\u00e9 cient\u00edfico del evento y, al final de cada jornada de presentaci\u00f3n, los mejores evaluados recibir\u00e1n trofeos, medallas y certificados en una ceremonia especial.&nbsp;<\/span><\/p>\n<p dir=\"ltr\">\n<\/p><p dir=\"ltr\" style=\"line-height: 1.656; text-align: justify; margin-top: 0pt; margin-bottom: 0pt;\"><span style=\"font-size: 11pt; font-family: Arial, sans-serif; color: #000000; background-color: transparent; font-variant-numeric: normal; font-variant-east-asian: normal; font-variant-alternates: normal; font-variant-position: normal; vertical-align: baseline; white-space-collapse: preserve;\">Para m\u00e1s informaci\u00f3n, visite el sitio web <\/span><a style=\"text-decoration-line: none;\" href=\"http:\/\/www.isd.org.br\/\" target=\"_blank\" rel=\"noopener noreferrer nofollow\"><span style=\"font-size: 11pt; font-family: Arial, sans-serif; color: #1155cc; background-color: transparent; font-variant-numeric: normal; font-variant-east-asian: normal; font-variant-alternates: normal; font-variant-position: normal; text-decoration-line: underline; text-decoration-skip-ink: none; vertical-align: baseline; white-space-collapse: preserve;\">www.isd.org.br<\/span><\/a><span style=\"font-size: 11pt; font-family: Arial, sans-serif; color: #000000; background-color: transparent; font-variant-numeric: normal; font-variant-east-asian: normal; font-variant-alternates: normal; font-variant-position: normal; vertical-align: baseline; white-space-collapse: preserve;\">, en los men\u00fas &#039;Comunicaci\u00f3n y Eventos&#039; o &#039;Extensi\u00f3n&#039;, y consultar la pesta\u00f1a &#039;Feria y Exposiciones Cient\u00edficas \u2013 SNCT 2024&#039;.<\/span><\/p><p dir=\"ltr\" style=\"line-height: 1.656; text-align: justify; margin-top: 0pt; margin-bottom: 0pt;\"><span style=\"font-size: 11pt; font-family: Arial, sans-serif; color: #000000; background-color: transparent; font-variant-numeric: normal; font-variant-east-asian: normal; font-variant-alternates: normal; font-variant-position: normal; vertical-align: baseline; white-space-collapse: preserve;\"><br><\/span><\/p><p dir=\"ltr\" style=\"color: rgb(255, 255, 255); font-family: arial, helvetica, sans-serif; font-size: small; line-height: 1.8; text-align: justify; margin-top: 12pt; margin-bottom: 12pt;\"><span style=\"font-size: 11pt; font-family: Arial, sans-serif; color: rgb(0, 0, 0); background-color: transparent; font-weight: 700; font-variant-numeric: normal; font-variant-east-asian: normal; font-variant-alternates: normal; vertical-align: baseline;\">ACERCA DEL Distrito Escolar Independiente<\/span><\/p><p dir=\"ltr\" style=\"line-height: 1.656; text-align: justify; margin-top: 0pt; margin-bottom: 0pt;\"><span style=\"font-size: 11pt; font-family: Arial, sans-serif; background-color: transparent; font-variant-numeric: normal; font-variant-east-asian: normal; font-variant-alternates: normal; font-variant-position: normal; vertical-align: baseline; white-space-collapse: preserve;\"><\/span><\/p><p dir=\"ltr\" style=\"color: rgb(255, 255, 255); font-family: arial, helvetica, sans-serif; font-size: small; line-height: 1.8; text-align: justify; margin-top: 12pt; margin-bottom: 12pt;\"><span style=\"font-size: 11pt; font-family: Arial, sans-serif; color: rgb(0, 0, 0); background-color: transparent; font-variant-numeric: normal; font-variant-east-asian: normal; font-variant-alternates: normal; vertical-align: baseline;\">El Instituto Santos Dumont es una Organizaci\u00f3n Social vinculada al Ministerio de Educaci\u00f3n (MEC) y engloba al Instituto Internacional de Neurociencia Edmond y Lily Safra y al Centro de Educaci\u00f3n e Investigaci\u00f3n en Salud Anita Garibaldi, ambos en Maca\u00edba. La misi\u00f3n del ISD es promover la educaci\u00f3n para la vida, formando ciudadanos a trav\u00e9s de acciones integradas de ense\u00f1anza, investigaci\u00f3n y extensi\u00f3n, adem\u00e1s de contribuir para una transformaci\u00f3n m\u00e1s justa y humana de la realidad social brasile\u00f1a.<\/span><\/p>\t\t\t\t\t\t\t\t<\/div>\n\t\t\t\t<\/div>\n\t\t\t\t\t<\/div>\n\t\t\t\t<\/div>\n\t\t\t\t<\/div>","protected":false},"excerpt":{"rendered":"<p>Neurociencia, rehabilitaci\u00f3n, rob\u00f3tica, sostenibilidad e innovaci\u00f3n son algunos de los temas clave de la 21.\u00aa Semana Nacional de Ciencia y Tecnolog\u00eda, celebrada en el Instituto Santos Dumont (ISD) de Maca\u00edba, en formato de Feria de Ciencias y Exposici\u00f3n Cient\u00edfica. El evento, que se celebra los d\u00edas 16, 17 y 18 de octubre, re\u00fane a estudiantes de [\u2026]<\/p>","protected":false},"author":17,"featured_media":30762,"comment_status":"closed","ping_status":"closed","sticky":false,"template":"","format":"standard","meta":{"_acf_changed":false,"footnotes":""},"categories":[13,11],"tags":[],"class_list":["post-30761","post","type-post","status-publish","format-standard","has-post-thumbnail","hentry","category-educacao-cientifica","category-extensao"],"acf":[],"_links":{"self":[{"href":"https:\/\/institutosantosdumont.org.br\/es\/wp-json\/wp\/v2\/posts\/30761","targetHints":{"allow":["GET"]}}],"collection":[{"href":"https:\/\/institutosantosdumont.org.br\/es\/wp-json\/wp\/v2\/posts"}],"about":[{"href":"https:\/\/institutosantosdumont.org.br\/es\/wp-json\/wp\/v2\/types\/post"}],"author":[{"embeddable":true,"href":"https:\/\/institutosantosdumont.org.br\/es\/wp-json\/wp\/v2\/users\/17"}],"replies":[{"embeddable":true,"href":"https:\/\/institutosantosdumont.org.br\/es\/wp-json\/wp\/v2\/comments?post=30761"}],"version-history":[{"count":0,"href":"https:\/\/institutosantosdumont.org.br\/es\/wp-json\/wp\/v2\/posts\/30761\/revisions"}],"wp:featuredmedia":[{"embeddable":true,"href":"https:\/\/institutosantosdumont.org.br\/es\/wp-json\/wp\/v2\/media\/30762"}],"wp:attachment":[{"href":"https:\/\/institutosantosdumont.org.br\/es\/wp-json\/wp\/v2\/media?parent=30761"}],"wp:term":[{"taxonomy":"category","embeddable":true,"href":"https:\/\/institutosantosdumont.org.br\/es\/wp-json\/wp\/v2\/categories?post=30761"},{"taxonomy":"post_tag","embeddable":true,"href":"https:\/\/institutosantosdumont.org.br\/es\/wp-json\/wp\/v2\/tags?post=30761"}],"curies":[{"name":"wp","href":"https:\/\/api.w.org\/{rel}","templated":true}]}}