{"id":34803,"date":"2026-04-07T10:49:55","date_gmt":"2026-04-07T13:49:55","guid":{"rendered":"https:\/\/institutosantosdumont.org.br\/?p=34803"},"modified":"2026-04-07T10:49:55","modified_gmt":"2026-04-07T13:49:55","slug":"isd-promove-treinamento-para-identificacao-precoce-da-doenca-de-parkinson-na-atencao-primaria-a-saude","status":"publish","type":"post","link":"https:\/\/institutosantosdumont.org.br\/es\/isd-promove-treinamento-para-identificacao-precoce-da-doenca-de-parkinson-na-atencao-primaria-a-saude\/","title":{"rendered":"ISD promueve la capacitaci\u00f3n para la identificaci\u00f3n temprana de la enfermedad de Parkinson en la atenci\u00f3n primaria de salud."},"content":{"rendered":"<p><span style=\"font-weight: 400;\">Profesionales de la atenci\u00f3n primaria de salud (APS) participaron este lunes (6) en una capacitaci\u00f3n impartida por el equipo multidisciplinario de la l\u00ednea de atenci\u00f3n de la enfermedad de Parkinson del Instituto Santos Dumont (ISD). La actividad de educaci\u00f3n para la salud tuvo como objetivo analizar herramientas para el diagn\u00f3stico precoz y el manejo adecuado de los pacientes afectados por la enfermedad.<\/span><\/p>\n<p><span style=\"font-weight: 400;\">La capacitaci\u00f3n tuvo lugar en el Instituto Internacional de Neurociencia Edmond y Lily Safra (IIN-ELS), una unidad del ISD ubicada en Maca\u00edba que se enfoca en la atenci\u00f3n e investigaci\u00f3n relacionadas con la enfermedad de Parkinson. Aproximadamente 80 profesionales de atenci\u00f3n primaria de salud de los municipios de Natal, Parnamirim, Extremoz, S\u00e3o Gon\u00e7alo do Amarante y Maca\u00edba participaron en el evento; estas ciudades conforman el 7.\u00ba Distrito Regional de Salud de Rio Grande do Norte.<\/span><\/p>\n<p><span style=\"font-weight: 400;\">El programa incluy\u00f3 conferencias impartidas por especialistas del ISD en neurolog\u00eda, neuropsicolog\u00eda, terapia ocupacional, logopedia y fisioterapia. \u00abEsta diversidad de enfoques garantiza una visi\u00f3n m\u00e1s amplia del papel del equipo multidisciplinario en el seguimiento de los pacientes con enfermedad de Parkinson\u00bb, afirm\u00f3 la neuropsic\u00f3loga Jo\u00edsa Ara\u00fajo, tutora del programa y miembro del equipo de atenci\u00f3n a pacientes con esta enfermedad en el Instituto.<\/span><\/p>\n<p><span style=\"font-weight: 400;\">El profesional destac\u00f3 que la capacitaci\u00f3n forma parte de las actividades del Mes de Concientizaci\u00f3n sobre la Enfermedad de Parkinson. La elecci\u00f3n de abril hace referencia al D\u00eda Mundial de la Enfermedad de Parkinson (11 de abril), fecha de nacimiento de James Parkinson, el m\u00e9dico brit\u00e1nico que public\u00f3 la primera descripci\u00f3n detallada del trastorno, entonces conocido como &quot;par\u00e1lisis temblorosa&quot;.<\/span><\/p>\n<p><span style=\"font-weight: 400;\">La enfermedad de Parkinson es una enfermedad cr\u00f3nica, progresiva y degenerativa que afecta funciones vitales como el movimiento y el equilibrio, provocando movilidad reducida, temblores, disminuci\u00f3n de los reflejos y trastornos del sue\u00f1o. La enfermedad compromete el sistema nervioso central, dificultando la comunicaci\u00f3n entre las c\u00e9lulas nerviosas, lo que desencadena s\u00edntomas motores y no motores.<\/span><\/p>\n<p><span style=\"font-weight: 400;\">Seg\u00fan el preceptor m\u00e9dico y neur\u00f3logo del ISD, Ag\u00e1bio Di\u00f3genes, comprender estos diferentes signos es crucial para identificar la enfermedad en sus etapas iniciales. \u00abMuchas veces, el Parkinson se asocia \u00fanicamente con temblores, pero los s\u00edntomas son variados y pueden abarcar desde rigidez muscular hasta cambios sutiles en la escritura o el sentido del olfato. Por lo tanto, los profesionales de la salud deben estar atentos al diagn\u00f3stico precoz, ya que cuanto antes lo identifiquemos, mejor podremos preservar la calidad de vida del paciente\u00bb, explic\u00f3 el m\u00e9dico.<\/span><\/p>\n<p><span style=\"font-weight: 400;\">Esta atenci\u00f3n minuciosa al punto de atenci\u00f3n es lo que permite que el flujo de tratamiento sea m\u00e1s eficaz. \u00abA partir de los intercambios realizados durante la formaci\u00f3n, pudimos fortalecer la v\u00eda de atenci\u00f3n a la enfermedad de Parkinson mediante una mayor integraci\u00f3n con la Red de Atenci\u00f3n a Personas con Discapacidad\u00bb, concluy\u00f3 Jo\u00edsa Ara\u00fajo.<\/span><\/p>\n<p><b>Acerca del distrito escolar independiente<\/b><\/p>\n<p><span style=\"font-weight: 400;\">El Instituto Santos Dumont (ISD) es una Organizaci\u00f3n Social del Poder Ejecutivo Federal, supervisada por el Ministerio de Educaci\u00f3n, con la intervenci\u00f3n del Ministerio de Deportes. Abarca el Instituto Internacional de Neurociencias Edmond y Lily Safra y el Centro de Educaci\u00f3n e Investigaci\u00f3n en Salud Anita Garibaldi, ambos ubicados en Maca\u00edba. La misi\u00f3n del ISD es promover la educaci\u00f3n para la vida, formando ciudadanos mediante actividades integradas de docencia, investigaci\u00f3n y extensi\u00f3n, adem\u00e1s de contribuir a una transformaci\u00f3n m\u00e1s justa y humana de la realidad social brasile\u00f1a.<\/span><\/p>","protected":false},"excerpt":{"rendered":"<p>Profissionais que atuam na Aten\u00e7\u00e3o Prim\u00e1ria \u00e0 Sa\u00fade (APS) participaram, nesta segunda-feira (6), de um treinamento conduzido pela equipe multidisciplinar da linha de cuidado da Doen\u00e7a de Parkinson do Instituto Santos Dumont (ISD). A atividade de educa\u00e7\u00e3o em sa\u00fade teve como objetivo discutir ferramentas para o diagn\u00f3stico precoce e o manejo adequado de pacientes acometidos [&hellip;]<\/p>","protected":false},"author":10,"featured_media":34804,"comment_status":"closed","ping_status":"closed","sticky":false,"template":"","format":"standard","meta":{"_acf_changed":false,"footnotes":""},"categories":[407,1,259],"tags":[],"class_list":["post-34803","post","type-post","status-publish","format-standard","has-post-thumbnail","hentry","category-ceps-pt","category-destaque_noticia","category-educacao-saude"],"acf":[],"_links":{"self":[{"href":"https:\/\/institutosantosdumont.org.br\/es\/wp-json\/wp\/v2\/posts\/34803","targetHints":{"allow":["GET"]}}],"collection":[{"href":"https:\/\/institutosantosdumont.org.br\/es\/wp-json\/wp\/v2\/posts"}],"about":[{"href":"https:\/\/institutosantosdumont.org.br\/es\/wp-json\/wp\/v2\/types\/post"}],"author":[{"embeddable":true,"href":"https:\/\/institutosantosdumont.org.br\/es\/wp-json\/wp\/v2\/users\/10"}],"replies":[{"embeddable":true,"href":"https:\/\/institutosantosdumont.org.br\/es\/wp-json\/wp\/v2\/comments?post=34803"}],"version-history":[{"count":1,"href":"https:\/\/institutosantosdumont.org.br\/es\/wp-json\/wp\/v2\/posts\/34803\/revisions"}],"predecessor-version":[{"id":34805,"href":"https:\/\/institutosantosdumont.org.br\/es\/wp-json\/wp\/v2\/posts\/34803\/revisions\/34805"}],"wp:featuredmedia":[{"embeddable":true,"href":"https:\/\/institutosantosdumont.org.br\/es\/wp-json\/wp\/v2\/media\/34804"}],"wp:attachment":[{"href":"https:\/\/institutosantosdumont.org.br\/es\/wp-json\/wp\/v2\/media?parent=34803"}],"wp:term":[{"taxonomy":"category","embeddable":true,"href":"https:\/\/institutosantosdumont.org.br\/es\/wp-json\/wp\/v2\/categories?post=34803"},{"taxonomy":"post_tag","embeddable":true,"href":"https:\/\/institutosantosdumont.org.br\/es\/wp-json\/wp\/v2\/tags?post=34803"}],"curies":[{"name":"wp","href":"https:\/\/api.w.org\/{rel}","templated":true}]}}