{"id":34817,"date":"2026-04-08T16:30:36","date_gmt":"2026-04-08T19:30:36","guid":{"rendered":"https:\/\/institutosantosdumont.org.br\/?p=34817"},"modified":"2026-04-08T16:30:36","modified_gmt":"2026-04-08T19:30:36","slug":"inscricoes-abertas-para-o-i-simposio-da-rede-de-cuidados-a-pessoa-com-deficiencia-do-nordeste-e-iii-jornada-do-rn","status":"publish","type":"post","link":"https:\/\/institutosantosdumont.org.br\/es\/inscricoes-abertas-para-o-i-simposio-da-rede-de-cuidados-a-pessoa-com-deficiencia-do-nordeste-e-iii-jornada-do-rn\/","title":{"rendered":"Ya est\u00e1 abierto el plazo de inscripci\u00f3n para el 1er Simposio de la Red del Noreste para la Atenci\u00f3n de Personas con Discapacidades y la 3\u00aa Conferencia de Enfermer\u00eda Registrada."},"content":{"rendered":"<p><span style=\"font-weight: 400;\">A partir de este mi\u00e9rcoles (8), se abre el plazo de inscripci\u00f3n para el 1er Simposio de la Red de Atenci\u00f3n a Personas con Discapacidad del Noreste y la 3\u00aa Conferencia de la Red de Atenci\u00f3n a Personas con Discapacidad de Rio Grande do Norte. El evento, que reunir\u00e1 a especialistas, investigadores, profesionales de la salud, gestores, estudiantes y personas con discapacidad, tiene como objetivo fortalecer las estrategias de atenci\u00f3n y las pol\u00edticas p\u00fablicas orientadas a la inclusi\u00f3n y la rehabilitaci\u00f3n en la regi\u00f3n.<\/span><\/p>\n<p><span style=\"font-weight: 400;\">El Simposio y la Conferencia se llevar\u00e1n a cabo de forma presencial e integrada entre el 8 y el 10 de junio. La ceremonia de apertura tendr\u00e1 lugar el d\u00eda 8 en el Hotel y Centro de Convenciones Praiamar de Natal. El resto del programa continuar\u00e1 los d\u00edas 9 y 10 en el Instituto Internacional de Neurociencia Edmond y Lily Safra (IIN-ELS) de Maca\u00edba.<\/span><\/p>\n<p><span style=\"font-weight: 400;\">El programa incluir\u00e1 mesas redondas, conferencias tem\u00e1ticas y presentaciones de trabajos cient\u00edficos que abordan los desaf\u00edos contempor\u00e1neos y las innovaciones en la atenci\u00f3n a las personas con discapacidad.<\/span><\/p>\n<p><span style=\"font-weight: 400;\">La celebraci\u00f3n del 1er Simposio del Noreste marca un paso importante en la consolidaci\u00f3n de una red de colaboraci\u00f3n entre los estados de la regi\u00f3n. \u201cEl Simposio se concibi\u00f3 con el objetivo de crear un espacio para el intercambio de experiencias, la construcci\u00f3n colectiva de soluciones a los retos de la Red y el fortalecimiento de los v\u00ednculos entre los diferentes territorios. La Red de Atenci\u00f3n a Personas con Discapacidad ha avanzado, pero a\u00fan enfrenta retos comunes, como el acceso y la continuidad de la atenci\u00f3n, la cualificaci\u00f3n de la misma y la incorporaci\u00f3n de tecnolog\u00edas al SUS (Sistema \u00danico de Salud)\u201d, destaca Lorenna Santiago, coordinadora del Simposio.<\/span><\/p>\n<p><span style=\"font-weight: 400;\">La III Conferencia de Rio Grande do Norte, por su parte, da continuidad a la labor de coordinaci\u00f3n local, evaluando el progreso de la red estatal y debatiendo mejoras en el acceso a los servicios de salud y asistencia social.<\/span><\/p>\n<p><b>P\u00fablico y registro<\/b><\/p>\n<p><span style=\"font-weight: 400;\">El evento est\u00e1 dirigido a profesionales de la salud, estudiantes de pregrado y posgrado, administradores p\u00fablicos, personas con discapacidad y sus familias, y representantes de la sociedad civil organizada.<\/span><\/p>\n<p><span style=\"font-weight: 400;\">Las inscripciones solo se pueden realizar a trav\u00e9s de <\/span><a href=\"https:\/\/www.even3.com.br\/simposiorcpdnordeste-711595\/\" target=\"_blank\" rel=\"noopener noreferrer nofollow\"><b>sitio web del evento<\/b><\/a><span style=\"font-weight: 400;\">Las tarifas de inscripci\u00f3n var\u00edan seg\u00fan la categor\u00eda elegida.<\/span><\/p>\n<p><span style=\"font-weight: 400;\">El Simposio sobre la Red de Atenci\u00f3n a Personas con Discapacidad es promovido por el Instituto Santos Dumont (ISD), en colaboraci\u00f3n con el Ministerio de Salud y la Secretar\u00eda de Salud P\u00fablica del Estado de Rio Grande do Norte, con financiaci\u00f3n del Consejo Nacional de Desarrollo Cient\u00edfico y Tecnol\u00f3gico (CNPq).<\/span><\/p>\n<p><b>Acerca del distrito escolar independiente<\/b><\/p>\n<p><span style=\"font-weight: 400;\">El Instituto Santos Dumont (ISD) es una Organizaci\u00f3n Social del Poder Ejecutivo Federal, supervisada por el Ministerio de Educaci\u00f3n, con la intervenci\u00f3n del Ministerio de Deportes. Abarca el Instituto Internacional de Neurociencias Edmond y Lily Safra y el Centro de Educaci\u00f3n e Investigaci\u00f3n en Salud Anita Garibaldi, ambos ubicados en Maca\u00edba. La misi\u00f3n del ISD es promover la educaci\u00f3n para la vida, formando ciudadanos mediante actividades integradas de docencia, investigaci\u00f3n y extensi\u00f3n, adem\u00e1s de contribuir a una transformaci\u00f3n m\u00e1s justa y humana de la realidad social brasile\u00f1a.<\/span><\/p>","protected":false},"excerpt":{"rendered":"<p>A partir de este mi\u00e9rcoles (8), se abre el plazo de inscripci\u00f3n para el 1er Simposio de la Red de Atenci\u00f3n a Personas con Discapacidad del Noreste y la 3\u00aa Conferencia de la Red de Atenci\u00f3n a Personas con Discapacidad de Rio Grande do Norte. El evento, que reunir\u00e1 a especialistas, investigadores, profesionales de la salud, gestores, estudiantes y personas con discapacidad,<\/p>","protected":false},"author":10,"featured_media":32464,"comment_status":"closed","ping_status":"closed","sticky":false,"template":"","format":"standard","meta":{"_acf_changed":false,"footnotes":""},"categories":[1,259],"tags":[],"class_list":["post-34817","post","type-post","status-publish","format-standard","has-post-thumbnail","hentry","category-destaque_noticia","category-educacao-saude"],"acf":[],"_links":{"self":[{"href":"https:\/\/institutosantosdumont.org.br\/es\/wp-json\/wp\/v2\/posts\/34817","targetHints":{"allow":["GET"]}}],"collection":[{"href":"https:\/\/institutosantosdumont.org.br\/es\/wp-json\/wp\/v2\/posts"}],"about":[{"href":"https:\/\/institutosantosdumont.org.br\/es\/wp-json\/wp\/v2\/types\/post"}],"author":[{"embeddable":true,"href":"https:\/\/institutosantosdumont.org.br\/es\/wp-json\/wp\/v2\/users\/10"}],"replies":[{"embeddable":true,"href":"https:\/\/institutosantosdumont.org.br\/es\/wp-json\/wp\/v2\/comments?post=34817"}],"version-history":[{"count":1,"href":"https:\/\/institutosantosdumont.org.br\/es\/wp-json\/wp\/v2\/posts\/34817\/revisions"}],"predecessor-version":[{"id":34818,"href":"https:\/\/institutosantosdumont.org.br\/es\/wp-json\/wp\/v2\/posts\/34817\/revisions\/34818"}],"wp:featuredmedia":[{"embeddable":true,"href":"https:\/\/institutosantosdumont.org.br\/es\/wp-json\/wp\/v2\/media\/32464"}],"wp:attachment":[{"href":"https:\/\/institutosantosdumont.org.br\/es\/wp-json\/wp\/v2\/media?parent=34817"}],"wp:term":[{"taxonomy":"category","embeddable":true,"href":"https:\/\/institutosantosdumont.org.br\/es\/wp-json\/wp\/v2\/categories?post=34817"},{"taxonomy":"post_tag","embeddable":true,"href":"https:\/\/institutosantosdumont.org.br\/es\/wp-json\/wp\/v2\/tags?post=34817"}],"curies":[{"name":"wp","href":"https:\/\/api.w.org\/{rel}","templated":true}]}}