{"id":34841,"date":"2026-04-10T09:36:57","date_gmt":"2026-04-10T12:36:57","guid":{"rendered":"https:\/\/institutosantosdumont.org.br\/?p=34841"},"modified":"2026-04-10T09:36:57","modified_gmt":"2026-04-10T12:36:57","slug":"pesquisa-do-isd-recruta-voluntarios-para-estudo-com-exoesqueleto-voltado-a-sindrome-do-pe-caido","status":"publish","type":"post","link":"https:\/\/institutosantosdumont.org.br\/es\/pesquisa-do-isd-recruta-voluntarios-para-estudo-com-exoesqueleto-voltado-a-sindrome-do-pe-caido\/","title":{"rendered":"El centro de investigaci\u00f3n ISD recluta voluntarios para un estudio sobre exoesqueletos centrado en el s\u00edndrome de pie ca\u00eddo."},"content":{"rendered":"<p><span style=\"font-weight: 400;\">El Programa de Posgrado en Neuroingenier\u00eda (PPGN) del Instituto Santos Dumont (ISD) est\u00e1 recibiendo solicitudes de voluntarios que deseen participar en un estudio de investigaci\u00f3n sobre el uso de exoesqueletos para las extremidades inferiores. El estudio est\u00e1 dirigido espec\u00edficamente a personas con s\u00edndrome de pie ca\u00eddo y busca comprender c\u00f3mo esta tecnolog\u00eda puede mejorar los patrones de marcha y la autonom\u00eda del paciente.<\/span><\/p>\n<p><span style=\"font-weight: 400;\">Pueden participar en la investigaci\u00f3n las personas de entre 18 y 65 a\u00f1os diagnosticadas con s\u00edndrome de pie ca\u00eddo o que presenten s\u00edntomas de esta afecci\u00f3n, caracterizada por la dificultad o incapacidad para levantar la parte delantera del pie. Adem\u00e1s de cumplir con los criterios cl\u00ednicos, los participantes deben estar disponibles para asistir presencialmente a las fases del estudio en las instalaciones del Instituto Internacional de Neurociencia Edmond y Lily Safra (IIN-ELS) en Maca\u00edba, Rio Grande do Norte, Brasil.<\/span><\/p>\n<p><span style=\"font-weight: 400;\">Los participantes se someter\u00e1n a evaluaciones detalladas de movimiento mediante sistemas de imagen validados y escalas de alta precisi\u00f3n. La particularidad de esta investigaci\u00f3n reside en las sesiones de marcha realizadas con la ayuda de un exoesqueleto dise\u00f1ado para brindar soporte a las extremidades inferiores.<\/span><\/p>\n<p><span style=\"font-weight: 400;\">El objetivo principal es comparar los patrones de marcha antes y despu\u00e9s de la intervenci\u00f3n tecnol\u00f3gica, verificando las mejoras en la calidad de la marcha y generando datos esenciales para optimizar el equipo. La investigaci\u00f3n est\u00e1 a cargo de la estudiante de maestr\u00eda Ana Luiza Matos, bajo la direcci\u00f3n del profesor e investigador Fabr\u00edcio Brasil.<\/span><\/p>\n<p><b>C\u00f3mo aplicar<\/b><\/p>\n<p><span style=\"font-weight: 400;\">Para solicitar participar en el proceso de selecci\u00f3n de voluntarios, los interesados deben completar el formulario. <\/span><a href=\"https:\/\/docs.google.com\/forms\/d\/e\/1FAIpQLSe4MTeczkfG7RbKiJuNbargu_KKtAXv3djb0qD_7RMJHJdgjw\/viewform\" target=\"_blank\" rel=\"noopener noreferrer nofollow\"><b>formulario en l\u00ednea<\/b><\/a><span style=\"font-weight: 400;\">, disponible en la siguiente direcci\u00f3n: <\/span><a href=\"http:\/\/bit.ly\/4ceA7Xo\" target=\"_blank\" rel=\"noopener noreferrer nofollow\"><b>bit.ly\/4ceA7Xo<\/b><\/a><span style=\"font-weight: 400;\">.\u00a0<\/span><\/p>\n<p><span style=\"font-weight: 400;\">La participaci\u00f3n es totalmente voluntaria y con fines puramente cient\u00edficos, y no est\u00e1 vinculada a los servicios de atenci\u00f3n m\u00e9dica habituales que presta el ISD.<\/span><\/p>\n<p><b>S\u00edndrome de pie ca\u00eddo<\/b><\/p>\n<p><span style=\"font-weight: 400;\">El s\u00edndrome de pie ca\u00eddo es la incapacidad o debilidad para levantar la parte delantera del pie (dorsiflexi\u00f3n). Se caracteriza por arrastrar los dedos al caminar, lo que requiere movimientos compensatorios como elevar excesivamente la rodilla (marcha en estepaje) o la cadera (marcha en tijera). Generalmente es consecuencia de una lesi\u00f3n del nervio peroneo, una hernia discal, un accidente cerebrovascular o neuropat\u00edas.<\/span><\/p>\n<p><b>Acerca del distrito escolar independiente<\/b><\/p>\n<p><span style=\"font-weight: 400;\">El Instituto Santos Dumont (ISD) es una Organizaci\u00f3n Social del Poder Ejecutivo Federal, supervisada por el Ministerio de Educaci\u00f3n, con la intervenci\u00f3n del Ministerio de Deportes. Abarca el Instituto Internacional de Neurociencias Edmond y Lily Safra y el Centro de Educaci\u00f3n e Investigaci\u00f3n en Salud Anita Garibaldi, ambos ubicados en Maca\u00edba. La misi\u00f3n del ISD es promover la educaci\u00f3n para la vida, formando ciudadanos mediante actividades integradas de docencia, investigaci\u00f3n y extensi\u00f3n, adem\u00e1s de contribuir a una transformaci\u00f3n m\u00e1s justa y humana de la realidad social brasile\u00f1a.<\/span><\/p>","protected":false},"excerpt":{"rendered":"<p>O Programa de P\u00f3s-Gradua\u00e7\u00e3o em Neuroengenharia (PPGN) do Instituto Santos Dumont (ISD) est\u00e1 com inscri\u00e7\u00f5es abertas para volunt\u00e1rios que desejam participar de uma pesquisa sobre o uso de exoesqueleto de membro inferior. O estudo \u00e9 voltado especificamente para pessoas que convivem com a S\u00edndrome do P\u00e9 Ca\u00eddo e busca entender como essa tecnologia pode melhorar [&hellip;]<\/p>","protected":false},"author":10,"featured_media":34842,"comment_status":"closed","ping_status":"closed","sticky":false,"template":"","format":"standard","meta":{"_acf_changed":false,"footnotes":""},"categories":[1,15,10,271],"tags":[],"class_list":["post-34841","post","type-post","status-publish","format-standard","has-post-thumbnail","hentry","category-destaque_noticia","category-iin-els","category-pesquisa","category-reabilitacao"],"acf":[],"_links":{"self":[{"href":"https:\/\/institutosantosdumont.org.br\/es\/wp-json\/wp\/v2\/posts\/34841","targetHints":{"allow":["GET"]}}],"collection":[{"href":"https:\/\/institutosantosdumont.org.br\/es\/wp-json\/wp\/v2\/posts"}],"about":[{"href":"https:\/\/institutosantosdumont.org.br\/es\/wp-json\/wp\/v2\/types\/post"}],"author":[{"embeddable":true,"href":"https:\/\/institutosantosdumont.org.br\/es\/wp-json\/wp\/v2\/users\/10"}],"replies":[{"embeddable":true,"href":"https:\/\/institutosantosdumont.org.br\/es\/wp-json\/wp\/v2\/comments?post=34841"}],"version-history":[{"count":1,"href":"https:\/\/institutosantosdumont.org.br\/es\/wp-json\/wp\/v2\/posts\/34841\/revisions"}],"predecessor-version":[{"id":34843,"href":"https:\/\/institutosantosdumont.org.br\/es\/wp-json\/wp\/v2\/posts\/34841\/revisions\/34843"}],"wp:featuredmedia":[{"embeddable":true,"href":"https:\/\/institutosantosdumont.org.br\/es\/wp-json\/wp\/v2\/media\/34842"}],"wp:attachment":[{"href":"https:\/\/institutosantosdumont.org.br\/es\/wp-json\/wp\/v2\/media?parent=34841"}],"wp:term":[{"taxonomy":"category","embeddable":true,"href":"https:\/\/institutosantosdumont.org.br\/es\/wp-json\/wp\/v2\/categories?post=34841"},{"taxonomy":"post_tag","embeddable":true,"href":"https:\/\/institutosantosdumont.org.br\/es\/wp-json\/wp\/v2\/tags?post=34841"}],"curies":[{"name":"wp","href":"https:\/\/api.w.org\/{rel}","templated":true}]}}