{"id":34882,"date":"2026-04-28T10:20:06","date_gmt":"2026-04-28T13:20:06","guid":{"rendered":"https:\/\/institutosantosdumont.org.br\/?p=34882"},"modified":"2026-04-28T10:20:06","modified_gmt":"2026-04-28T13:20:06","slug":"isd-promove-acao-de-educacao-permanente-com-equipes-de-atencao-primaria-em-saude-de-macaiba","status":"publish","type":"post","link":"https:\/\/institutosantosdumont.org.br\/es\/isd-promove-acao-de-educacao-permanente-com-equipes-de-atencao-primaria-em-saude-de-macaiba\/","title":{"rendered":"El ISD promueve un programa de educaci\u00f3n continua con los equipos de Atenci\u00f3n Primaria de Salud en Maca\u00edba."},"content":{"rendered":"<p><span style=\"font-weight: 400;\">O Instituto Santos Dumont (ISD) promoveu, na \u00faltima quinta-feira (23), a aula inaugural da forma\u00e7\u00e3o de educa\u00e7\u00e3o permanente com profissionais da Aten\u00e7\u00e3o Prim\u00e1ria em Sa\u00fade de Maca\u00edba. O encontro recebeu 46 profissionais, incluindo m\u00e9dicos, enfermeiros e a Equipe Multiprofissional (eMulti) das Estrat\u00e9gias de Sa\u00fade da Fam\u00edlia do munic\u00edpio.\u00a0<\/span><\/p>\n<p><span style=\"font-weight: 400;\">A atividade, que ser\u00e1 realizada durante todo o ano, tem como objetivo identificar e reformular os microprocessos de trabalho das equipes da aten\u00e7\u00e3o prim\u00e1ria, buscando o alcance de melhores indicadores e a melhoria na qualidade do atendimento \u00e0 sa\u00fade da popula\u00e7\u00e3o.\u00a0<\/span><\/p>\n<p><span style=\"font-weight: 400;\">Profissionais do ISD conduzir\u00e3o os encontros formativos, que trabalhar\u00e3o, em 2026, as tem\u00e1ticas Cuidado da Gestante e do Puerp\u00e9rio, Cuidado do Desenvolvimento Infantil e Cuidado da Pessoa com Defici\u00eancia, por meio do Cuidado preventivo da Diabetes e Hipertens\u00e3o. Pela primeira vez em 2026, a iniciativa inclui profissionais da eMulti, trazendo a perspectiva de diferentes profissionais de sa\u00fade para as discuss\u00f5es.<\/span><\/p>\n<p><span style=\"font-weight: 400;\">Segundo a preceptora multiprofissional neuropsic\u00f3loga e coordenadora de ensino em sa\u00fade do ISD, Samantha Maranh\u00e3o, a atividade de educa\u00e7\u00e3o permanente \u00e9 uma estrat\u00e9gia que fortalece o cuidado integral de gestantes, crian\u00e7as e pessoas com defici\u00eancia em todo o territ\u00f3rio sanit\u00e1rio de Maca\u00edba. \u201cEntendemos que o apoio matricial, a reorganiza\u00e7\u00e3o de processos de trabalho e o aux\u00edlio no monitoramento de indicadores da APS podem transformar a realidade da sa\u00fade local\u201d, afirma.<\/span><\/p>\n<p><span style=\"font-weight: 400;\">Um dos participantes da aula inaugural foi o m\u00e9dico da Aten\u00e7\u00e3o Prim\u00e1ria em Sa\u00fade, Rog\u00e9rio Veloso. Para o profissional, a forma\u00e7\u00e3o \u00e9 interessante para a amplia\u00e7\u00e3o de perspectivas dos profissionais de sa\u00fade e a possibilidade de um maior entendimento dos desafios globais atrelados ao cuidado em sa\u00fade.<\/span><\/p>\n<p><span style=\"font-weight: 400;\">\u201cA forma como estamos estruturados hoje ainda necessita de melhorias. Por isso \u00e9 importante ter refer\u00eancia do nosso trabalho e termos reuni\u00f5es, de prefer\u00eancia cient\u00edficas, para que o micro tenha uma ideia de como funciona o macro\u201d, diz Rog\u00e9rio.\u00a0<\/span><\/p>\n<p><b>Acerca del distrito escolar independiente<\/b><\/p>\n<p><span style=\"font-weight: 400;\">El Instituto Santos Dumont (ISD) es una Organizaci\u00f3n Social del Poder Ejecutivo Federal, supervisada por el Ministerio de Educaci\u00f3n, con la intervenci\u00f3n del Ministerio de Deportes. Abarca el Instituto Internacional de Neurociencias Edmond y Lily Safra y el Centro de Educaci\u00f3n e Investigaci\u00f3n en Salud Anita Garibaldi, ambos ubicados en Maca\u00edba. La misi\u00f3n del ISD es promover la educaci\u00f3n para la vida, formando ciudadanos mediante actividades integradas de docencia, investigaci\u00f3n y extensi\u00f3n, adem\u00e1s de contribuir a una transformaci\u00f3n m\u00e1s justa y humana de la realidad social brasile\u00f1a.<\/span><\/p>","protected":false},"excerpt":{"rendered":"<p>O Instituto Santos Dumont (ISD) promoveu, na \u00faltima quinta-feira (23), a aula inaugural da forma\u00e7\u00e3o de educa\u00e7\u00e3o permanente com profissionais da Aten\u00e7\u00e3o Prim\u00e1ria em Sa\u00fade de Maca\u00edba. O encontro recebeu 46 profissionais, incluindo m\u00e9dicos, enfermeiros e a Equipe Multiprofissional (eMulti) das Estrat\u00e9gias de Sa\u00fade da Fam\u00edlia do munic\u00edpio.\u00a0 A atividade, que ser\u00e1 realizada durante todo [&hellip;]<\/p>","protected":false},"author":10,"featured_media":34884,"comment_status":"closed","ping_status":"closed","sticky":false,"template":"","format":"standard","meta":{"_acf_changed":false,"footnotes":""},"categories":[1,259,16],"tags":[],"class_list":["post-34882","post","type-post","status-publish","format-standard","has-post-thumbnail","hentry","category-destaque_noticia","category-educacao-saude","category-institucional"],"acf":[],"_links":{"self":[{"href":"https:\/\/institutosantosdumont.org.br\/es\/wp-json\/wp\/v2\/posts\/34882","targetHints":{"allow":["GET"]}}],"collection":[{"href":"https:\/\/institutosantosdumont.org.br\/es\/wp-json\/wp\/v2\/posts"}],"about":[{"href":"https:\/\/institutosantosdumont.org.br\/es\/wp-json\/wp\/v2\/types\/post"}],"author":[{"embeddable":true,"href":"https:\/\/institutosantosdumont.org.br\/es\/wp-json\/wp\/v2\/users\/10"}],"replies":[{"embeddable":true,"href":"https:\/\/institutosantosdumont.org.br\/es\/wp-json\/wp\/v2\/comments?post=34882"}],"version-history":[{"count":2,"href":"https:\/\/institutosantosdumont.org.br\/es\/wp-json\/wp\/v2\/posts\/34882\/revisions"}],"predecessor-version":[{"id":34886,"href":"https:\/\/institutosantosdumont.org.br\/es\/wp-json\/wp\/v2\/posts\/34882\/revisions\/34886"}],"wp:featuredmedia":[{"embeddable":true,"href":"https:\/\/institutosantosdumont.org.br\/es\/wp-json\/wp\/v2\/media\/34884"}],"wp:attachment":[{"href":"https:\/\/institutosantosdumont.org.br\/es\/wp-json\/wp\/v2\/media?parent=34882"}],"wp:term":[{"taxonomy":"category","embeddable":true,"href":"https:\/\/institutosantosdumont.org.br\/es\/wp-json\/wp\/v2\/categories?post=34882"},{"taxonomy":"post_tag","embeddable":true,"href":"https:\/\/institutosantosdumont.org.br\/es\/wp-json\/wp\/v2\/tags?post=34882"}],"curies":[{"name":"wp","href":"https:\/\/api.w.org\/{rel}","templated":true}]}}