{"id":34893,"date":"2026-04-29T18:50:31","date_gmt":"2026-04-29T21:50:31","guid":{"rendered":"https:\/\/institutosantosdumont.org.br\/?p=34893"},"modified":"2026-04-29T18:50:31","modified_gmt":"2026-04-29T21:50:31","slug":"em-brasilia-diretor-geral-do-isd-defende-protagonismo-das-organizacoes-sociais-federais-em-debate-sobre-novo-marco-legal-na-camara-dos-deputados","status":"publish","type":"post","link":"https:\/\/institutosantosdumont.org.br\/es\/em-brasilia-diretor-geral-do-isd-defende-protagonismo-das-organizacoes-sociais-federais-em-debate-sobre-novo-marco-legal-na-camara-dos-deputados\/","title":{"rendered":"En Brasilia, el Director General del ISD defiende el papel protagonista de las Organizaciones Sociales Federales en el debate sobre el nuevo marco jur\u00eddico en la C\u00e1mara de Diputados."},"content":{"rendered":"<p><span style=\"font-weight: 400;\">El director general del Instituto Santos Dumont (ISD), Reginaldo Freitas J\u00fanior, particip\u00f3 este martes (28) en una audiencia p\u00fablica promovida por la Comisi\u00f3n de Administraci\u00f3n y Servicio P\u00fablico (CASP), en la C\u00e1mara de Diputados. La reuni\u00f3n se centr\u00f3 en los impactos del Proyecto de Ley 10.720\/2018, que propone una profunda revisi\u00f3n del modelo de Organizaciones Sociales (OS).<\/span><\/p>\n<p><span style=\"font-weight: 400;\">El proyecto de ley en cuesti\u00f3n propone modificaciones a la Ley Federal 9.637\/1998, el marco legal que rige las Organizaciones Sociales (OS) en Brasil. Durante su intervenci\u00f3n, el Director General del ISD reconoci\u00f3 que el texto original, publicado hace casi 30 a\u00f1os, necesita actualizarse. Sin embargo, advirti\u00f3 que el informe CASP actual podr\u00eda comprometer la sostenibilidad del modelo. Seg\u00fan el director, las entidades que trabajan en la implementaci\u00f3n de pol\u00edticas p\u00fablicas deben tener una participaci\u00f3n activa en la elaboraci\u00f3n de esta nueva legislaci\u00f3n.<\/span><\/p>\n<p><span style=\"font-weight: 400;\">\u201cNo entiendo por qu\u00e9, en este momento del desarrollo del pa\u00eds, es necesaria una decisi\u00f3n excluyente sobre si aplicar el modelo a una u otra \u00e1rea. Existen 10 Organizaciones Sociales de Ciencia, Tecnolog\u00eda e Innovaci\u00f3n con excelentes resultados que demuestran que el modelo funciona. Contamos con el liderazgo y la legitimidad para abordar este debate y alcanzar un entendimiento que garantice un resultado satisfactorio para todas las partes\u201d, afirm\u00f3 Reginaldo.<\/span><\/p>\n<p><b>Resultados e impacto social<\/b><\/p>\n<p><span style=\"font-weight: 400;\">En representaci\u00f3n del Foro de Organizaciones Sociales Federales, Reginaldo destac\u00f3 la importancia de la agilidad del modelo OSF para impulsar la ciencia y la tecnolog\u00eda. Para ilustrar c\u00f3mo el Instituto alinea su labor con las pol\u00edticas estrat\u00e9gicas del Gobierno Federal, especialmente en \u00e1reas como la neurociencia, la neuroingenier\u00eda, la salud materno-infantil y la salud de las personas con discapacidad, puso como ejemplo el propio ISD.<\/span><\/p>\n<p><span style=\"font-weight: 400;\">La audiencia fue iniciativa de la diputada federal Alice Portugal (PCdoB\/BA), quien defendi\u00f3 la necesidad de que el informe se volviera a debatir y pasara por otras comisiones antes de someterse a votaci\u00f3n. \u00abNuestra tarea ser\u00e1 transmitir al ponente la diversidad de experiencias de las Organizaciones Sociales Federales, para que el proyecto de ley no rompa la continuidad de esta hist\u00f3rica racha de victorias, manteniendo la eficacia de las alianzas p\u00fablico-privadas en \u00e1reas estrat\u00e9gicas\u00bb, se\u00f1al\u00f3 la diputada.<\/span><\/p>\n<p><span style=\"font-weight: 400;\">El diputado federal In\u00e1cio Arruda (PCdoB\/CE) recalc\u00f3 que las Organizaciones Sociales de Ciencia y Tecnolog\u00eda (OSF) son pilares fundamentales del Poder Ejecutivo. Arruda se desempe\u00f1\u00f3 como Secretario de Ciencia y Tecnolog\u00eda para el Desarrollo Social en el Ministerio de Ciencia, Tecnolog\u00eda e Innovaci\u00f3n (MCTI) entre 2023 y 2026, lo que le permiti\u00f3 conocer de primera mano la realidad de las Organizaciones Sociales de Ciencia y Tecnolog\u00eda. \u00abNo se resuelve un problema creando otro, perjudicando a instituciones que funcionan correctamente y tienen \u00e9xito en el pa\u00eds. Estos cambios propuestos generan impactos significativos que no pueden aceptarse sin un debate amplio\u00bb, advirti\u00f3.<\/span><\/p>\n<p><b>Comprensi\u00f3n del Proyecto de Ley N.\u00b0 10.720\/2018<\/b><\/p>\n<p><b>\u00bfQu\u00e9 propones?<\/b><\/p>\n<p><span style=\"font-weight: 400;\">El proyecto revisa el marco legal para las Organizaciones Sociales (Ley 9.637\/1998). El objetivo es actualizar las normas de gesti\u00f3n y transparencia, pero el texto actual es cuestionado por crear barreras burocr\u00e1ticas que pueden limitar el funcionamiento de estas entidades.<\/span><\/p>\n<p><b>\u00bfPor qu\u00e9 esto es motivo de preocupaci\u00f3n?<\/b><\/p>\n<p><span style=\"font-weight: 400;\">Las Organizaciones Sociales Federales para la Ciencia, la Tecnolog\u00eda y la Innovaci\u00f3n (CT&amp;I) temen que los cambios afecten la flexibilidad y la agilidad administrativas, pilares que permiten a Brasil promover acciones en \u00e1reas estrat\u00e9gicas para la soberan\u00eda y el desarrollo nacional.<\/span><\/p>\n<p><b>\u00bfCu\u00e1l es la posici\u00f3n de las entidades?<\/b><\/p>\n<p><span style=\"font-weight: 400;\">Las instituciones abogan por una mejora de la Ley que se base en el di\u00e1logo y la evidencia t\u00e9cnica, preservando la autonom\u00eda de gesti\u00f3n y reconociendo las especificidades de cada \u00e1rea de actividad (Salud, Educaci\u00f3n, Ciencia y Cultura).<\/span><\/p>\n<p><b>Acerca del distrito escolar independiente<\/b><\/p>\n<p><span style=\"font-weight: 400;\">El Instituto Santos Dumont (ISD) es una Organizaci\u00f3n Social del Poder Ejecutivo Federal, supervisada por el Ministerio de Educaci\u00f3n, con la intervenci\u00f3n del Ministerio de Deportes. Abarca el Instituto Internacional de Neurociencias Edmond y Lily Safra y el Centro de Educaci\u00f3n e Investigaci\u00f3n en Salud Anita Garibaldi, ambos ubicados en Maca\u00edba. La misi\u00f3n del ISD es promover la educaci\u00f3n para la vida, formando ciudadanos mediante actividades integradas de docencia, investigaci\u00f3n y extensi\u00f3n, adem\u00e1s de contribuir a una transformaci\u00f3n m\u00e1s justa y humana de la realidad social brasile\u00f1a.<\/span><\/p>","protected":false},"excerpt":{"rendered":"<p>El director general del Instituto Santos Dumont (ISD), Reginaldo Freitas J\u00fanior, particip\u00f3 este martes (28) en una audiencia p\u00fablica promovida por la Comisi\u00f3n de Administraci\u00f3n y Servicio P\u00fablico (CASP), en la C\u00e1mara de Diputados. La reuni\u00f3n se centr\u00f3 en los impactos del Proyecto de Ley 10.720\/2018, que propone una profunda revisi\u00f3n del modelo de Organizaciones Sociales [\u2026]<\/p>","protected":false},"author":10,"featured_media":34894,"comment_status":"closed","ping_status":"closed","sticky":false,"template":"","format":"standard","meta":{"_acf_changed":false,"footnotes":""},"categories":[405,16],"tags":[],"class_list":["post-34893","post","type-post","status-publish","format-standard","has-post-thumbnail","hentry","category-destaque-en","category-institucional"],"acf":[],"_links":{"self":[{"href":"https:\/\/institutosantosdumont.org.br\/es\/wp-json\/wp\/v2\/posts\/34893","targetHints":{"allow":["GET"]}}],"collection":[{"href":"https:\/\/institutosantosdumont.org.br\/es\/wp-json\/wp\/v2\/posts"}],"about":[{"href":"https:\/\/institutosantosdumont.org.br\/es\/wp-json\/wp\/v2\/types\/post"}],"author":[{"embeddable":true,"href":"https:\/\/institutosantosdumont.org.br\/es\/wp-json\/wp\/v2\/users\/10"}],"replies":[{"embeddable":true,"href":"https:\/\/institutosantosdumont.org.br\/es\/wp-json\/wp\/v2\/comments?post=34893"}],"version-history":[{"count":2,"href":"https:\/\/institutosantosdumont.org.br\/es\/wp-json\/wp\/v2\/posts\/34893\/revisions"}],"predecessor-version":[{"id":34896,"href":"https:\/\/institutosantosdumont.org.br\/es\/wp-json\/wp\/v2\/posts\/34893\/revisions\/34896"}],"wp:featuredmedia":[{"embeddable":true,"href":"https:\/\/institutosantosdumont.org.br\/es\/wp-json\/wp\/v2\/media\/34894"}],"wp:attachment":[{"href":"https:\/\/institutosantosdumont.org.br\/es\/wp-json\/wp\/v2\/media?parent=34893"}],"wp:term":[{"taxonomy":"category","embeddable":true,"href":"https:\/\/institutosantosdumont.org.br\/es\/wp-json\/wp\/v2\/categories?post=34893"},{"taxonomy":"post_tag","embeddable":true,"href":"https:\/\/institutosantosdumont.org.br\/es\/wp-json\/wp\/v2\/tags?post=34893"}],"curies":[{"name":"wp","href":"https:\/\/api.w.org\/{rel}","templated":true}]}}