{"id":35858,"date":"2026-09-03T15:48:16","date_gmt":"2026-09-03T18:48:16","guid":{"rendered":"https:\/\/institutosantosdumont.org.br\/?p=35858"},"modified":"2026-09-03T16:42:12","modified_gmt":"2026-09-03T19:42:12","slug":"preceptoras-e-residente-do-isd-participam-da-jornada-academica-de-fonoaudiologia-na-ufrn","status":"publish","type":"post","link":"https:\/\/institutosantosdumont.org.br\/es\/preceptoras-e-residente-do-isd-participam-da-jornada-academica-de-fonoaudiologia-na-ufrn\/","title":{"rendered":"Los tutores y residentes del ISD participan en la Conferencia Acad\u00e9mica de Terapia del Habla en la UFRN."},"content":{"rendered":"<p><span style=\"font-weight: 400;\">Profesionales y residentes del Instituto Santos Dumont (ISD) participaron en la X Conferencia Acad\u00e9mica de Terapia del Habla (JAFON), promovida por la Universidad Federal de Rio Grande do Norte (UFRN). El evento reuni\u00f3 a estudiantes y profesionales del campo para analizar diferentes posibilidades en la pr\u00e1ctica de la terapia del habla y compartir experiencias en atenci\u00f3n e investigaci\u00f3n.\u00a0<\/span><\/p>\n<p><span style=\"font-weight: 400;\">La participaci\u00f3n del ISD en la Conferencia puso de relieve las experiencias desarrolladas en diferentes l\u00edneas de atenci\u00f3n y reforz\u00f3 la integraci\u00f3n entre la docencia y el servicio en la formaci\u00f3n de profesionales para trabajar en el Sistema \u00danico de Salud (SUS).\u00a0<\/span><\/p>\n<p><span style=\"font-weight: 400;\">En esa ocasi\u00f3n, las tutoras de patolog\u00eda del habla y el lenguaje Nyara Aguiar, Ana Carolina Dantas y Gizele Nascimento, junto con la residente La\u00eds Alves, participaron en el evento, presentando trabajos desarrollados a partir de las experiencias adquiridas en los servicios y proyectos del Instituto.<\/span><\/p>\n<p><span style=\"font-weight: 400;\">Como parte del programa del evento, la preceptora de patolog\u00eda del habla y el lenguaje, Gizele Nascimento, particip\u00f3 en la mesa redonda &quot;Retos para el trabajo en red en el SUS (Sistema \u00danico de Salud) de Brasil&quot;. Comparti\u00f3 su experiencia con la tutor\u00eda en programas de residencia como una herramienta para integrar la docencia, el servicio y la atenci\u00f3n m\u00e9dica, as\u00ed como un espacio para la formaci\u00f3n de profesionales para el SUS.\u00a0<\/span><\/p>\n<p><span style=\"font-weight: 400;\">\u201cLa tutor\u00eda es un espacio de integraci\u00f3n entre la ense\u00f1anza, el servicio y la atenci\u00f3n. La formaci\u00f3n del residente se desarrolla en la rutina laboral diaria, a trav\u00e9s de la experiencia, la supervisi\u00f3n y el fomento de la autonom\u00eda. Es dentro de este proceso que el residente aprende, asume responsabilidades y se prepara para el trabajo colaborativo en el Sistema Unificado de Salud\u201d, explica el tutor.\u00a0<\/span><\/p>\n<p><span style=\"font-weight: 400;\">En el debate tambi\u00e9n se abord\u00f3 la importancia de la coordinaci\u00f3n entre los distintos puntos de la red de atenci\u00f3n sanitaria. La integraci\u00f3n entre servicios y profesionales es fundamental para garantizar la continuidad de la atenci\u00f3n y permitir que la logopedia contribuya en los diferentes niveles de atenci\u00f3n dentro del Sistema \u00danico de Salud (SUS) de Brasil.<\/span><\/p>\n<p><b>Acerca del distrito escolar independiente<\/b><\/p>\n<p><span style=\"font-weight: 400;\">El Instituto Santos Dumont (ISD) es una Organizaci\u00f3n Social del Poder Ejecutivo Federal, supervisada por el Ministerio de Educaci\u00f3n, con la intervenci\u00f3n del Ministerio de Deportes. Abarca el Instituto Internacional de Neurociencias Edmond y Lily Safra y el Centro de Educaci\u00f3n e Investigaci\u00f3n en Salud Anita Garibaldi, ambos ubicados en Maca\u00edba. La misi\u00f3n del ISD es promover la educaci\u00f3n para la vida, formando ciudadanos mediante actividades integradas de docencia, investigaci\u00f3n y extensi\u00f3n, adem\u00e1s de contribuir a una transformaci\u00f3n m\u00e1s justa y humana de la realidad social brasile\u00f1a.\u00a0<\/span><\/p>","protected":false},"excerpt":{"rendered":"<p>Profissionais e residente do Instituto Santos Dumont (ISD) participaram da X Jornada Acad\u00eamica de Fonoaudiologia (JAFON), promovida pela Universidade Federal do Rio Grande do Norte (UFRN). O evento reuniu estudantes e profissionais da \u00e1rea para discutir diferentes possibilidades de atua\u00e7\u00e3o da fonoaudiologia e compartilhar experi\u00eancias de assist\u00eancia e pesquisa.\u00a0 A participa\u00e7\u00e3o do ISD na Jornada [&hellip;]<\/p>","protected":false},"author":20,"featured_media":35861,"comment_status":"closed","ping_status":"closed","sticky":false,"template":"","format":"standard","meta":{"_acf_changed":false,"footnotes":""},"categories":[407,1,259,8,10],"tags":[],"class_list":["post-35858","post","type-post","status-publish","format-standard","has-post-thumbnail","hentry","category-ceps-pt","category-destaque_noticia","category-educacao-saude","category-ensino","category-pesquisa"],"acf":[],"_links":{"self":[{"href":"https:\/\/institutosantosdumont.org.br\/es\/wp-json\/wp\/v2\/posts\/35858","targetHints":{"allow":["GET"]}}],"collection":[{"href":"https:\/\/institutosantosdumont.org.br\/es\/wp-json\/wp\/v2\/posts"}],"about":[{"href":"https:\/\/institutosantosdumont.org.br\/es\/wp-json\/wp\/v2\/types\/post"}],"author":[{"embeddable":true,"href":"https:\/\/institutosantosdumont.org.br\/es\/wp-json\/wp\/v2\/users\/20"}],"replies":[{"embeddable":true,"href":"https:\/\/institutosantosdumont.org.br\/es\/wp-json\/wp\/v2\/comments?post=35858"}],"version-history":[{"count":2,"href":"https:\/\/institutosantosdumont.org.br\/es\/wp-json\/wp\/v2\/posts\/35858\/revisions"}],"predecessor-version":[{"id":35862,"href":"https:\/\/institutosantosdumont.org.br\/es\/wp-json\/wp\/v2\/posts\/35858\/revisions\/35862"}],"wp:featuredmedia":[{"embeddable":true,"href":"https:\/\/institutosantosdumont.org.br\/es\/wp-json\/wp\/v2\/media\/35861"}],"wp:attachment":[{"href":"https:\/\/institutosantosdumont.org.br\/es\/wp-json\/wp\/v2\/media?parent=35858"}],"wp:term":[{"taxonomy":"category","embeddable":true,"href":"https:\/\/institutosantosdumont.org.br\/es\/wp-json\/wp\/v2\/categories?post=35858"},{"taxonomy":"post_tag","embeddable":true,"href":"https:\/\/institutosantosdumont.org.br\/es\/wp-json\/wp\/v2\/tags?post=35858"}],"curies":[{"name":"wp","href":"https:\/\/api.w.org\/{rel}","templated":true}]}}