{"id":9773,"date":"2017-03-14T11:40:35","date_gmt":"2017-03-14T14:40:35","guid":{"rendered":"http:\/\/www.institutosantosdumont.org.br\/?p=9773"},"modified":"2017-03-14T11:40:35","modified_gmt":"2017-03-14T14:40:35","slug":"isd-amplia-parceria-ufrn","status":"publish","type":"post","link":"https:\/\/institutosantosdumont.org.br\/es\/isd-amplia-parceria-ufrn\/","title":{"rendered":"El Instituto Santos Dumont (ISD) ampl\u00eda su alianza con la UFRN"},"content":{"rendered":"<h2>El Instituto Santos Dumont (ISD) ampl\u00eda su alianza con la UFRN<\/h2>\n<p><em>13\/03\/2017<\/em><\/p>\n<p><em>Texto: Ascom ISD y Ascom UFRN<\/em><\/p>\n<p><em>Fotos: Luiz Paulo Juttel \/ Ascom ISD<\/em><\/p>\n<p>&nbsp;<\/p>\n<p>EL<strong> Instituto Santos Dumont (ISD)<\/strong> fortaleci\u00f3, este jueves 9\/3, la cooperaci\u00f3n institucional con uno de sus principales socios, el<strong> Universidad Federal de Rio Grande do Norte (UFRN)<\/strong>. Durante el encuentro, la rectora de la UFRN, \u00c2ngela Maria Paiva Cruz, y el <strong>Director General del ISD, Theodoro Paraschiva<\/strong>, firmaron un convenio para implementar acciones integradas de docencia, investigaci\u00f3n y extensi\u00f3n.<\/p>\n<p>El documento de colaboraci\u00f3n aborda el fortalecimiento de la integraci\u00f3n docencia-servicio-comunidad en las unidades que conforman el DSI. Esto fortalece la interacci\u00f3n entre instituciones, abarcando actividades acad\u00e9micas para estudiantes de pregrado y formaci\u00f3n en servicio para estudiantes de residencias m\u00e9dicas y multidisciplinarias de profesiones de la salud, as\u00ed como proyectos de extensi\u00f3n y cooperaci\u00f3n en programas de posgrado. <em>sentido estricto<\/em>.<\/p>\n<figure id=\"attachment_9779\" aria-describedby=\"caption-attachment-9779\" style=\"width: 500px\" class=\"wp-caption aligncenter\"><img fetchpriority=\"high\" decoding=\"async\" class=\"wp-image-9779\" src=\"https:\/\/institutosantosdumont.org.br\/wp-content\/uploads\/Conv\u00eanio-ISD-e-UFRN.-Cr\u00e9dito-Luiz-Paulo-Juttel-300x211.jpg\" alt=\"Reitora da UFRN, \u00c2ngela Maria Paiva Cruz, assina conv\u00eanio durante encontro com diretores do ISD.\" width=\"500\" height=\"352\" \/><figcaption id=\"caption-attachment-9779\" class=\"wp-caption-text\">La rectora de la UFRN, \u00c2ngela Maria Paiva Cruz, firma un acuerdo durante una reuni\u00f3n con directores del ISD.<\/figcaption><\/figure>\n<p>El nuevo acuerdo de cooperaci\u00f3n institucional tambi\u00e9n formaliza y regula la integraci\u00f3n entre el ISD y la Escuela Agr\u00edcola de Jundia\u00ed (EAJ), con el objetivo de viabilizar el Proyecto de Equinoterapia Potiguar, que ofrece servicios a ni\u00f1os con Trastorno del Espectro Autista usuarios del Sistema \u00danico de Salud. El proyecto se lleva a cabo mediante una asociaci\u00f3n entre la UFRN y el Centro de Rehabilitaci\u00f3n Especializada del Centro de Educaci\u00f3n e Investigaci\u00f3n en Salud Anita Garibaldi (CEPS), unidad que forma parte del ISD.<\/p>\n<p>La Escuela de Ciencias M\u00e9dicas Multicampi (EMCM), los Programas de Residencia M\u00e9dica en Pediatr\u00eda del Hospital Universitario Onofre Lopes y en Ginecolog\u00eda y Obstetricia de la Maternidad Escuela Janu\u00e1rio Cicco, as\u00ed como la innovadora Maestr\u00eda Profesional en Educaci\u00f3n en Salud, son ejemplos de alianzas existentes. Para el rector de la UFRN, estas acciones ya muestran el potencial de colaboraci\u00f3n entre la Universidad y el Instituto.<\/p>\n<p>El director general del ISD afirm\u00f3 que la firma del nuevo convenio con la UFRN representa \u201cel fortalecimiento de una asociaci\u00f3n exitosa entre dos instituciones que comparten el compromiso con la justicia social, la democracia y la ciudadan\u00eda\u201d.<\/p>\n<p>EL <strong>profesor de la UFRN y director de Ense\u00f1anza e Investigaci\u00f3n del ISD, Reginaldo Freitas J\u00fanior<\/strong>, reitera que el nuevo acuerdo supone un importante paso adelante en las relaciones entre ambas instituciones. La UFRN es uno de los principales socios del Instituto Santos Dumont. Este acuerdo legitima las m\u00faltiples interfaces de acci\u00f3n ya existentes y ampl\u00eda el potencial de integraci\u00f3n para ejercer la responsabilidad social en la docencia, la investigaci\u00f3n y la extensi\u00f3n en ambas instituciones.<\/p>\n<p>El Instituto Santos Dumont act\u00faa en la regi\u00f3n Nordeste de Brasil en las \u00e1reas de educaci\u00f3n, salud maternoinfantil, neurociencia y neuroingenier\u00eda, y es una persona jur\u00eddica de derecho privado, calificada como Organizaci\u00f3n Social (OS) desde 2014. El ISD desarrolla sus actividades a trav\u00e9s de un contrato de gesti\u00f3n con el Ministerio de Educaci\u00f3n (MEC), actuando en las \u00e1reas de educaci\u00f3n, salud maternoinfantil, neurociencia y neuroingenier\u00eda.<\/p>","protected":false},"excerpt":{"rendered":"<p>Instituto Santos Dumont (ISD) amplia parceria com UFRN 13\/03\/2017 Texto: Ascom ISD e Ascom UFRN Fotos: Luiz Paulo Juttel \/ Ascom ISD &nbsp; O Instituto Santos Dumont (ISD) fortaleceu, nesta quinta-feira, 9\/3, a coopera\u00e7\u00e3o institucional com um dos seus principais parceiros, a Universidade Federal do Rio Grande do Norte (UFRN). Durante reuni\u00e3o, a reitora da [&hellip;]<\/p>","protected":false},"author":1,"featured_media":9774,"comment_status":"closed","ping_status":"closed","sticky":false,"template":"","format":"standard","meta":{"_acf_changed":false,"footnotes":""},"categories":[1],"tags":[],"class_list":["post-9773","post","type-post","status-publish","format-standard","has-post-thumbnail","hentry","category-destaque_noticia"],"acf":[],"_links":{"self":[{"href":"https:\/\/institutosantosdumont.org.br\/es\/wp-json\/wp\/v2\/posts\/9773","targetHints":{"allow":["GET"]}}],"collection":[{"href":"https:\/\/institutosantosdumont.org.br\/es\/wp-json\/wp\/v2\/posts"}],"about":[{"href":"https:\/\/institutosantosdumont.org.br\/es\/wp-json\/wp\/v2\/types\/post"}],"author":[{"embeddable":true,"href":"https:\/\/institutosantosdumont.org.br\/es\/wp-json\/wp\/v2\/users\/1"}],"replies":[{"embeddable":true,"href":"https:\/\/institutosantosdumont.org.br\/es\/wp-json\/wp\/v2\/comments?post=9773"}],"version-history":[{"count":0,"href":"https:\/\/institutosantosdumont.org.br\/es\/wp-json\/wp\/v2\/posts\/9773\/revisions"}],"wp:featuredmedia":[{"embeddable":true,"href":"https:\/\/institutosantosdumont.org.br\/es\/wp-json\/"}],"wp:attachment":[{"href":"https:\/\/institutosantosdumont.org.br\/es\/wp-json\/wp\/v2\/media?parent=9773"}],"wp:term":[{"taxonomy":"category","embeddable":true,"href":"https:\/\/institutosantosdumont.org.br\/es\/wp-json\/wp\/v2\/categories?post=9773"},{"taxonomy":"post_tag","embeddable":true,"href":"https:\/\/institutosantosdumont.org.br\/es\/wp-json\/wp\/v2\/tags?post=9773"}],"curies":[{"name":"wp","href":"https:\/\/api.w.org\/{rel}","templated":true}]}}